{"id":665741,"date":"2026-09-04T00:03:17","date_gmt":"2026-09-04T00:03:17","guid":{"rendered":"https:\/\/www.europesays.com\/pl\/665741\/"},"modified":"2026-09-04T00:03:17","modified_gmt":"2026-09-04T00:03:17","slug":"vila-otworzyla-pierwszy-sklep-w-polsce-dunska-marka-rusza-na-podboj-rynku","status":"publish","type":"post","link":"https:\/\/www.europesays.com\/pl\/665741\/","title":{"rendered":"VILA otworzy\u0142a pierwszy sklep w Polsce. Du\u0144ska marka rusza na podb\u00f3j rynku"},"content":{"rendered":"<p>Do tej pory polskie klientki mog\u0142y zna\u0107 VILA przede wszystkim z zakup\u00f3w internetowych. Teraz marka postanowi\u0142a zrobi\u0107 kolejny krok i pojawi\u0107 si\u0119 w popularnych centrach handlowych. Wyb\u00f3r pad\u0142 na <a href=\"https:\/\/www.fakt.pl\/wydarzenia\/polska\/poznan\" id=\"85a344c1-86b2-4d04-b171-26c80ada144c\" rel=\"nofollow noopener\" target=\"_blank\">Pozna\u0144<\/a>, ale plany firmy s\u0105 znacznie szersze.Dalszy ci\u0105g artyku\u0142u pod materia\u0142em wideoVILA w Polsce. Pierwszy sklep du\u0144skiej marki otwarto w Poznaniu<a href=\"https:\/\/www.fakt.pl\/\" title=\"Strona G\u0142\u00f3wna\" aria-label=\"Strona G\u0142\u00f3wna\" data-astro-prefetch=\"tap\" class=\"ods-a-logo-main-desktop\" rel=\"nofollow noopener\" target=\"_blank\"><img src=\"https:\/\/cdn.fakt.pl\/img\/Logo_desktop_Fakt.svg\" class=\"ods-a-logo-main-desktop__image\" alt=\"Logo\" width=\"107\" height=\"86\" fetchpriority=\"high\" decoding=\"sync\" style=\"height:86px\"\/><\/a><\/p>\n<p class=\"ods-m-google-article__text\">Czytaj nas cz\u0119\u015bciej w Google<\/p>\n<p><a href=\"https:\/\/google.com\/preferences\/source?q=fakt.pl\" target=\"_blank\" rel=\"noopener noreferrer nofollow\" aria-label=\"Dodaj w Google\" title=\"Dodaj w Google\" class=\"ods-a-button ods-a-button__primary ods-a-button__default ods-a-button-l\">Dodaj w Google<\/a><\/p>\n<p>Salon VILA w centrum handlowym Posnania ma 115 mkw. powierzchni. W sklepie znalaz\u0142y si\u0119 przede wszystkim jesienne propozycje marki oraz wybrane ubrania z kategorii basics, czyli uniwersalne elementy garderoby, kt\u00f3re mo\u017cna \u0142atwo \u0142\u0105czy\u0107 z innymi stylizacjami.<\/p>\n<p>Stacjonarny debiut ma by\u0107 dla VILA sposobem na zaoferowanie polskim klientkom pe\u0142niejszego do\u015bwiadczenia marki. Dotychczas firma rozwija\u0142a w Polsce przede wszystkim sprzeda\u017c internetow\u0105, m.in. za po\u015brednictwem platformy Zalando.<\/p>\n<p><a href=\"https:\/\/www.fakt.pl\/pieniadze\/solidarnosc-wzywa-do-wysylania-paragonow-chce-walczyc-z-handlem-w-niedziele\/vc69jmt\" id=\"5709b5e3-7f42-4dc3-99a7-146c387b2e9e\" rel=\"nofollow noopener\" target=\"_blank\">&#8222;Solidarno\u015b\u0107&#8221; bierze si\u0119 za handel w niedziel\u0119. Wzywa do udzia\u0142u w akcji<\/a><\/p>\n<p>Simon Khong Harbjerg, Brand Director w VILA, podkre\u015bla, \u017ce Polska jest dla firmy wa\u017cnym i perspektywicznym rynkiem. Jak zaznacza, marka chce z czasem zbudowa\u0107 tutaj znacz\u0105c\u0105 obecno\u015b\u0107.<\/p>\n<p>Du\u0144ska marka otworzy kolejne sklepy? VILA prowadzi rozmowy<\/p>\n<p>Pozna\u0144ski salon nie ma by\u0107 pojedynczym eksperymentem. VILA analizuje kolejne miejsca, w kt\u00f3rych mog\u0142yby powsta\u0107 jej sklepy. Firma prowadzi rozmowy z w\u0142a\u015bcicielami 10 najwa\u017cniejszych centr\u00f3w handlowych w Polsce.<\/p>\n<p>Oznacza to, \u017ce w najbli\u017cszym czasie na rynku mog\u0105 pojawi\u0107 si\u0119 kolejne salony du\u0144skiej marki. Konkretne miasta nie zosta\u0142y jednak jeszcze wskazane. Firma deklaruje natomiast, \u017ce jej ambicj\u0105 jest zdecydowane zwi\u0119kszanie obecno\u015bci w Polsce.<\/p>\n<p><a href=\"https:\/\/www.fakt.pl\/pieniadze\/rossmann-rozdaje-bizuterie-za-zakupy-sprawdz-jak-zdobyc-prezent\/5w5pdn8\" id=\"5de15070-da02-47d2-825f-91d42204a177\" rel=\"nofollow noopener\" target=\"_blank\">Rossmann rozdaje bi\u017cuteri\u0119 za darmo. Sprawd\u017a, co trzeba kupi\u0107, by j\u0105 dosta\u0107<\/a><\/p>\n<p>VILA powsta\u0142a w 1994 roku i jest cz\u0119\u015bci\u0105 du\u0144skiej grupy BESTSELLER. Marka rozwija sprzeda\u017c zar\u00f3wno online, jak i poprzez sklepy stacjonarne, koncepty shop-in-shop oraz oko\u0142o 50 showroom\u00f3w w Europie. Jej produkty s\u0105 dost\u0119pne w ponad 2 tys. sklep\u00f3w detalicznych i multibrandowych na 16 rynkach.<\/p>\n<p>Polska jest kolejnym etapem mi\u0119dzynarodowej ekspansji VILA. Po otwarciu w Poznaniu marka prowadzi sklepy stacjonarne ju\u017c w 13 krajach. Firma chce jednocze\u015bnie rozwija\u0107 dzia\u0142alno\u015b\u0107 w Polsce oraz innych pa\u0144stwach Europy Wschodniej.<\/p>\n<p>VILA nie jest pierwsz\u0105 du\u0144sk\u0105 mark\u0105, kt\u00f3ra w 2026 roku postawi\u0142a na polski rynek. W marcu zadebiutowa\u0142a tu r\u00f3wnie\u017c lifestyle&#8217;owa sie\u0107 S\u00f8strene Grene. Po otwarciu dw\u00f3ch warszawskich sklep\u00f3w zapowiedzia\u0142a dalsz\u0105 ekspansj\u0119, m.in. we Wroc\u0142awiu i Katowicach. Wszystko wskazuje wi\u0119c na to, \u017ce du\u0144skie marki coraz \u015bmielej spogl\u0105daj\u0105 w stron\u0119 polskich klient\u00f3w.<\/p>\n<p>\u0179r\u00f3d\u0142o: wiadomoscihandlowe.pl<\/p>\n","protected":false},"excerpt":{"rendered":"Do tej pory polskie klientki mog\u0142y zna\u0107 VILA przede wszystkim z zakup\u00f3w internetowych. Teraz marka postanowi\u0142a zrobi\u0107 kolejny&hellip;\n","protected":false},"author":2,"featured_media":665742,"comment_status":"","ping_status":"","sticky":false,"template":"","format":"standard","meta":{"footnotes":"","_share_on_mastodon":"0"},"categories":[16],"tags":[113,61195,112,2787,46,129381,504,42,38,40,39,41,47,2777,111182,2879],"class_list":["post-665741","post","type-post","status-publish","format-standard","has-post-thumbnail","category-biznes","tag-biznes","tag-bottomfeed_styl","tag-business","tag-dania","tag-omp","tag-omp_tst4","tag-pieniadze","tag-pl","tag-poland","tag-polish","tag-polska","tag-polski","tag-screening_general","tag-sklep","tag-topbar_tst1","tag-zakupy"],"share_on_mastodon":{"url":"https:\/\/pubeurope.com\/@pl\/117209846573263337","error":""},"_links":{"self":[{"href":"https:\/\/www.europesays.com\/pl\/wp-json\/wp\/v2\/posts\/665741","targetHints":{"allow":["GET"]}}],"collection":[{"href":"https:\/\/www.europesays.com\/pl\/wp-json\/wp\/v2\/posts"}],"about":[{"href":"https:\/\/www.europesays.com\/pl\/wp-json\/wp\/v2\/types\/post"}],"author":[{"embeddable":true,"href":"https:\/\/www.europesays.com\/pl\/wp-json\/wp\/v2\/users\/2"}],"replies":[{"embeddable":true,"href":"https:\/\/www.europesays.com\/pl\/wp-json\/wp\/v2\/comments?post=665741"}],"version-history":[{"count":0,"href":"https:\/\/www.europesays.com\/pl\/wp-json\/wp\/v2\/posts\/665741\/revisions"}],"wp:featuredmedia":[{"embeddable":true,"href":"https:\/\/www.europesays.com\/pl\/wp-json\/wp\/v2\/media\/665742"}],"wp:attachment":[{"href":"https:\/\/www.europesays.com\/pl\/wp-json\/wp\/v2\/media?parent=665741"}],"wp:term":[{"taxonomy":"category","embeddable":true,"href":"https:\/\/www.europesays.com\/pl\/wp-json\/wp\/v2\/categories?post=665741"},{"taxonomy":"post_tag","embeddable":true,"href":"https:\/\/www.europesays.com\/pl\/wp-json\/wp\/v2\/tags?post=665741"}],"curies":[{"name":"wp","href":"https:\/\/api.w.org\/{rel}","templated":true}]}}