{"id":665755,"date":"2026-09-04T00:16:26","date_gmt":"2026-09-04T00:16:26","guid":{"rendered":"https:\/\/www.europesays.com\/pl\/665755\/"},"modified":"2026-09-04T00:16:26","modified_gmt":"2026-09-04T00:16:26","slug":"zuzlowy-hit-w-niedziele-orlen-oil-motor-i-pres-grupa-deweloperska-torun-podaly-awizowane-sklady","status":"publish","type":"post","link":"https:\/\/www.europesays.com\/pl\/665755\/","title":{"rendered":"\u017bu\u017clowy hit w niedziel\u0119. Orlen Oil Motor i PRES Grupa Deweloperska Toru\u0144 poda\u0142y awizowane sk\u0142ady"},"content":{"rendered":"<p>Starcie mistrza z wicemistrzem Polski z ca\u0142\u0105 pewno\u015bci\u0105 b\u0119dzie elektryzowa\u0107 kibic\u00f3w nie tylko w Lublinie i Toruniu. Podopieczni trenera Macieja Kuciapy rzutem na ta\u015bm\u0119 dostali si\u0119 do fazy play-off, ale nie zamierzaj\u0105 sk\u0142ada\u0107 broni w walce o kolejny z\u0142oty medal. Chrapk\u0119 na obron\u0119 pierwszego miejsca maj\u0105 tak\u017ce Torunianie, dlatego niedzielne spotkanie na torze przy Alejach Zygmuntowskich zapowiada si\u0119 pasjonuj\u0105co.<\/p>\n<p>W czwartkowe popo\u0142udnie obie dru\u017cyny poda\u0142y awizowane sk\u0142ady. Go\u015bcie nie dokonali \u017cadnych zmian, a w sk\u0142adzie Motoru pojawi\u0142 si\u0119 Micha\u0142 Psiuk. Wydaje si\u0119 jednak, \u017ce w dniu meczu mo\u017ce zast\u0105pi\u0107 go Bartosz Jaworski.\u00a0<\/p>\n<p>Awizowane sk\u0142ady<img loading=\"lazy\" decoding=\"async\" style=\"aspect-ratio:1600\/2000;\" src=\"https:\/\/www.europesays.com\/pl\/wp-content\/uploads\/2026\/09\/motoq.jpg\" width=\"1600\" height=\"2000\"\/><\/p>\n<p>\u00a0<\/p>\n<p>\u00a0<\/p>\n<p>\u00a0<\/p>\n<p>\u00a0<\/p>\n<p>\u00a0<\/p>\n<p>\u00a0<\/p>\n<p>\u00a0<\/p>\n<p>\u00a0<\/p>\n<p>\u00a0<\/p>\n<p>\u00a0<\/p>\n<p>\u00a0<\/p>\n<p>\u00a0<\/p>\n<p>\u00a0<\/p>\n<p>\u00a0<\/p>\n<p>\u00a0<\/p>\n<p>\u00a0<\/p>\n<p>\u00a0<\/p>\n<p>\u00a0<\/p>\n<p>\u00a0<\/p>\n<p>\u00a0<\/p>\n<p>\u00a0<\/p>\n<p>\u00a0<\/p>\n<p>\u00a0<\/p>\n<p>\u00a0<\/p>\n<p>Orlen Oil Motor: 9. Martin Vaculik * 10. Fredrik Lindgren * 11. Kacper Woryna * 12. Mateusz Cierniak * 13. Bartosz Zmarzlik * 14. Bartosz Ba\u0144bor * 15. Micha\u0142 Psiuk.<\/p>\n<p>PRES Grupa Deweloperska: 1. Patryk Dudek * 2. Robert Lambert * 3. Norick Bloedorn * 4. Mikkel Michelsen * 5. Emil Sajfutdinow * 6. Antoni Kawczy\u0144ski * 7. Miko\u0142aj Duchi\u0144ski.<\/p>\n","protected":false},"excerpt":{"rendered":"Starcie mistrza z wicemistrzem Polski z ca\u0142\u0105 pewno\u015bci\u0105 b\u0119dzie elektryzowa\u0107 kibic\u00f3w nie tylko w Lublinie i Toruniu. Podopieczni&hellip;\n","protected":false},"author":2,"featured_media":665756,"comment_status":"","ping_status":"","sticky":false,"template":"","format":"standard","meta":{"footnotes":"","_share_on_mastodon":"0"},"categories":[52097],"tags":[100805,774,2164,1334,42,38,40,39,41,174],"class_list":["post-665755","post","type-post","status-publish","format-standard","has-post-thumbnail","category-orlen","tag-lubelski-zuzel","tag-orlen","tag-orlen-oil-motor-lublin","tag-pge-ekstraliga","tag-pl","tag-poland","tag-polish","tag-polska","tag-polski","tag-zuzel"],"share_on_mastodon":{"url":"https:\/\/pubeurope.com\/@pl\/117209896594993730","error":""},"_links":{"self":[{"href":"https:\/\/www.europesays.com\/pl\/wp-json\/wp\/v2\/posts\/665755","targetHints":{"allow":["GET"]}}],"collection":[{"href":"https:\/\/www.europesays.com\/pl\/wp-json\/wp\/v2\/posts"}],"about":[{"href":"https:\/\/www.europesays.com\/pl\/wp-json\/wp\/v2\/types\/post"}],"author":[{"embeddable":true,"href":"https:\/\/www.europesays.com\/pl\/wp-json\/wp\/v2\/users\/2"}],"replies":[{"embeddable":true,"href":"https:\/\/www.europesays.com\/pl\/wp-json\/wp\/v2\/comments?post=665755"}],"version-history":[{"count":0,"href":"https:\/\/www.europesays.com\/pl\/wp-json\/wp\/v2\/posts\/665755\/revisions"}],"wp:featuredmedia":[{"embeddable":true,"href":"https:\/\/www.europesays.com\/pl\/wp-json\/wp\/v2\/media\/665756"}],"wp:attachment":[{"href":"https:\/\/www.europesays.com\/pl\/wp-json\/wp\/v2\/media?parent=665755"}],"wp:term":[{"taxonomy":"category","embeddable":true,"href":"https:\/\/www.europesays.com\/pl\/wp-json\/wp\/v2\/categories?post=665755"},{"taxonomy":"post_tag","embeddable":true,"href":"https:\/\/www.europesays.com\/pl\/wp-json\/wp\/v2\/tags?post=665755"}],"curies":[{"name":"wp","href":"https:\/\/api.w.org\/{rel}","templated":true}]}}