{"id":665757,"date":"2026-09-04T00:17:16","date_gmt":"2026-09-04T00:17:16","guid":{"rendered":"https:\/\/www.europesays.com\/pl\/665757\/"},"modified":"2026-09-04T00:17:16","modified_gmt":"2026-09-04T00:17:16","slug":"jakie-sa-aktualne-odczyty-stacji-pomiarowych-w-bialymstoku-zobacz-wyniki-z-4-09-2026","status":"publish","type":"post","link":"https:\/\/www.europesays.com\/pl\/665757\/","title":{"rendered":"Jakie s\u0105 aktualne odczyty stacji pomiarowych w Bia\u0142ymstoku? Zobacz wyniki z 4.09.2026"},"content":{"rendered":"<p><img decoding=\"async\" loading=\"eager\" fetchpriority=\"high\" class=\"atomsArticleGalleryImage__mainImg\" src=\"https:\/\/www.europesays.com\/pl\/wp-content\/uploads\/2026\/09\/il20251203_951545705_medium.jpg\" alt=\"Nie wychod&#x17A; z domu bez sprawdzenia, czy w Bia&#x142;ymstoku jest smog\" width=\"1600\" height=\"1063\"\/><\/p>\n<p>\n        Nie wychod\u017a z domu bez sprawdzenia, czy w Bia\u0142ymstoku jest smog<\/p>\n<p>          fot. Adam Wojnar\n        <\/p>\n<p>Smog Bia\u0142ystok: 4.09.2026. Ile wynosi PM10 i PM2.5? Sprawd\u017a, czy w pi\u0105tek przebywanie na zewn\u0105trz jest bezpieczne dla zdrowia. Por\u00f3wnaj, jakie by\u0142o powietrze w Bia\u0142ymstoku w ostatnich dniach. Zawroty g\u0142owy to cz\u0119sty objaw zbyt d\u0142ugiego wdychania zanieczyszczonego powietrza.<\/p>\n","protected":false},"excerpt":{"rendered":"Nie wychod\u017a z domu bez sprawdzenia, czy w Bia\u0142ymstoku jest smog fot. Adam Wojnar Smog Bia\u0142ystok: 4.09.2026. Ile&hellip;\n","protected":false},"author":2,"featured_media":665758,"comment_status":"","ping_status":"","sticky":false,"template":"","format":"standard","meta":{"footnotes":"","_share_on_mastodon":"0"},"categories":[51614],"tags":[2151,42,78,38,40,39,41,101834,43824],"class_list":["post-665757","post","type-post","status-publish","format-standard","has-post-thumbnail","category-bialystok","tag-bialystok","tag-pl","tag-pogoda","tag-poland","tag-polish","tag-polska","tag-polski","tag-smog-bialystok","tag-zanieczyszczenie-powietrza"],"share_on_mastodon":{"url":"https:\/\/pubeurope.com\/@pl\/117209900353241407","error":""},"_links":{"self":[{"href":"https:\/\/www.europesays.com\/pl\/wp-json\/wp\/v2\/posts\/665757","targetHints":{"allow":["GET"]}}],"collection":[{"href":"https:\/\/www.europesays.com\/pl\/wp-json\/wp\/v2\/posts"}],"about":[{"href":"https:\/\/www.europesays.com\/pl\/wp-json\/wp\/v2\/types\/post"}],"author":[{"embeddable":true,"href":"https:\/\/www.europesays.com\/pl\/wp-json\/wp\/v2\/users\/2"}],"replies":[{"embeddable":true,"href":"https:\/\/www.europesays.com\/pl\/wp-json\/wp\/v2\/comments?post=665757"}],"version-history":[{"count":0,"href":"https:\/\/www.europesays.com\/pl\/wp-json\/wp\/v2\/posts\/665757\/revisions"}],"wp:featuredmedia":[{"embeddable":true,"href":"https:\/\/www.europesays.com\/pl\/wp-json\/wp\/v2\/media\/665758"}],"wp:attachment":[{"href":"https:\/\/www.europesays.com\/pl\/wp-json\/wp\/v2\/media?parent=665757"}],"wp:term":[{"taxonomy":"category","embeddable":true,"href":"https:\/\/www.europesays.com\/pl\/wp-json\/wp\/v2\/categories?post=665757"},{"taxonomy":"post_tag","embeddable":true,"href":"https:\/\/www.europesays.com\/pl\/wp-json\/wp\/v2\/tags?post=665757"}],"curies":[{"name":"wp","href":"https:\/\/api.w.org\/{rel}","templated":true}]}}