{"id":665765,"date":"2026-09-04T00:22:24","date_gmt":"2026-09-04T00:22:24","guid":{"rendered":"https:\/\/www.europesays.com\/pl\/665765\/"},"modified":"2026-09-04T00:22:24","modified_gmt":"2026-09-04T00:22:24","slug":"jakie-stezenia-zanieczyszczen-odnotowano-w-gdansku-aktualizacja-na-4-09-2026","status":"publish","type":"post","link":"https:\/\/www.europesays.com\/pl\/665765\/","title":{"rendered":"Jakie st\u0119\u017cenia zanieczyszcze\u0144 odnotowano w Gda\u0144sku? Aktualizacja na 4.09.2026"},"content":{"rendered":"<p><img decoding=\"async\" loading=\"eager\" fetchpriority=\"high\" class=\"atomsArticleGalleryImage__mainImg\" src=\"https:\/\/www.europesays.com\/pl\/wp-content\/uploads\/2026\/09\/1788481344_964_il20251203_951545811_medium.jpg\" alt=\"Sprawd&#x17A; aktualne st&#x119;&#x17C;enie PM10 i PM2.5 w Gda&#x144;sku\" width=\"1600\" height=\"1062\"\/><\/p>\n<p>\n        Sprawd\u017a aktualne st\u0119\u017cenie PM10 i PM2.5 w Gda\u0144sku<\/p>\n<p>          fot. Adam Wojnar\n        <\/p>\n<p>Czy 4.09.2026 w Gda\u0144sku jest smog? Podajemy aktualny poziom PM10 i PM2.5. Sprawd\u017a, czy przebywanie na zewn\u0105trz w pi\u0105tek jest zdrowe. Dzi\u0119ki podawanym przez nas informacjom, sprawdzisz r\u00f3wnie\u017c stan powietrza w Gda\u0144sku w poprzednich dniach. Nudno\u015bci to cz\u0119sty objaw zbyt d\u0142ugiego wdychania zanieczyszczonego powietrza.<\/p>\n","protected":false},"excerpt":{"rendered":"Sprawd\u017a aktualne st\u0119\u017cenie PM10 i PM2.5 w Gda\u0144sku fot. Adam Wojnar Czy 4.09.2026 w Gda\u0144sku jest smog? Podajemy&hellip;\n","protected":false},"author":2,"featured_media":665766,"comment_status":"","ping_status":"","sticky":false,"template":"","format":"standard","meta":{"footnotes":"","_share_on_mastodon":"0"},"categories":[51610],"tags":[1048,42,78,38,40,39,41,101873,43824],"class_list":["post-665765","post","type-post","status-publish","format-standard","has-post-thumbnail","category-gdansk","tag-gdansk","tag-pl","tag-pogoda","tag-poland","tag-polish","tag-polska","tag-polski","tag-smog-gdansk","tag-zanieczyszczenie-powietrza"],"share_on_mastodon":{"url":"https:\/\/pubeurope.com\/@pl\/117209920638331101","error":""},"_links":{"self":[{"href":"https:\/\/www.europesays.com\/pl\/wp-json\/wp\/v2\/posts\/665765","targetHints":{"allow":["GET"]}}],"collection":[{"href":"https:\/\/www.europesays.com\/pl\/wp-json\/wp\/v2\/posts"}],"about":[{"href":"https:\/\/www.europesays.com\/pl\/wp-json\/wp\/v2\/types\/post"}],"author":[{"embeddable":true,"href":"https:\/\/www.europesays.com\/pl\/wp-json\/wp\/v2\/users\/2"}],"replies":[{"embeddable":true,"href":"https:\/\/www.europesays.com\/pl\/wp-json\/wp\/v2\/comments?post=665765"}],"version-history":[{"count":0,"href":"https:\/\/www.europesays.com\/pl\/wp-json\/wp\/v2\/posts\/665765\/revisions"}],"wp:featuredmedia":[{"embeddable":true,"href":"https:\/\/www.europesays.com\/pl\/wp-json\/wp\/v2\/media\/665766"}],"wp:attachment":[{"href":"https:\/\/www.europesays.com\/pl\/wp-json\/wp\/v2\/media?parent=665765"}],"wp:term":[{"taxonomy":"category","embeddable":true,"href":"https:\/\/www.europesays.com\/pl\/wp-json\/wp\/v2\/categories?post=665765"},{"taxonomy":"post_tag","embeddable":true,"href":"https:\/\/www.europesays.com\/pl\/wp-json\/wp\/v2\/tags?post=665765"}],"curies":[{"name":"wp","href":"https:\/\/api.w.org\/{rel}","templated":true}]}}