{"id":665767,"date":"2026-09-04T00:23:33","date_gmt":"2026-09-04T00:23:33","guid":{"rendered":"https:\/\/www.europesays.com\/pl\/665767\/"},"modified":"2026-09-04T00:23:33","modified_gmt":"2026-09-04T00:23:33","slug":"wypowiedzi-po-meczu-lech-jagiellonia","status":"publish","type":"post","link":"https:\/\/www.europesays.com\/pl\/665767\/","title":{"rendered":"Wypowiedzi po meczu Lech &#8211; Jagiellonia"},"content":{"rendered":"<p class=\"Strangeness\">\n<p>                    <a href=\"https:\/\/www.lechpoznan.pl\/strangeness.php?t=klubowa&amp;cid=609&amp;lang=1\" target=\"_blank\" rel=\"nofollow noopener\"><br \/>\n                    <img decoding=\"async\" src=\"https:\/\/www.europesays.com\/pl\/wp-content\/uploads\/2026\/09\/rtw_660x0_1d2429d319a4b2a24ac2c8300dcb34151784370878.jpg\" alt=\"\" data-device=\"desktop\"\/><\/p>\n<p>                    <img decoding=\"async\" src=\"https:\/\/www.europesays.com\/pl\/wp-content\/uploads\/2026\/09\/rtw_960x0_375509f4fb875363029901501536a7401784370882.jpg\" alt=\"\" data-device=\"mobile\"\/><br \/>\n                    <\/a><\/p>\n<p> NIELS FREDERIKSEN (TRENER LECHA POZNA\u0143): <\/p>\n<p>&#8211; Normalnie, kiedy wygrywamy, co si\u0119 zdarza ostatnio cz\u0119sto, na szcz\u0119\u015bcie, to m\u00f3wimy o tym, \u017ce jeste\u015bmy zadowoleni. To samo mog\u0119 powiedzie\u0107 dzisiaj, a dzisiaj bez w\u0105tpienia grali\u015bmy przeciwko bardzo dobrej dru\u017cynie, szczeg\u00f3lnie w pierwszej po\u0142owie mieli\u015bmy problem ze struktur\u0105, je\u015bli chodzi o gr\u0119 z pi\u0142k\u0105 i bez niej. Po zmianie stron uwa\u017cam, \u017ce byli\u015bmy ju\u017c lepsi, a w przerwie wprowadzili\u015bmy par\u0119 korekt taktycznych, wi\u0119c nasz dalszy wyst\u0119p by\u0142 lepszy. <\/p>\n<p>Chcia\u0142bym powiedzie\u0107, \u017ce jestem wdzi\u0119czny z tego, \u017ce system VAR zadzia\u0142a\u0142 tak, jak powinien, a s\u0119dzia zmieni\u0142 swoj\u0105 pierwsz\u0105 decyzj\u0119 z boiska, je\u015bli chodzi o naszego drugiego gola. Uwa\u017cam, \u017ce by\u0142o to podr\u0119cznikowe dzia\u0142anie systemu. Po to w\u0142a\u015bnie zosta\u0142 on wprowadzony.<\/p>\n<p>Mam jedn\u0105 specjaln\u0105 wiadomo\u015b\u0107 dla wszystkim. Chcia\u0142bym po tym meczu wyr\u00f3\u017cni\u0107 Joela Pereir\u0119, kt\u00f3ry by\u0142 zawodnikiem spotkania. Ostatnio wiele os\u00f3b w social mediach, ale te\u017c w mediach eksperckich krytykowa\u0142o naszego zawodnika, a ja uwa\u017cam, \u017ce dzi\u015b by\u0142 najlepszy na boisku. I moja wiadomo\u015b\u0107 jest taka, \u017ce je\u015bli nie rozumiesz, dlaczego nominowa\u0142em go jako MVP tego starcia, to obejrzyj ten mecz jeszcze raz dok\u0142adnie i pami\u0119taj o za\u0142o\u017ceniu okular\u00f3w.<\/p>\n<p> MICHA\u0141 GURGUL (OBRO\u0143CA LECHA POZNA\u0143): <\/p>\n<p>&#8211; My\u015bl\u0119, \u017ce Jagiellonia postawi\u0142a si\u0119, mia\u0142a wysokie posiadanie pi\u0142ki i z naszego punktu widzenia by\u0142o tego za du\u017co. Troch\u0119 im na to pozwolili\u015bmy. Na ko\u0144cu najwa\u017cniejsze jest jednak zwyci\u0119stwo, kt\u00f3re na pewno nas fajnie zbuduje i doda dodatkowej energii. Ca\u0142y czas j\u0105 mamy, ale b\u0119dzie jej tylko wi\u0119cej. Przy do\u015brodkowaniu z rzutu ro\u017cnego to by\u0142a troch\u0119 spontaniczna decyzja, cho\u0107 w poprzednim sezonie troch\u0119 tych sta\u0142ych fragment\u00f3w gry wykonywa\u0142em. To moje dogranie by\u0142o dobre, ale pokazali\u015bmy przede wszystkim charakter w polu karnym i super, \u017ce uda\u0142o si\u0119 t\u0119 sytuacj\u0119 zamieni\u0107 na gola. Czujemy, \u017ce jeste\u015bmy na fali wznosz\u0105cej i to dodaje pewno\u015bci siebie. Mam nadziej\u0119, \u017ce b\u0119dziemy dalej to kontynuowa\u0107. <\/p>\n<p> GUSTAV BERGGREN (POMOCNIK LECHA POZNA\u0143): <\/p>\n<p>&#8211; To by\u0142 trudny mecz. Jagiellonia jest bardzo dobrym i jako\u015bciowym zespo\u0142em, tym bardziej to zwyci\u0119stwo jest dla nas bardzo istotne. Dla mnie najwa\u017cniejsze jest to \u017ceby\u015bmy wygrywali kolejne spotkania.<\/p>\n","protected":false},"excerpt":{"rendered":"NIELS FREDERIKSEN (TRENER LECHA POZNA\u0143): &#8211; Normalnie, kiedy wygrywamy, co si\u0119 zdarza ostatnio cz\u0119sto, na szcz\u0119\u015bcie, to m\u00f3wimy&hellip;\n","protected":false},"author":2,"featured_media":665768,"comment_status":"","ping_status":"","sticky":false,"template":"","format":"standard","meta":{"footnotes":"","_share_on_mastodon":"0"},"categories":[51609],"tags":[210,6226,274,6221,6225,6222,215,6224,6223,269,42,38,40,39,41,1817],"class_list":["post-665767","post","type-post","status-publish","format-standard","has-post-thumbnail","category-poznan","tag-aktualnosci","tag-bilety","tag-ekstraklasa","tag-kolejorz","tag-kolejorza","tag-lech","tag-lech-poznan","tag-lechici","tag-oficjalny","tag-pilka-nozna","tag-pl","tag-poland","tag-polish","tag-polska","tag-polski","tag-poznan"],"share_on_mastodon":{"url":"https:\/\/pubeurope.com\/@pl\/117209924137216423","error":""},"_links":{"self":[{"href":"https:\/\/www.europesays.com\/pl\/wp-json\/wp\/v2\/posts\/665767","targetHints":{"allow":["GET"]}}],"collection":[{"href":"https:\/\/www.europesays.com\/pl\/wp-json\/wp\/v2\/posts"}],"about":[{"href":"https:\/\/www.europesays.com\/pl\/wp-json\/wp\/v2\/types\/post"}],"author":[{"embeddable":true,"href":"https:\/\/www.europesays.com\/pl\/wp-json\/wp\/v2\/users\/2"}],"replies":[{"embeddable":true,"href":"https:\/\/www.europesays.com\/pl\/wp-json\/wp\/v2\/comments?post=665767"}],"version-history":[{"count":0,"href":"https:\/\/www.europesays.com\/pl\/wp-json\/wp\/v2\/posts\/665767\/revisions"}],"wp:featuredmedia":[{"embeddable":true,"href":"https:\/\/www.europesays.com\/pl\/wp-json\/wp\/v2\/media\/665768"}],"wp:attachment":[{"href":"https:\/\/www.europesays.com\/pl\/wp-json\/wp\/v2\/media?parent=665767"}],"wp:term":[{"taxonomy":"category","embeddable":true,"href":"https:\/\/www.europesays.com\/pl\/wp-json\/wp\/v2\/categories?post=665767"},{"taxonomy":"post_tag","embeddable":true,"href":"https:\/\/www.europesays.com\/pl\/wp-json\/wp\/v2\/tags?post=665767"}],"curies":[{"name":"wp","href":"https:\/\/api.w.org\/{rel}","templated":true}]}}