{"id":665771,"date":"2026-09-04T00:25:26","date_gmt":"2026-09-04T00:25:26","guid":{"rendered":"https:\/\/www.europesays.com\/pl\/665771\/"},"modified":"2026-09-04T00:25:26","modified_gmt":"2026-09-04T00:25:26","slug":"puchar-polski-slask-wroclaw-pokonal-pogon-szczecin-piotr-samiec-talar-bohaterem","status":"publish","type":"post","link":"https:\/\/www.europesays.com\/pl\/665771\/","title":{"rendered":"Puchar Polski: \u015al\u0105sk Wroc\u0142aw pokona\u0142 Pogo\u0144 Szczecin. Piotr Samiec-Talar bohaterem"},"content":{"rendered":"<p>                        mat. prasowe slaskwroclaw.pl            <\/p>\n<p>| &#13;<br \/>\n            3 godziny temu            <\/p>\n<p>                <a target=\"_blank\" href=\"http:\/\/www.wykop.pl\/dodaj\/link\/?url=https%3A%2F%2Fwww.radiowroclaw.pl%2Farticles%2Fview%2F163649%2FPuchar-Polski-Slask-Wroclaw-pokonal-Pogon-Szczecin-Piotr-Samiec-Talar-bohaterem&amp;title=Puchar+Polski%3A+%C5%9Al%C4%85sk+Wroc%C5%82aw+pokona%C5%82+Pogo%C5%84+Szczecin.+Piotr+Samiec-Talar+bohaterem&amp;desc=W+meczu+1.+rundy+Pucharu+Polski+%C5%9Al%C4%85sk+Wroc%C5%82aw+wygra%C5%82+z+Pogoni%C4%85+Szczecin+2%3A1.+Gole+dla+Tr%C3%B3jkolorowych+zdobywali+Piotr+Samiec-Talar+i+Yehor+Matsenko.\" rel=\"nofollow noopener\"><img decoding=\"async\" alt=\"Dodaj do Wykop.pl\" src=\"https:\/\/www.radiowroclaw.pl\/nlayout\/layout\/wykop-social.svg\"\/><\/a><\/p>\n<p>            Piotr Samiec-Talar poprowadzi\u0142 \u015al\u0105sk Wroc\u0142aw do wygranej zaliczaj\u0105c gola i asyst\u0119.<\/p>\n<p>fot. Adriana Ficek\/slaskwroclaw.pl<\/p>\n<p>W meczu 1. rundy Pucharu Polski \u015al\u0105sk Wroc\u0142aw wygra\u0142 z Pogoni\u0105 Szczecin 2:1. Gole dla Tr\u00f3jkolorowych zdobywali Piotr Samiec-Talar i Yehor Matsenko.<\/p>\n<p style=\"text-align: justify;\">Rywalizacja zacz\u0119\u0142a si\u0119 dla gospodarzy w najlepszy mo\u017cliwy spos\u00f3b. Po akcji praw\u0105 stron\u0105 Linetty usi\u0142owa\u0142 do\u015brodkowa\u0107 w pole karne. Trafi\u0142 w rywala, kt\u00f3ry wybi\u0142 pi\u0142k\u0119 wprost na Piotra Samca-Talara. Kapitan WKS-u wyskoczy\u0142 w powietrze, przyj\u0105\u0142 futbol\u00f3wk\u0119 i ze skraju szesnastki odda\u0142 precyzyjne uderzenie w kierunku dalszego s\u0142upka. Valentin Cojocaru wyci\u0105gn\u0105\u0142 si\u0119 jak struna, ale zosta\u0142 pokonany.<\/p>\n<p style=\"text-align: justify;\">Szczecinianie byli wyra\u017anie zaskoczeni tym faktem, a Wroc\u0142awianie starali si\u0119 to wykorzysta\u0107, tworz\u0105c sobie kolejne sytuacje. Chcieli prowadzi\u0107 gr\u0119 i regularnie pojawiali si\u0119 w okolicy bramki Pogoni. Blisko dogodnej pozycji do podwy\u017cszenia wyniku znale\u017ali si\u0119 m.in. Grzegorz Tomasiewicz i Przemys\u0142aw Banaszak. Go\u015bcie jednak te\u017c mieli swoje szanse. Najlepsze, co uda\u0142o im si\u0119 wypracowa\u0107, to dwa strza\u0142y z dystansu. W 19. minucie dobrze przymierzy\u0142 Paul Mukairu, lecz Szromnik pofrun\u0105\u0142 i doskonale zainterweniowa\u0142. Podobnie by\u0142o tu\u017c przed przerw\u0105, gdy uderza\u0142 Patryk Dziczek. Ostatecznie do ko\u0144ca pierwszej cz\u0119\u015bci spotkani ani jedna, ani druga dru\u017cyna nie zdo\u0142a\u0142a ju\u017c trafi\u0107 do siatki.<\/p>\n<p style=\"text-align: justify;\">W drug\u0105 po\u0142ow\u0119 lepiej weszli Szczecinianie. D\u0142u\u017cej utrzymywali si\u0119 przy pi\u0142ce i z cierpliwo\u015bci\u0105 usi\u0142owali zbli\u017cy\u0107 si\u0119 do bramki \u015al\u0105ska, kt\u00f3ry wyra\u017anie odda\u0142 inicjatyw\u0119. W 53. minucie po rzucie wolnym pi\u0142ka spad\u0142a pod nogi Macieja Wojciechowskiego, kt\u00f3ry popisa\u0142 si\u0119 gro\u017anym, ale niecelnym uderzeniem.<\/p>\n<p style=\"text-align: justify;\">Nied\u0142ugo potem Benjamin Mendy rozpocz\u0105\u0142 dobr\u0105 akcj\u0119 lew\u0105 stron\u0105. Odegra\u0142 do Mukairu, kt\u00f3ry od linii bocznej wdar\u0142 si\u0119 w pole karne. Dynamicznie min\u0105\u0142 dw\u00f3ch zawodnik\u00f3w WKS-u i odda\u0142 strza\u0142. Pi\u0142ka wyl\u0105dowa\u0142a w siatce.<\/p>\n<p style=\"text-align: justify;\">P\u00f3\u017aniej z ka\u017cd\u0105 minut\u0105 przewaga go\u015bci mala\u0142a i poziom rywalizacji si\u0119 wyr\u00f3wnywa\u0142. Gra przenosi\u0142a si\u0119 spod jednej szesnastki do drugiej. W 84. minucie gospodarze wywalczyli rzut ro\u017cny na wysoko\u015bci 25. metra od bramki Pogoni. Samiec-Talar pos\u0142a\u0142 p\u0142asko futbol\u00f3wk\u0119 do Yehora Matsenki, kt\u00f3ry urwa\u0142 si\u0119 obro\u0144cy i uderzeniem g\u0142ow\u0105\u00a0wyprowadzi\u0142 \u015al\u0105sk na prowadzenie i wprowadzi\u0142 do drugiej rundy Pucharu Polski.<\/p>\n<p style=\"text-align: justify;\">Pierwsza runda pi\u0142karskiego Pucharu Polski: <\/p>\n<p style=\"text-align: justify;\">\u015al\u0105sk Wroc\u0142aw \u2013 Pogo\u0144 Szczecin 2:1 (1:0). <\/p>\n<p style=\"text-align: justify;\">Awans: \u015al\u0105sk.<\/p>\n<p style=\"text-align: justify;\">Bramki: 1:0 Piotr Samiec-Talar (4), 1:1 Paul Mukairu (64), 2:1 Jehor Matsenko (84-g\u0142ow\u0105).<\/p>\n<p style=\"text-align: justify;\">\u017b\u00f3\u0142ta kartka \u2013 \u015al\u0105sk: Piotr Samiec-Talar.<\/p>\n<p style=\"text-align: justify;\">S\u0119dzia: Wojciech My\u0107 (Lublin).<\/p>\n<p style=\"text-align: justify;\">Widz\u00f3w: 10 230.<\/p>\n<p style=\"text-align: justify;\">Losowanie drugiej runy Pucharu Polski odb\u0119dzie si\u0119 17 wrze\u015bnia.<\/p>\n","protected":false},"excerpt":{"rendered":"mat. prasowe slaskwroclaw.pl | &#13; 3 godziny temu Piotr Samiec-Talar poprowadzi\u0142 \u015al\u0105sk Wroc\u0142aw do wygranej zaliczaj\u0105c gola i&hellip;\n","protected":false},"author":2,"featured_media":665772,"comment_status":"","ping_status":"","sticky":false,"template":"","format":"standard","meta":{"footnotes":"","_share_on_mastodon":"0"},"categories":[51607],"tags":[129385,72095,42,46419,129383,38,40,39,41,46413,129384,1887,2307,1853],"class_list":["post-665771","post","type-post","status-publish","format-standard","has-post-thumbnail","category-wroclaw","tag-bohaterem","tag-piotr","tag-pl","tag-pogon","tag-pokonal","tag-poland","tag-polish","tag-polska","tag-polski","tag-puchar","tag-samiec-talar","tag-slask","tag-szczecin","tag-wroclaw"],"share_on_mastodon":{"url":"https:\/\/pubeurope.com\/@pl\/117209932995150635","error":""},"_links":{"self":[{"href":"https:\/\/www.europesays.com\/pl\/wp-json\/wp\/v2\/posts\/665771","targetHints":{"allow":["GET"]}}],"collection":[{"href":"https:\/\/www.europesays.com\/pl\/wp-json\/wp\/v2\/posts"}],"about":[{"href":"https:\/\/www.europesays.com\/pl\/wp-json\/wp\/v2\/types\/post"}],"author":[{"embeddable":true,"href":"https:\/\/www.europesays.com\/pl\/wp-json\/wp\/v2\/users\/2"}],"replies":[{"embeddable":true,"href":"https:\/\/www.europesays.com\/pl\/wp-json\/wp\/v2\/comments?post=665771"}],"version-history":[{"count":0,"href":"https:\/\/www.europesays.com\/pl\/wp-json\/wp\/v2\/posts\/665771\/revisions"}],"wp:featuredmedia":[{"embeddable":true,"href":"https:\/\/www.europesays.com\/pl\/wp-json\/wp\/v2\/media\/665772"}],"wp:attachment":[{"href":"https:\/\/www.europesays.com\/pl\/wp-json\/wp\/v2\/media?parent=665771"}],"wp:term":[{"taxonomy":"category","embeddable":true,"href":"https:\/\/www.europesays.com\/pl\/wp-json\/wp\/v2\/categories?post=665771"},{"taxonomy":"post_tag","embeddable":true,"href":"https:\/\/www.europesays.com\/pl\/wp-json\/wp\/v2\/tags?post=665771"}],"curies":[{"name":"wp","href":"https:\/\/api.w.org\/{rel}","templated":true}]}}