{"id":665787,"date":"2026-09-04T00:34:16","date_gmt":"2026-09-04T00:34:16","guid":{"rendered":"https:\/\/www.europesays.com\/pl\/665787\/"},"modified":"2026-09-04T00:34:16","modified_gmt":"2026-09-04T00:34:16","slug":"ps-plus-otrzyma-uwielbiana-klasyke-insomniac-games-i-capcomu-z-ery-psx-i-ps2-a-takze-fps-mycopunk-na-premiere","status":"publish","type":"post","link":"https:\/\/www.europesays.com\/pl\/665787\/","title":{"rendered":"PS Plus otrzyma uwielbian\u0105 klasyk\u0119 Insomniac Games i Capcomu z ery PSX i PS2, a tak\u017ce FPS Mycopunk na premier\u0119"},"content":{"rendered":"<p>Zgodnie z niedawnym <a href=\"https:\/\/www.gry-online.pl\/newsroom\/state-of-play-ogladaj-z-nami-pokaz-playstation-wszystkie-najwazni\/z931a3a\" rel=\"nofollow noopener\" target=\"_blank\">przeciekiem<\/a>, na dzisiejszym State of Play pojawi\u0142 si\u0119 ceniony survival horror z czas\u00f3w PSX od firmy Capcom. <a href=\"https:\/\/www.gry-online.pl\/gry\/dino-crisis-2\/zbbb7\" rel=\"nofollow noopener\" target=\"_blank\">Dino Crisis 2<\/a> co prawda nie otrzyma (jeszcze) upragnionego przez fan\u00f3w od\u015bwie\u017cenia, ale trafi za to do abonamentu Sony. Podczas pokazu zapowiedziano, \u017ce produkcja, wraz z dwoma innymi tytu\u0142ami, wkr\u00f3tce wzbogaci katalog PS Plus Classic (wariant Premium us\u0142ugi). <\/p>\n<p>PS Plus Classic na ko\u0144c\u00f3wk\u0119 2026 roku<\/p>\n<ol>\n<li>Dino Crisis 2<\/li>\n<li><a href=\"https:\/\/www.gry-online.pl\/gry\/mega-man-x-command-mission\/zc19b\" rel=\"nofollow noopener\" target=\"_blank\">Mega Man X: Command Mission<\/a><\/li>\n<li><a href=\"https:\/\/www.gry-online.pl\/gry\/ratchet-clank-2002\/z12087\" rel=\"nofollow noopener\" target=\"_blank\">Ratchet &amp; Clank<\/a> (2002)<\/li>\n<\/ol>\n<p>Nie wiemy, kiedy dok\u0142adnie wymienione wy\u017cej gry stan\u0105 si\u0119 dost\u0119pne dla abonent\u00f3w. Sony zapowiedzia\u0142o jedynie, \u017ce zostan\u0105 wprowadzane do PS Plus Classic \u201ew najbli\u017cszych miesi\u0105cach\u201d. <\/p>\n<p>Spo\u015br\u00f3d tytu\u0142\u00f3w, kt\u00f3re trafi\u0105 do abonamentu \u2013 poza Dino Crisis 2 \u2013 warto wyszczeg\u00f3lni\u0107 gr\u0119 Ratchet &amp; Clank. Platform\u00f3wka z 2002 roku od studia Insomniac Games zapocz\u0105tkowa\u0142a znan\u0105 seri\u0119 z przypominaj\u0105cym lisa przedstawicielem rasy Lombax oraz ma\u0142ym robotem w rolach g\u0142\u00f3wnych (cykl ma si\u0119 obecnie bardzo dobrze \u2013 ostatnia cz\u0119\u015b\u0107, <a href=\"https:\/\/www.gry-online.pl\/gry\/ratchet-clank-rift-apart\/z15bee\" rel=\"nofollow noopener\" target=\"_blank\">Rift Apart<\/a> z 2021 roku, zosta\u0142a bardzo ciep\u0142o przyj\u0119ta przez graczy). Pierwotnie produkcja ukaza\u0142a si\u0119 na konsoli PS2, a w 2012 roku udost\u0119pniono j\u0105 w ramach <a href=\"https:\/\/www.gry-online.pl\/gry\/the-ratchet-clank-trilogy\/ze2fd2\" rel=\"nofollow noopener\" target=\"_blank\">The Ratchet &amp; Clank Trilogy<\/a> na PS3 i PS Vita. Jej wersj\u0119 z PlayStation 3 mo\u017cna obecnie ogrywa\u0107 w streamingu w ramach PS Plusa Premium.<\/p>\n<p class=\"f2-related-link fit\">Powi\u0105zane:<a href=\"https:\/\/www.gry-online.pl\/newsroom\/sequel-bestsellerowego-fimowego-horroru-sony-uderzy-na-samym-pocz\/zc31a5b\" rel=\"nofollow noopener\" target=\"_blank\">Sequel bestsellerowego fimowego horroru Sony uderzy na samym pocz\u0105tku nowego roku. Until Dawn 2 ma dat\u0119 premiery<\/a><\/p>\n<p>Opr\u00f3cz tego ujawniono, i\u017c pierwszoosobowa, kooperacyjna strzelanka z charakterystyczn\u0105 opraw\u0105 graficzn\u0105, <a href=\"https:\/\/www.gry-online.pl\/gry\/mycopunk\/z76e57\" rel=\"nofollow noopener\" target=\"_blank\">Mycopunk<\/a>, trafi nied\u0142ugo do abonamentu PS Plus. FPS zostanie dodany do katalogu wraz z premier\u0105 pe\u0142nej wersji (obecnie jest dost\u0119pny w Early Accessie na <a target=\"_blank\" rel=\"noopener nofollow\" href=\"https:\/\/store.steampowered.com\/app\/3247750\/Mycopunk\/\">Steamie<\/a>), ale dok\u0142adna data debiutu nie jest jeszcze znana.<\/p>\n<p class=\"f2-czytaj-wiecej-link fit\">Wi\u0119cej:<a href=\"https:\/\/www.gry-online.pl\/newsroom\/rok-po-premierze-hit-playstation-5-otrzyma-duzy-fabularny-dodatek\/z2317b5\" rel=\"nofollow noopener\" target=\"_blank\">Rok po premierze hit PlayStation 5 otrzyma du\u017cy fabularny dodatek. Ghost of Yotei: Edycja kompletna kusi graczy dwiema wa\u017cnymi nowo\u015bciami<\/a><\/p>\n<p>&#13;<\/p>\n","protected":false},"excerpt":{"rendered":"Zgodnie z niedawnym przeciekiem, na dzisiejszym State of Play pojawi\u0142 si\u0119 ceniony survival horror z czas\u00f3w PSX od&hellip;\n","protected":false},"author":2,"featured_media":665788,"comment_status":"","ping_status":"","sticky":false,"template":"","format":"standard","meta":{"footnotes":"","_share_on_mastodon":"0"},"categories":[20],"tags":[120,118,119,42,38,40,39,41,116,114,115,121,117],"class_list":["post-665787","post","type-post","status-publish","format-standard","has-post-thumbnail","category-nauka-i-technika","tag-nauka","tag-nauka-i-technika","tag-naukatechnika","tag-pl","tag-poland","tag-polish","tag-polska","tag-polski","tag-science","tag-science-and-technology","tag-sciencetechnology","tag-technika","tag-technology"],"share_on_mastodon":{"url":"https:\/\/pubeurope.com\/@pl\/117209967135819442","error":""},"_links":{"self":[{"href":"https:\/\/www.europesays.com\/pl\/wp-json\/wp\/v2\/posts\/665787","targetHints":{"allow":["GET"]}}],"collection":[{"href":"https:\/\/www.europesays.com\/pl\/wp-json\/wp\/v2\/posts"}],"about":[{"href":"https:\/\/www.europesays.com\/pl\/wp-json\/wp\/v2\/types\/post"}],"author":[{"embeddable":true,"href":"https:\/\/www.europesays.com\/pl\/wp-json\/wp\/v2\/users\/2"}],"replies":[{"embeddable":true,"href":"https:\/\/www.europesays.com\/pl\/wp-json\/wp\/v2\/comments?post=665787"}],"version-history":[{"count":0,"href":"https:\/\/www.europesays.com\/pl\/wp-json\/wp\/v2\/posts\/665787\/revisions"}],"wp:featuredmedia":[{"embeddable":true,"href":"https:\/\/www.europesays.com\/pl\/wp-json\/wp\/v2\/media\/665788"}],"wp:attachment":[{"href":"https:\/\/www.europesays.com\/pl\/wp-json\/wp\/v2\/media?parent=665787"}],"wp:term":[{"taxonomy":"category","embeddable":true,"href":"https:\/\/www.europesays.com\/pl\/wp-json\/wp\/v2\/categories?post=665787"},{"taxonomy":"post_tag","embeddable":true,"href":"https:\/\/www.europesays.com\/pl\/wp-json\/wp\/v2\/tags?post=665787"}],"curies":[{"name":"wp","href":"https:\/\/api.w.org\/{rel}","templated":true}]}}