{"id":665793,"date":"2026-09-04T00:37:15","date_gmt":"2026-09-04T00:37:15","guid":{"rendered":"https:\/\/www.europesays.com\/pl\/665793\/"},"modified":"2026-09-04T00:37:15","modified_gmt":"2026-09-04T00:37:15","slug":"tak-rzad-bedzie-latal-budzet-liczy-na-139-mld-zl-z-dywidend","status":"publish","type":"post","link":"https:\/\/www.europesays.com\/pl\/665793\/","title":{"rendered":"Tak rz\u0105d b\u0119dzie \u0142ata\u0142 bud\u017cet? Liczy na 13,9 mld z\u0142 z dywidend"},"content":{"rendered":"<p>Prezydent Karol Nawrocki skierowa\u0142 ustaw\u0119 o 60-proc. podatku od nadzwyczajnych zysk\u00f3w firm paliwowych do TK w trybie kontroli prewencyjnej. Zarzuca\u0142, \u017ce proponowane przepisy &#8222;dzia\u0142aj\u0105 wstecz&#8221;. Danina mia\u0142a obj\u0105\u0107 nadzwyczajne zyski osi\u0105gni\u0119te od marca do grudnia 2026 r. i przynie\u015b\u0107 bud\u017cetowi miliardowe wp\u0142ywy.<\/p>\n<p>Dalszy ci\u0105g artyku\u0142u pod materia\u0142em wideoSkarb Pa\u0144stwa b\u0119dzie chcia\u0142 du\u017cych dywidend?<a href=\"https:\/\/www.fakt.pl\/\" title=\"Strona G\u0142\u00f3wna\" aria-label=\"Strona G\u0142\u00f3wna\" data-astro-prefetch=\"tap\" class=\"ods-a-logo-main-desktop\" rel=\"nofollow noopener\" target=\"_blank\"><img src=\"https:\/\/cdn.fakt.pl\/img\/Logo_desktop_Fakt.svg\" class=\"ods-a-logo-main-desktop__image\" alt=\"Logo\" width=\"107\" height=\"86\" fetchpriority=\"high\" decoding=\"sync\" style=\"height:86px\"\/><\/a><\/p>\n<p class=\"ods-m-google-article__text\">Czytaj nas cz\u0119\u015bciej w Google<\/p>\n<p><a href=\"https:\/\/google.com\/preferences\/source?q=fakt.pl\" target=\"_blank\" rel=\"noopener noreferrer nofollow\" aria-label=\"Dodaj w Google\" title=\"Dodaj w Google\" class=\"ods-a-button ods-a-button__primary ods-a-button__default ods-a-button-l\">Dodaj w Google<\/a><\/p>\n<p>Jednocze\u015bnie projekt bud\u017cetu na 2027 r. zak\u0142ada wzrost wp\u0142yw\u00f3w z dywidend i wp\u0142at z zysku z przewidywanego wykonania 9,085 mld z\u0142 w 2026 r. do 13,9 mld z\u0142. Piotr Kuczy\u0144ski, analityk Xelionu, w rozmowie z &#8222;Faktem&#8221;, zwraca uwag\u0119, \u017ce pa\u0144stwo jako du\u017cy akcjonariusz ma istotny wp\u0142yw na decyzje podejmowane w najwi\u0119kszych sp\u00f3\u0142kach.<\/p>\n<p>\u2014 Zarz\u0105dy i walne zgromadzenia podejmuj\u0105 odpowiednie decyzje, zazwyczaj takie, jak chce Skarb Pa\u0144stwa, prawda? Bo je\u017celi kto\u015b ma 49,9 proc. g\u0142os\u00f3w, to de facto rz\u0105dzi. Nawet jak ma 30 proc., to de facto rz\u0105dzi, bo reszta g\u0142os\u00f3w jest rozproszona, a Skarb Pa\u0144stwa zawsze si\u0119 stawi i swoje przeg\u0142osuje \u2014 m\u00f3wi &#8222;Faktowi&#8221; ekonomista. \u2014 Nale\u017cy oczekiwa\u0107, \u017ce Skarb Pa\u0144stwa b\u0119dzie g\u0142osowa\u0142 za bardzo du\u017c\u0105 dywidend\u0105 w\u0142a\u015bnie po to, \u017ceby w przysz\u0142ym roku wspom\u00f3c bud\u017cet \u2014 ocenia Kuczy\u0144ski.<\/p>\n<p>Ekonomista wskazuje przy tym przede wszystkim na Orlen i KGHM. \u2014 Bo jak si\u0119 patrzy na wyniki Orlenu, to s\u0105 niesamowite. W przypadku KGHM cena miedzi ci\u0105gle jest w okolicach szczytu wszech czas\u00f3w \u2014 dodaje.<\/p>\n<p>Dywidenda zamiast podatku? Kuczy\u0144ski studzi emocje<\/p>\n<p>Ekonomista zaznacza jednak, \u017ce wi\u0119kszych dywidend nie mo\u017cna traktowa\u0107 jako prostego zamiennika podatku od nadzwyczajnych zysk\u00f3w. Podatek trafia do pa\u0144stwa, podczas gdy dywidenda przys\u0142uguje wszystkim akcjonariuszom.<\/p>\n<p>\u2014 St\u0105d podatek od nadzwyczajnych zysk\u00f3w jest korzystniejszy, bo tylko i wy\u0142\u0105cznie Skarb Pa\u0144stwa dostaje pieni\u0105dze. Zagranica tych pieni\u0119dzy nie dostaje, a przy dywidendzie jedni i drudzy dostan\u0105. Nie mo\u017cna wi\u0119c m\u00f3wi\u0107, \u017ce jest to, powiedzmy, alternatywa dla tego podatku \u2014 podkre\u015bla Piotr Kuczy\u0144ski.<\/p>\n<p><a href=\"https:\/\/www.fakt.pl\/pieniadze\/budzet-2027-z-deficytem-2826-mld-zl-byly-czlonek-rpp-uspokaja\/66c38b6\" id=\"d0df5ed2-b938-4bdf-a2ad-6bc303a4170e\" rel=\"nofollow noopener\" target=\"_blank\">Rz\u0105d szykuje gigantyczny deficyt. By\u0142y cz\u0142onek RPP zaskakuje komentarzem<\/a><a href=\"https:\/\/www.fakt.pl\/polityka\/waldemar-zurek-o-pominieciu-tk-w-budzecie-ani-zlotowki\/t9l0pvq\" id=\"237ab169-a095-4fe5-b0ff-581d3d39dbad\" rel=\"nofollow noopener\" target=\"_blank\">Co ze \u015brodkami dla TK? Waldemar \u017burek: ani z\u0142ot\u00f3wki z bud\u017cetu<\/a><a href=\"https:\/\/www.fakt.pl\/pieniadze\/podwyzki-dla-poslow-prezydenta-i-rzadu-od-2027-r-znamy-kwoty\/v60rfm4\" id=\"09bde6b1-d86f-427c-bbd5-fe4f3441ab10\" rel=\"nofollow noopener\" target=\"_blank\">Cicha podwy\u017cka dla polityk\u00f3w? Wiemy, o ile wzrosn\u0105 ich pensje od 1 stycznia<\/a><\/p>\n","protected":false},"excerpt":{"rendered":"Prezydent Karol Nawrocki skierowa\u0142 ustaw\u0119 o 60-proc. podatku od nadzwyczajnych zysk\u00f3w firm paliwowych do TK w trybie kontroli&hellip;\n","protected":false},"author":2,"featured_media":665794,"comment_status":"","ping_status":"","sticky":false,"template":"","format":"standard","meta":{"footnotes":"","_share_on_mastodon":"0"},"categories":[12],"tags":[61195,32,33,387,21175,36,37,27,34,35,28,31,25,46,129234,5021,504,42,1310,38,40,39,41,47,29,111182,30,26],"class_list":["post-665793","post","type-post","status-publish","format-standard","has-post-thumbnail","category-polska","tag-bottomfeed_styl","tag-breaking-news","tag-breakingnews","tag-budzet","tag-budzet_panstwa","tag-featured-news","tag-featurednews","tag-headlines","tag-latest-news","tag-latestnews","tag-naglowki","tag-najwazniejsze-artykuly","tag-news","tag-omp","tag-omp_tst2","tag-paliwo","tag-pieniadze","tag-pl","tag-podatek","tag-poland","tag-polish","tag-polska","tag-polski","tag-screening_general","tag-top-stories","tag-topbar_tst1","tag-topstories","tag-wiadomosci"],"share_on_mastodon":{"url":"https:\/\/pubeurope.com\/@pl\/117209978839346452","error":""},"_links":{"self":[{"href":"https:\/\/www.europesays.com\/pl\/wp-json\/wp\/v2\/posts\/665793","targetHints":{"allow":["GET"]}}],"collection":[{"href":"https:\/\/www.europesays.com\/pl\/wp-json\/wp\/v2\/posts"}],"about":[{"href":"https:\/\/www.europesays.com\/pl\/wp-json\/wp\/v2\/types\/post"}],"author":[{"embeddable":true,"href":"https:\/\/www.europesays.com\/pl\/wp-json\/wp\/v2\/users\/2"}],"replies":[{"embeddable":true,"href":"https:\/\/www.europesays.com\/pl\/wp-json\/wp\/v2\/comments?post=665793"}],"version-history":[{"count":0,"href":"https:\/\/www.europesays.com\/pl\/wp-json\/wp\/v2\/posts\/665793\/revisions"}],"wp:featuredmedia":[{"embeddable":true,"href":"https:\/\/www.europesays.com\/pl\/wp-json\/wp\/v2\/media\/665794"}],"wp:attachment":[{"href":"https:\/\/www.europesays.com\/pl\/wp-json\/wp\/v2\/media?parent=665793"}],"wp:term":[{"taxonomy":"category","embeddable":true,"href":"https:\/\/www.europesays.com\/pl\/wp-json\/wp\/v2\/categories?post=665793"},{"taxonomy":"post_tag","embeddable":true,"href":"https:\/\/www.europesays.com\/pl\/wp-json\/wp\/v2\/tags?post=665793"}],"curies":[{"name":"wp","href":"https:\/\/api.w.org\/{rel}","templated":true}]}}