{"id":665807,"date":"2026-09-04T00:49:06","date_gmt":"2026-09-04T00:49:06","guid":{"rendered":"https:\/\/www.europesays.com\/pl\/665807\/"},"modified":"2026-09-04T00:49:06","modified_gmt":"2026-09-04T00:49:06","slug":"s10-solec-torun-sma-i-beton","status":"publish","type":"post","link":"https:\/\/www.europesays.com\/pl\/665807\/","title":{"rendered":"[S10] Solec &#8211; Toru\u0144: SMA i beton"},"content":{"rendered":"<p>Budowa trzeciego odcinka drogi ekspresowej S10 z\u00a0Bydgoszczy do\u00a0Torunia wystartowa\u0142a w\u00a0lutym ubieg\u0142ego roku. Pocz\u0105tkowo trzeba by\u0142o przygotowa\u0107 teren pod\u00a0budow\u0119 tj.\u00a0wykona\u0107 odhumusowanie oraz\u00a0wykona\u0107 tymczasowe objazdy dr\u00f3g gminnych. Ju\u017c w\u00a0marcu na\u00a0budowie wylano pierwszy beton.<\/p>\n<p>Aktualnie niemal na\u00a0ca\u0142ej d\u0142ugo\u015bci po\u0142o\u017cono przynajmniej jedn\u0105 warstw\u0119 mineralno-asfaltow\u0105. Brakuje jej na\u00a0mniej wi\u0119cej 2 km jezdni w\u00a0kierunku Bydgoszczy i\u00a0nieco ponad kilometrze na\u00a0jezdni w\u00a0kierunku Torunia. Generalny wykonawca w\u00a0sierpniu przyst\u0105pi\u0142 do\u00a0uk\u0142adania trzeciej i\u00a0ostatniej warstwy nawierzchni tj.\u00a0warstwy \u015bcieralnej SMA. W\u00a0momencie mojej\u00a0wizyty na\u00a0budowie u\u0142o\u017cono oko\u0142o 22% SMA. Cz\u0119\u015b\u0107 wiadukt\u00f3w nad\u00a0drog\u0105 ekspresow\u0105 ma\u00a0ju\u017c pozwolenie na\u00a0u\u017cytkowanie, do\u00a0ko\u0144ca roku takie pozwolenia powinny otrzyma\u0107 pozosta\u0142e wiadukty oraz\u00a0obiekty in\u017cynierskie.<\/p>\n<p>Sporo prac realizowanych jest na\u00a0MOP Cierpice. Powstaj\u0105 budynki z\u00a0toaletami, uk\u0142adane s\u0105\u00a0kraw\u0119\u017cniki i\u00a0kostka na\u00a0chodnikach. Po\u0142o\u017cono r\u00f3wnie\u017c pierwsze warstwy asfaltu na\u00a0jezdniach oraz\u00a0rozpocz\u0119to uk\u0142adanie nawierzchni z\u00a0betonu cementowego w\u00a0miejscu parkingu dla pojazd\u00f3w ci\u0119\u017carowych. Na\u00a0ca\u0142ej trasie trwaj\u0105 prace wyko\u0144czeniowe, rozpocz\u0119to r\u00f3wnie\u017c monta\u017c urz\u0105dze\u0144 BRD (bariery drogowe), ogrodze\u0144 oraz\u00a0ekran\u00f3w akustycznych.<\/p>\n<p>Realizacja wszystkich prac przebiega zgodnie z\u00a0harmonogramem. Je\u015bli wszystko dalej b\u0119dzie przebiega\u0107 bez\u00a0przeszk\u00f3d to\u00a0budowa powinna by\u0107 zako\u0144czona w\u00a0kwietniu przysz\u0142ego roku. Nie\u00a0oznacza to, \u017ce\u00a0zostanie oddana do\u00a0u\u017cytku. Wiosn\u0105 2027 roku nie\u00a0b\u0119dzie fizycznej mo\u017cliwo\u015bci wjechania na\u00a0tras\u0119 w\u00a0okolicy Solca Kujawskiego. Wcze\u015bniejszy odcinek (Emilianowo \u2013 Solec) jest du\u017co mniej zaawansowany. Natomiast wiosn\u0105 przysz\u0142ego roku powinna si\u0119 rozpocz\u0105\u0107 przebudowa dr\u00f3g dojazdowych do\u00a0w\u0119z\u0142a Solec (inwestycja niezale\u017cna od\u00a0S10, ale\u00a0r\u00f3wnie\u017c wykonywana przez\u00a0firm\u0119 Mirbud).<\/p>\n","protected":false},"excerpt":{"rendered":"Budowa trzeciego odcinka drogi ekspresowej S10 z\u00a0Bydgoszczy do\u00a0Torunia wystartowa\u0142a w\u00a0lutym ubieg\u0142ego roku. Pocz\u0105tkowo trzeba by\u0142o przygotowa\u0107 teren pod\u00a0budow\u0119&hellip;\n","protected":false},"author":2,"featured_media":665808,"comment_status":"","ping_status":"","sticky":false,"template":"","format":"standard","meta":{"footnotes":"","_share_on_mastodon":"0"},"categories":[51613],"tags":[11255,59523,7132,59524,61098,61099,61100,1856,24571,59529,33107,4400,18753,61101,20843,38246,42,38,40,39,41,61102,28856,61103,3421],"class_list":["post-665807","post","type-post","status-publish","format-standard","has-post-thumbnail","category-bydgoszcz","tag-11255","tag-budowa-bydgoszcz-2026","tag-bydgoszcz","tag-bydgoszcz-w-budowie","tag-dk25","tag-droga-ekspresowa","tag-droga-ekspresowa-s10","tag-gddkia","tag-generalna-dyrekcja-drog-krajowych-i-autostrad","tag-inwestycje-bydgoszcz-2026","tag-kobylarnia","tag-las","tag-lasy-panstwowe","tag-makowiska","tag-mirbud","tag-mop","tag-pl","tag-poland","tag-polish","tag-polska","tag-polski","tag-puszcza-bydgoska","tag-s10","tag-solec-kujawski","tag-torun"],"share_on_mastodon":{"url":"https:\/\/pubeurope.com\/@pl\/117210026247888272","error":""},"_links":{"self":[{"href":"https:\/\/www.europesays.com\/pl\/wp-json\/wp\/v2\/posts\/665807","targetHints":{"allow":["GET"]}}],"collection":[{"href":"https:\/\/www.europesays.com\/pl\/wp-json\/wp\/v2\/posts"}],"about":[{"href":"https:\/\/www.europesays.com\/pl\/wp-json\/wp\/v2\/types\/post"}],"author":[{"embeddable":true,"href":"https:\/\/www.europesays.com\/pl\/wp-json\/wp\/v2\/users\/2"}],"replies":[{"embeddable":true,"href":"https:\/\/www.europesays.com\/pl\/wp-json\/wp\/v2\/comments?post=665807"}],"version-history":[{"count":0,"href":"https:\/\/www.europesays.com\/pl\/wp-json\/wp\/v2\/posts\/665807\/revisions"}],"wp:featuredmedia":[{"embeddable":true,"href":"https:\/\/www.europesays.com\/pl\/wp-json\/wp\/v2\/media\/665808"}],"wp:attachment":[{"href":"https:\/\/www.europesays.com\/pl\/wp-json\/wp\/v2\/media?parent=665807"}],"wp:term":[{"taxonomy":"category","embeddable":true,"href":"https:\/\/www.europesays.com\/pl\/wp-json\/wp\/v2\/categories?post=665807"},{"taxonomy":"post_tag","embeddable":true,"href":"https:\/\/www.europesays.com\/pl\/wp-json\/wp\/v2\/tags?post=665807"}],"curies":[{"name":"wp","href":"https:\/\/api.w.org\/{rel}","templated":true}]}}