{"id":665809,"date":"2026-09-04T00:50:28","date_gmt":"2026-09-04T00:50:28","guid":{"rendered":"https:\/\/www.europesays.com\/pl\/665809\/"},"modified":"2026-09-04T00:50:28","modified_gmt":"2026-09-04T00:50:28","slug":"koncert-kameralny-w-kosciele-swietego-krzyza-w-lublinie-audio","status":"publish","type":"post","link":"https:\/\/www.europesays.com\/pl\/665809\/","title":{"rendered":"Koncert kameralny w ko\u015bciele \u015awi\u0119tego Krzy\u017ca w Lublinie [AUDIO]"},"content":{"rendered":"<p style=\"text-align: justify;\">Koncerty 13. edycji \u015awi\u0119tokrzyskich Koncert\u00f3w Muzyki Organowej i Kameralnej w ko\u015bciele przy ulicy Pogodnej w Lublinie odbywa\u0107 si\u0119 b\u0119d\u0105 w niedzielne wieczory o godzinie 19.00, 30 sierpnia oraz 6 i 13 wrze\u015bnia.\u00a0Wst\u0119p jest wolny.<\/p>\n<p style=\"text-align: justify;\">Muzyczne spotkania obywaj\u0105 si\u0119 pod patronatem medialnym Radia Plus Lublin.<\/p>\n<p style=\"text-align: justify;\">Na koncercie 6 wrze\u015bnia o godz. 19.00 w ko\u015bciele pw. \u015bw. Krzy\u017ca w Lublinie przy ul. Pogodnej wyst\u0105pi\u0105: Tomasz Mazur &#8211; baryton i Micha\u0142 Jung &#8211; organy<\/p>\n<p style=\"text-align: justify;\">Tomasz Mazur \u2013 baryton. \u015apiewak operowy, mened\u017cer kultury, re\u017cyser, inicjator i organizator przedsi\u0119wzi\u0119\u0107 artystycznych. Edukacj\u0119 muzyczn\u0105 rozpocz\u0105\u0142 w lubelskiej Szkole Muzycznej im. T. Szeligowskiego, w klasie \u015bpiewu solowego Heleny Szaci\u0142owskiej. Nauk\u0119 kontynuowa\u0142 na wydziale wokalno-aktorskim Akademii Muzycznej im. I. J. Paderewskiego w Poznaniu pod kierunkiem prof. Leonarda Mroza. Od 1997 r. jest solist\u0105 Teatru Wielkiego w Poznaniu. Wyst\u0105pi\u0142 w ponad osiemdziesi\u0119ciu rolach operowych w Polsce, a tak\u017ce w Niemczech, Austrii, Szwajcarii, Belgi, Holandii, we W\u0142oszech, Francji i w Luxemburgu. Zadebiutowa\u0142 parti\u0105 Jakuba w operze Flis \u2013 St. Moniuszki. W jego repertuarze znalaz\u0142y si\u0119 nast\u0119pnie: St. Moniuszko \u2013 Halka (Janusz), Straszny Dw\u00f3r (Miecznik); W. A. Mozart \u2013 Wesele Figara (Hrabia) i (Figaro), Czarodziejski Flet (Papageno), Cosi fan tutte (Guglielmo); G. Rossini \u2013 Cyrulik Sewilski (Figaro); G. Donizetti Don Pasquale (Malatesta); G. Bizet \u2013 Po\u0142awiacze Pere\u0142 (Zurga); Ch. Gounod \u2013 Romeo i Julia (Mercutio); P. Czajkowski \u2013 Eugeniusz Oniegin (Oniegin); G. Puccini \u2013 Madame Butterfly (Sharpless); M. Yeston \u2013 Phantom (Phantom, polska prapremiera); G. Verdi \u2013 Don Carlos (Posa); Trubadur (Luna); Traviata (Germont); U. Giordano \u2013 Andrea Ch\u00e9nier (G\u00e9rard) i inne.<\/p>\n<p style=\"text-align: justify;\">Na estradach filharmonicznych wyst\u0119puje od 1995 roku, kiedy to razem z pozna\u0144skimi filharmonikami i ch\u00f3rem Akademii Muzycznej wykona\u0142 psalm Beatus Vir H.M. G\u00f3reckiego. Obok muzyki operowej i oratoryjnej w programach recitali artysty pojawia si\u0119 bogaty wyb\u00f3r pie\u015bni, mi\u0119dzy innymi cykle R. Schumanna, M. Ravela, G. Mahlera, F. G. Lorki, a tak\u017ce liryka polska i rosyjska. Tomasz Mazur jest laureatem II nagrody na Mi\u0119dzynarodowym Konkursie Wokalnym w Budapeszcie oraz III nagrody i Nagrody Publiczno\u015bci na Konkursie Wokalistyki Operowej im. Adama Didura w Bytomiu. Nominowany do Nagrody Artystycznej Miasta Poznania. Osobn\u0105 \u015bcie\u017ck\u0105 artysty jest re\u017cyseria operowa i organizacja spektakli oraz koncert\u00f3w muzyki klasycznej. Tomasz Mazur jest za\u0142o\u017cycielem i Prezesem Fundacji im. Wincentego i Franciszka Lessl\u00f3w. Realizacj\u0105 Requiem W. A. Mozarta w 2015 roku rozpocz\u0105\u0142 promocj\u0119 Festiwalu im. Wincentego i Franciszka Lessl\u00f3w w Pu\u0142awach. Dziesi\u0105ta, jubileuszowa ods\u0142ona tej imprezy odb\u0119dzie si\u0119 w bie\u017c\u0105cym roku, w drugiej po\u0142owie wrze\u015bnia. Tomasz Mazur by\u0142 tak\u017ce pomys\u0142odawc\u0105 projektu Opera na prowincji, w ramach kt\u00f3rego wyre\u017cyserowa\u0142 i zrealizowa\u0142 spektakl Straszy Dw\u00f3r \u2013 Stanis\u0142awa Moniuszki. Inicjatywa zyska\u0142a w 2019 r. miano najwi\u0119kszego wydarzenia Roku Moniuszkowskiego na Lubelszczy\u017anie. Za swoj\u0105 wieloletni\u0105 dzia\u0142alno\u015b\u0107 otrzyma\u0142 z r\u0105k Prezydenta Miasta Pu\u0142awy Nagrod\u0119 za ca\u0142okszta\u0142t dzia\u0142alno\u015bci w dziedzinie tw\u00f3rczo\u015bci artystycznej, upowszechniania i ochrony kultury, a tak\u017ce Nagrod\u0119 kulturaln\u0105 za realizacj\u0119 kolejnych ods\u0142on Festiwalu Lessl\u00f3w. Odznaczony medalem Zas\u0142u\u017cony dla Kultury Polskiej. Tomasz Mazur tak\u017ce autorem wielu opracowa\u0144 nutowych, w tym pierwszych w Polsce zbior\u00f3w z polskimi ariami operowymi na sopran i tenor (Polihymnia 2022), a tak\u017ce pierwszego polskiego zbioru z polskimi pie\u015bniami z prze\u0142omu XVIII i XIX w. (Fundacja im. Wincentego i Franciszka Lessl\u00f3w, 2024).<\/p>\n<p style=\"text-align: justify;\">Micha\u0142 Jung &#8211; organy<\/p>\n<p style=\"text-align: justify;\">Micha\u0142 Jung &#8211; organista, klawesynista, pianista, animator kultury. Absolwent Uniwersytetu Muzycznego Fryderyka Chopina w Warszawie (klasa organ\u00f3w prof. J\u00f3zefa Serafina, klawesynu prof. Leszka K\u0119drackiego), Instytutu Muzykologii Katolickiego Uniwersytetu Lubelskiego (klasa organ\u00f3w prof. Jaros\u0142awa Wr\u00f3blewskiego), Civica Scuola di Musica w Mediolanie (klasa organ\u00f3w prof. Lorenzo Ghielmi, klawesynu prof. Maurizio Croci, basso continuo prof. Antonio Frige). Jest r\u00f3wnie\u017c absolwentem Pa\u0144stwowej Szko\u0142y Muzycznej II st. im. J\u00f3zefa Elsnera w Warszawie (klasa organ\u00f3w prof. Stanis\u0142aw Moryto oraz prof. Jaros\u0142aw Malanowicz, prof. Urszula Bartkiewicz &#8211; klawesyn, prof. Marian Sawa &#8211; improwizacja). Jako solista i kameralista wsp\u00f3\u0142pracowa\u0142 w wieloma wybitnymi artystami i zespo\u0142ami muzycznymi w\u015br\u00f3d kt\u00f3rych znajduj\u0105 si\u0119 mi\u0119dzy innymi: Konstanty Andrzej Kulka, Marcin Na\u0142\u0119cz-Niesio\u0142owski, Stefano Montanari, Carlo de Martini, Mario Valsecchi, Ayako Ono, a tak\u017ce Polska Orkiestra Radiowa, Prima Vista String Quartet, Capella Mauriziana. Jest laureatem konkurs\u00f3w organowych w Krakowie, Krasnobrodzie i Legnicy. Jest cz\u0142onkiem Polskiego Towarzystwa Bachowskiego i Towarzystwa Tansmana w Pary\u017cu oraz prezesem Instytutu Muzyki Dawnej. Micha\u0142 Jung jest za\u0142o\u017cycielem i kierownikiem artystycznym Legionowskiej Orkiestry Barokowej, a tak\u017ce inicjatorem i dyrektorem artystycznym cykli koncert\u00f3w w Serocku (Muzyczny Podwieczorek) i Legionowie (Muzyczne ogrody, Legionowskie Spotkania Muzyczne &#8222;Per artem ad astra&#8221;). Za wk\u0142ad w upowszechnianie kultury otrzyma\u0142 nagrod\u0119 burmistrza miasta Serock.<\/p>\n","protected":false},"excerpt":{"rendered":"Koncerty 13. edycji \u015awi\u0119tokrzyskich Koncert\u00f3w Muzyki Organowej i Kameralnej w ko\u015bciele przy ulicy Pogodnej w Lublinie odbywa\u0107 si\u0119&hellip;\n","protected":false},"author":2,"featured_media":665810,"comment_status":"","ping_status":"","sticky":false,"template":"","format":"standard","meta":{"footnotes":"","_share_on_mastodon":"0"},"categories":[51612],"tags":[1081,42,38,40,39,41],"class_list":["post-665809","post","type-post","status-publish","format-standard","has-post-thumbnail","category-lublin","tag-lublin","tag-pl","tag-poland","tag-polish","tag-polska","tag-polski"],"share_on_mastodon":{"url":"https:\/\/pubeurope.com\/@pl\/117210030386111975","error":""},"_links":{"self":[{"href":"https:\/\/www.europesays.com\/pl\/wp-json\/wp\/v2\/posts\/665809","targetHints":{"allow":["GET"]}}],"collection":[{"href":"https:\/\/www.europesays.com\/pl\/wp-json\/wp\/v2\/posts"}],"about":[{"href":"https:\/\/www.europesays.com\/pl\/wp-json\/wp\/v2\/types\/post"}],"author":[{"embeddable":true,"href":"https:\/\/www.europesays.com\/pl\/wp-json\/wp\/v2\/users\/2"}],"replies":[{"embeddable":true,"href":"https:\/\/www.europesays.com\/pl\/wp-json\/wp\/v2\/comments?post=665809"}],"version-history":[{"count":0,"href":"https:\/\/www.europesays.com\/pl\/wp-json\/wp\/v2\/posts\/665809\/revisions"}],"wp:featuredmedia":[{"embeddable":true,"href":"https:\/\/www.europesays.com\/pl\/wp-json\/wp\/v2\/media\/665810"}],"wp:attachment":[{"href":"https:\/\/www.europesays.com\/pl\/wp-json\/wp\/v2\/media?parent=665809"}],"wp:term":[{"taxonomy":"category","embeddable":true,"href":"https:\/\/www.europesays.com\/pl\/wp-json\/wp\/v2\/categories?post=665809"},{"taxonomy":"post_tag","embeddable":true,"href":"https:\/\/www.europesays.com\/pl\/wp-json\/wp\/v2\/tags?post=665809"}],"curies":[{"name":"wp","href":"https:\/\/api.w.org\/{rel}","templated":true}]}}