{"id":665845,"date":"2026-09-04T01:09:15","date_gmt":"2026-09-04T01:09:15","guid":{"rendered":"https:\/\/www.europesays.com\/pl\/665845\/"},"modified":"2026-09-04T01:09:15","modified_gmt":"2026-09-04T01:09:15","slug":"nowy-sondaz-parlamentarny-ko-prowadzi-lewica-przed-grzegorzem-braunem-2","status":"publish","type":"post","link":"https:\/\/www.europesays.com\/pl\/665845\/","title":{"rendered":"Nowy sonda\u017c parlamentarny. KO prowadzi, Lewica przed Grzegorzem Braunem"},"content":{"rendered":"<p>Dotychczasowe badania nie daj\u0105 Koalicji Obywatelskiej szans na pozostanie u w\u0142adzy. Ponad po\u0142owa Polak\u00f3w <a href=\"https:\/\/wiadomosci.onet.pl\/kraj\/zle-wiesci-dla-donalda-tuska-polacy-negatywnie-oceniaja-jego-rzad-sondaz\/hsy3xk6\" id=\"0e3fa4f5-9e57-4634-be97-ea0684301ff9\" rel=\"nofollow noopener\" target=\"_blank\">negatywnie ocenia rz\u0105d<\/a>, a blisko dwie pi\u0105te badanych uwa\u017ca, \u017ce rz\u0105dz\u0105ca koalicja <a href=\"https:\/\/wiadomosci.onet.pl\/kraj\/czy-obecna-koalicja-rzadzaca-zasluguje-na-kolejna-kadencje-mamy-sondaz\/01272rk\" id=\"2f802e79-c45b-4cd4-87ef-9237eb4ec6e1\" rel=\"nofollow noopener\" target=\"_blank\">nie zas\u0142uguje na kolejn\u0105 kadencj\u0119<\/a>.Jednocze\u015bnie trudne by\u0142oby stworzenie koalicji z ugrupowa\u0144 b\u0119d\u0105cych w opozycji, a Polacy wcale nie s\u0105 przekonani do takiego politycznego maria\u017cu \u2014<a href=\"https:\/\/wiadomosci.onet.pl\/kraj\/wspolna-lista-pis-konfederacji-i-rozwoju-plus-jasne-wskazanie-polakow-sondaz\/b192440\" id=\"04bd91c6-8ec8-4633-996f-9ff2015e7b33\" rel=\"nofollow noopener\" target=\"_blank\"> wynika z badania SW Research dla Onetu<\/a>.<a href=\"https:\/\/www.onet.pl\/\" title=\"Strona G\u0142\u00f3wna\" aria-label=\"Strona G\u0142\u00f3wna\" data-astro-prefetch=\"tap\" class=\"ods-a-logo-main-desktop\" rel=\"nofollow noopener\" target=\"_blank\"><img src=\"https:\/\/cdn.wiadomosci.onet.pl\/img\/Logo_desktop_Onet.svg\" class=\"ods-a-logo-main-desktop__image\" alt=\"Logo\" width=\"107\" height=\"60\" fetchpriority=\"high\" decoding=\"sync\" style=\"height:60px\"\/><\/a><\/p>\n<p class=\"ods-m-google-article__text\">Czytaj nas cz\u0119\u015bciej w Google<\/p>\n<p><a href=\"https:\/\/google.com\/preferences\/source?q=wiadomosci.onet.pl\" target=\"_blank\" rel=\"noopener noreferrer nofollow\" aria-label=\"Dodaj w Google\" title=\"Dodaj w Google\" class=\"ods-a-button ods-a-button__primary ods-a-button__default ods-a-button-l\">Dodaj w Google<\/a>Prognoza wyborcza Onetu. PiS traci kolejne okr\u0119gi<img class=\"ods-a-photo ods-a-photo--background\" src=\"https:\/\/www.europesays.com\/pl\/wp-content\/uploads\/2026\/09\/vYgk9lBaHR0cHM6Ly9vY2RuLmV1L3B1bHNjbXMvTURBXy8zYTMzMmU4Njk5ZjM3ZjU0ZWI1YWM5OGZkNmUxZTZlOS5wbmeRlQLNA.jpeg\" height=\"254\" width=\"450\" alt=\"Prognoza wyborcza Onetu\" loading=\"lazy\" fetchpriority=\"low\" decoding=\"async\"\/><\/p>\n<p>Jak m\u00f3g\u0142by wygl\u0105da\u0107 zatem Sejm po wyborach? W nowym sonda\u017cu Instytutu Bada\u0144 Pollster na zlecenie &#8222;Super Expressu&#8221; Polacy zostali zapytani, na kogo oddaliby g\u0142os w wyborach parlamentarnych.<\/p>\n<p>Dalszy ci\u0105g artyku\u0142u pod materia\u0142em wideoA\u017c sze\u015b\u0107 partii w Sejmie, dwie mog\u0105 mie\u0107 powody do zadowolenia. Jest sonda\u017c<\/p>\n<p>W nowym sonda\u017cu prowadzi Koalicja Obywatelska, na kt\u00f3r\u0105 chce g\u0142osowa\u0107 33,3 proc. Polak\u00f3w (wzrost o 1,7 pkt proc. w por\u00f3wnaniu z poprzednim badaniem). Na drugim miejscu jest Prawo i Sprawiedliwo\u015b\u0107 z wynikiem 22,2 proc. (wzrost o 0,7 pkt proc.). Podium zamyka Konfederacja, kt\u00f3ra mo\u017ce liczy\u0107 na 13,5 proc. g\u0142os\u00f3w.<\/p>\n<p>Dobry wynik notuje Lewica, na kt\u00f3r\u0105 chce g\u0142osowa\u0107 8,2 proc. os\u00f3b (wzrost o 0,5 pkt proc.). Wyprzedza tym samym Konfederacj\u0119 Korony Polskiej Grzegorza Brauna, kt\u00f3ra uzyska\u0142a wynik 8 proc. (spadek o 1 pkt proc.). Do Sejmu wesz\u0142oby jeszcze ugrupowanie Rozw\u00f3j Plus Mateusza Morawieckiego, kt\u00f3re mo\u017ce liczy\u0107 na poparcie 5,1 proc. wyborc\u00f3w. Warto zwr\u00f3ci\u0107 uwag\u0119, \u017ce formacja balansuje na granicy progu wyborczego, a w badaniu tej pracowni z 25 lipca znalaz\u0142a si\u0119 pod nim.<\/p>\n<p>Wed\u0142ug nowego sonda\u017cu do Sejmu nie dosta\u0142yby si\u0119 partia Razem z wynikiem 4,1 proc. oraz Polskie Stronnictwo Ludowe, na kt\u00f3re chce g\u0142osowa\u0107 3,3 proc. os\u00f3b.<\/p>\n<p>Polska 2050 mo\u017ce liczy\u0107 na poparcie 1,7 proc. wyborc\u00f3w, a Unia Centrum \u2014 0,33 proc. badanych. Odpowied\u017a &#8222;inna partia&#8221; wskaza\u0142o 0,1 proc. ankietowanych.<\/p>\n<p>***<\/p>\n<p>Sonda\u017c Instytutu Bada\u0144 Pollster na zlecenie &#8222;Super Expressu&#8221; zosta\u0142 przeprowadzony w dniach 1-2 wrze\u015bnia 2026 r. metod\u0105 wspomaganych komputerowo wywiad\u00f3w internetowych (CAWI) na pr\u00f3bie 1008 doros\u0142ych Polak\u00f3w.<\/p>\n","protected":false},"excerpt":{"rendered":"Dotychczasowe badania nie daj\u0105 Koalicji Obywatelskiej szans na pozostanie u w\u0142adzy. Ponad po\u0142owa Polak\u00f3w negatywnie ocenia rz\u0105d, a&hellip;\n","protected":false},"author":2,"featured_media":665846,"comment_status":"","ping_status":"","sticky":false,"template":"","format":"standard","meta":{"footnotes":"","_share_on_mastodon":"0"},"categories":[62713],"tags":[61195,1345,7210,1006,7211,49,4463,48,46,529,47,423,231],"class_list":["post-665845","post","type-post","status-publish","format-standard","has-post-thumbnail","category-donald-tusk","tag-bottomfeed_styl","tag-donald-tusk","tag-koalicja_obywatelska","tag-konfederacja","tag-konfederacja_korony_polskiej","tag-kraj","tag-lewica","tag-nat_styl","tag-omp","tag-pis","tag-screening_general","tag-sejm","tag-sondaze"],"share_on_mastodon":{"url":"https:\/\/pubeurope.com\/@pl\/117210104795278181","error":""},"_links":{"self":[{"href":"https:\/\/www.europesays.com\/pl\/wp-json\/wp\/v2\/posts\/665845","targetHints":{"allow":["GET"]}}],"collection":[{"href":"https:\/\/www.europesays.com\/pl\/wp-json\/wp\/v2\/posts"}],"about":[{"href":"https:\/\/www.europesays.com\/pl\/wp-json\/wp\/v2\/types\/post"}],"author":[{"embeddable":true,"href":"https:\/\/www.europesays.com\/pl\/wp-json\/wp\/v2\/users\/2"}],"replies":[{"embeddable":true,"href":"https:\/\/www.europesays.com\/pl\/wp-json\/wp\/v2\/comments?post=665845"}],"version-history":[{"count":0,"href":"https:\/\/www.europesays.com\/pl\/wp-json\/wp\/v2\/posts\/665845\/revisions"}],"wp:featuredmedia":[{"embeddable":true,"href":"https:\/\/www.europesays.com\/pl\/wp-json\/wp\/v2\/media\/665846"}],"wp:attachment":[{"href":"https:\/\/www.europesays.com\/pl\/wp-json\/wp\/v2\/media?parent=665845"}],"wp:term":[{"taxonomy":"category","embeddable":true,"href":"https:\/\/www.europesays.com\/pl\/wp-json\/wp\/v2\/categories?post=665845"},{"taxonomy":"post_tag","embeddable":true,"href":"https:\/\/www.europesays.com\/pl\/wp-json\/wp\/v2\/tags?post=665845"}],"curies":[{"name":"wp","href":"https:\/\/api.w.org\/{rel}","templated":true}]}}