{"id":665855,"date":"2026-09-04T01:20:33","date_gmt":"2026-09-04T01:20:33","guid":{"rendered":"https:\/\/www.europesays.com\/pl\/665855\/"},"modified":"2026-09-04T01:20:33","modified_gmt":"2026-09-04T01:20:33","slug":"lublin-121-nowych-mieszkan-komunalnych-na-felinie-pierwsze-rodziny-otrzymaly-klucze","status":"publish","type":"post","link":"https:\/\/www.europesays.com\/pl\/665855\/","title":{"rendered":"Lublin: 121 nowych mieszka\u0144 komunalnych na Felinie. Pierwsze rodziny otrzyma\u0142y klucze"},"content":{"rendered":"<p><a href=\"https:\/\/www.lublin112.pl\/\" class=\"wp-image-container\" rel=\"nofollow noopener\" target=\"_blank\"><img decoding=\"async\" src=\"https:\/\/www.europesays.com\/pl\/wp-content\/uploads\/2026\/09\/1788484832_689_MGM4YTQ2YiYsVi9nfklvM28Oez04EGFlOBZjdn5RYnZ9BCFgYR0rLiFRKzEhXWMgP0EpNSZCYzchGzgkOB07dmJQMCchXiw-YlE0.jpeg\" alt=\"\"\/><\/a>Tre\u015b\u0107 pochodzi od naszego partnera i zosta\u0142a opublikowana w ramach programu\u00a0 <a href=\"https:\/\/kreator.wp.pl\" class=\"wp-creator-link\" rel=\"nofollow noopener\" target=\"_blank\">WP Kreator<\/a> <\/p>\n<p>Nowe budynki powsta\u0142y przy ul. Kr\u00f3lowej Bony 2, 4\u00a0i\u00a06. \u0141\u0105czna powierzchnia znajduj\u0105cych si\u0119 w\u00a0nich mieszka\u0144 przekracza 5,2 tys. m\u00b2. Najmniejsze lokale maj\u0105 oko\u0142o 26\u00a0m\u00b2, a\u00a0najwi\u0119ksze oko\u0142o 63\u00a0m\u00b2.<\/p>\n<p>W\u00a0pierwszym budynku przygotowano 45\u00a0mieszka\u0144, w\u00a0drugim 44, natomiast w\u00a0trzecim 32\u00a0lokale.<\/p>\n<p>\u2014 Realizacja inwestycji przy ul. Kr\u00f3lowej Bony to wa\u017cny element polityki mieszkaniowej Lublina. 121 nowych lokali stanowi konkretn\u0105 odpowied\u017a na potrzeby os\u00f3b i rodzin oczekuj\u0105cych na stabilne i bezpieczne warunki mieszkaniowe. Inwestycja pokazuje r\u00f3wnie\u017c, jak istotne dla realizacji projekt\u00f3w samorz\u0105dowych jest pozyskiwanie \u015brodk\u00f3w zewn\u0119trznych. Dzi\u0119ki dofinansowaniu z Funduszu Dop\u0142at Banku Gospodarstwa Krajowego mogli\u015bmy zrealizowa\u0107 przedsi\u0119wzi\u0119cie na du\u017c\u0105 skal\u0119. R\u00f3wnolegle analizujemy kolejne lokalizacje, w kt\u00f3rych mog\u0142yby powsta\u0107 nast\u0119pne inwestycje mieszkaniowe. W ten spos\u00f3b zwi\u0119kszamy zas\u00f3b mieszka\u0144 komunalnych w Lublinie, \u0142\u0105cz\u0105c budow\u0119 nowych budynk\u00f3w z odzyskiwaniem i remontowaniem istniej\u0105cych lokali, tak aby wkr\u00f3tce mog\u0142y trafia\u0107 do potrzebuj\u0105cych mieszkanek i mieszka\u0144c\u00f3w \u2014 m\u00f3wi Krzysztof \u017buk, prezydent Lublina.<\/p>\n<p> <img role=\"presentation\" class=\"absolute left-1\/2 top-1\/2 max-h-[80%] max-w-[100px] -translate-x-1\/2 -translate-y-1\/2\" src=\"https:\/\/v.wpimg.pl\/ZXJfd3AudTkrBBIAbg54LGhcRlAxHQUrPgJGH2MAeGJoSQ1eIBI_K2UHAEVuBTY5KQMMXC0RPyoVERQdMgM9ejc\" loading=\"lazy\" decoding=\"async\"\/><\/p>\n<p>Mieszkania gotowe do zamieszkania<\/p>\n<p>Lokale zosta\u0142y wyko\u0144czone w\u00a0standardzie umo\u017cliwiaj\u0105cym szybkie wprowadzenie si\u0119 nowych mieszka\u0144c\u00f3w. Wyposa\u017cono je mi\u0119dzy innymi w\u00a0kuchenki elektryczne z\u00a0piekarnikiem, zlewozmywaki, bia\u0142y monta\u017c w\u00a0\u0142azienkach, drzwi wewn\u0119trzne oraz wyk\u0142adziny.<\/p>\n<p>Ka\u017cde mieszkanie ma przestronny balkon od strony po\u0142udniowej oraz przypisan\u0105 kom\u00f3rk\u0119 lokatorsk\u0105.<\/p>\n<p>\u2014 Zale\u017ca\u0142o nam, aby nowe mieszkania by\u0142y przygotowane tak, by przyszli mieszka\u0144cy mogli mo\u017cliwie szybko rozpocz\u0105\u0107 w nich samodzielne \u017cycie. Dlatego zosta\u0142y wyko\u0144czone i wyposa\u017cone w podstawowe elementy niezb\u0119dne do codziennego funkcjonowania. Szczeg\u00f3ln\u0105 uwag\u0119 zwr\u00f3cili\u015bmy r\u00f3wnie\u017c na dost\u0119pno\u015b\u0107 \u2013 tak, aby nowe osiedle by\u0142o przyjazne mieszka\u0144com o r\u00f3\u017cnych potrzebach \u2014 m\u00f3wi Piotr Samolej, dyrektor Zarz\u0105du Nieruchomo\u015bci Komunalnych w Lublinie.<\/p>\n<p> <img role=\"presentation\" class=\"absolute left-1\/2 top-1\/2 max-h-[80%] max-w-[100px] -translate-x-1\/2 -translate-y-1\/2\" src=\"https:\/\/v.wpimg.pl\/ZXJfd3AudTkrBBIAbg54LGhcRlAxHQUrPgJGH2MAeGJoSQ1eIBI_K2UHAEVuBTY5KQMMXC0RPyoVERQdMgM9ejc\" loading=\"lazy\" decoding=\"async\"\/><\/p>\n<p>Dziesi\u0119\u0107 lokali bez barier<\/p>\n<p>W\u00a0ka\u017cdym z\u00a0trzech budynk\u00f3w powsta\u0142y mieszkania przystosowane do potrzeb os\u00f3b z\u00a0niepe\u0142nosprawno\u015bciami. \u0141\u0105cznie przygotowano 10\u00a0takich lokali: po cztery przy ul. Kr\u00f3lowej Bony 2\u00a0i\u00a04\u00a0oraz dwa przy ul. Kr\u00f3lowej Bony 6.<\/p>\n<p>Mieszkania te znajduj\u0105 si\u0119 na parterach. W\u00a0budynkach zastosowano szerokie drzwi i\u00a0ci\u0105gi komunikacyjne, bezprogowe wej\u015bcia oraz windy. Bez barier architektonicznych zaprojektowano r\u00f3wnie\u017c teren wok\u00f3\u0142 obiekt\u00f3w.<\/p>\n<p>Przy budynkach wykonano ci\u0105gi piesze i\u00a0ustawiono \u0142awki. Pojawi\u0142y si\u0119 tak\u017ce drzewa, krzewy i\u00a0trawniki. Dla najm\u0142odszych mieszka\u0144c\u00f3w przygotowano plac zabaw, a\u00a0przy wej\u015bciach do klatek schodowych zamontowano stojaki na rowery.<\/p>\n<p> <img role=\"presentation\" class=\"absolute left-1\/2 top-1\/2 max-h-[80%] max-w-[100px] -translate-x-1\/2 -translate-y-1\/2\" src=\"https:\/\/v.wpimg.pl\/ZXJfd3AudTkrBBIAbg54LGhcRlAxHQUrPgJGH2MAeGJoSQ1eIBI_K2UHAEVuBTY5KQMMXC0RPyoVERQdMgM9ejc\" loading=\"lazy\" decoding=\"async\"\/> <\/p>\n<p>Do ka\u017cdego mieszkania przypisano jedno miejsce postojowe. Na parkingu wyznaczono r\u00f3wnie\u017c stanowiska dla os\u00f3b z\u00a0niepe\u0142nosprawno\u015bciami. Infrastruktura osiedla obejmuje ponadto dwie altany \u015bmietnikowe oraz instalacj\u0119 umo\u017cliwiaj\u0105c\u0105 wykonanie 18\u00a0punkt\u00f3w \u0142adowania samochod\u00f3w elektrycznych.<\/p>\n<p>Budynki pod\u0142\u0105czono do miejskiej sieci ciep\u0142owniczej LPEC. Na potrzeby cz\u0119\u015bci wsp\u00f3lnych zamontowano instalacje fotowoltaiczne, kt\u00f3re maj\u0105 ogranicza\u0107 zu\u017cycie energii.<\/p>\n<p>Inwestycja za blisko 35 mln z\u0142<\/p>\n<p>\u0141\u0105czny koszt przedsi\u0119wzi\u0119cia wyni\u00f3s\u0142 oko\u0142o 35\u00a0mln z\u0142. A\u017c 80\u00a0proc. tej kwoty stanowi\u0142o dofinansowanie z\u00a0Funduszu Dop\u0142at Banku Gospodarstwa Krajowego.<\/p>\n<p> <img role=\"presentation\" class=\"absolute left-1\/2 top-1\/2 max-h-[80%] max-w-[100px] -translate-x-1\/2 -translate-y-1\/2\" src=\"https:\/\/v.wpimg.pl\/ZXJfd3AudTkrBBIAbg54LGhcRlAxHQUrPgJGH2MAeGJoSQ1eIBI_K2UHAEVuBTY5KQMMXC0RPyoVERQdMgM9ejc\" loading=\"lazy\" decoding=\"async\"\/> <\/p>\n<p>Obecnie trwa procedura administracyjna zwi\u0105zana z\u00a0przydzielaniem lokali. Miasto podpisuje umowy najmu i\u00a0przekazuje klucze kolejnym mieszka\u0144com.<\/p>\n<p>Po\u0142ow\u0119 mieszka\u0144 przeznaczono na zamiany lokali. Pozosta\u0142e maj\u0105 trafi\u0107 do os\u00f3b zakwalifikowanych do otrzymania mieszkania z\u00a0miejskiego zasobu, a\u00a0tak\u017ce do mieszka\u0144c\u00f3w obj\u0119tych wykwaterowaniami inwestycyjnymi lub opuszczaj\u0105cych lokale wy\u0142\u0105czone z\u00a0u\u017cytkowania ze wzgl\u0119du na z\u0142y stan techniczny.<\/p>\n<p>Lublin przygotowuje kolejne mieszkania<\/p>\n<p>W\u00a0drugiej po\u0142owie kwietnia miasto podpisa\u0142o umow\u0119 na budow\u0119 99\u00a0mieszka\u0144 komunalnych przy ul. Wro\u0144skiej 5\u00a0w\u00a0dzielnicy Bronowice. Dziewi\u0119ciokondygnacyjny budynek z\u00a0windami ma by\u0107 gotowy latem 2028\u00a0r. Znajd\u0105 si\u0119 w\u00a0nim 54\u00a0mieszkania dwupokojowe i\u00a045\u00a0trzypokojowych.<\/p>\n<p> <img role=\"presentation\" class=\"absolute left-1\/2 top-1\/2 max-h-[80%] max-w-[100px] -translate-x-1\/2 -translate-y-1\/2\" src=\"https:\/\/v.wpimg.pl\/ZXJfd3AudTkrBBIAbg54LGhcRlAxHQUrPgJGH2MAeGJoSQ1eIBI_K2UHAEVuBTY5KQMMXC0RPyoVERQdMgM9ejc\" loading=\"lazy\" decoding=\"async\"\/> <\/p>\n<p>Warto\u015b\u0107 inwestycji wynosi oko\u0142o 32\u00a0mln z\u0142 brutto. Projekt obejmuje r\u00f3wnie\u017c kondygnacj\u0119 podziemn\u0105 z\u00a0kom\u00f3rkami lokatorskimi, instalacj\u0119 fotowoltaiczn\u0105, parkingi, drogi dojazdowe, chodniki, plac zabaw, elementy ma\u0142ej architektury oraz nowe nasadzenia zieleni.<\/p>\n<p>Miasto przygotowuje tak\u017ce przebudow\u0119 oficyny przy ul. Lubartowskiej 27. Ma tam powsta\u0107 sze\u015b\u0107 mieszka\u0144 komunalnych, w\u00a0tym jedno dostosowane do potrzeb os\u00f3b z\u00a0niepe\u0142nosprawno\u015bciami. Samorz\u0105d zamierza ubiega\u0107 si\u0119 o\u00a0dofinansowanie z\u00a0BGK pokrywaj\u0105ce do 80\u00a0proc. koszt\u00f3w tego przedsi\u0119wzi\u0119cia.<\/p>\n<p> <a class=\"wp-video-title-link\" href=\"https:\/\/wiadomosci.wp.pl\/wymyslili-jak-wyprostowac-puszke-do-systemu-kaucyjnego-poznaj-patent-7325460313506369v\" rel=\"nofollow noopener\" target=\"_blank\">Wymy\u015blili, jak wyprostowa\u0107 puszk\u0119 do\u00a0systemu kaucyjnego. Poznaj patent <\/a> <\/p>\n<p>Kolejny projekt planuje sp\u00f3\u0142ka TBS &#8222;Nowy Dom&#8221;. W\u00a0rejonie ul. Droga M\u0119czennik\u00f3w Majdanka oraz ul. J\u00f3zefa Franczaka &#8222;Lalka&#8221; ma powsta\u0107 oko\u0142o 70\u00a0mieszka\u0144 wraz z\u00a0niezb\u0119dn\u0105 infrastruktur\u0105. Trwa przekazywanie sp\u00f3\u0142ce niezabudowanych miejskich dzia\u0142ek. Po uzgodnieniu warunk\u00f3w realizacji grunty maj\u0105 zosta\u0107 wniesione do TBS aportem, co pozwoli rozpocz\u0105\u0107 projektowanie i\u00a0procedur\u0119 uzyskania pozwolenia na budow\u0119.<\/p>\n<p> <img role=\"presentation\" class=\"absolute left-1\/2 top-1\/2 max-h-[80%] max-w-[100px] -translate-x-1\/2 -translate-y-1\/2\" src=\"https:\/\/v.wpimg.pl\/ZXJfd3AudTkrBBIAbg54LGhcRlAxHQUrPgJGH2MAeGJoSQ1eIBI_K2UHAEVuBTY5KQMMXC0RPyoVERQdMgM9ejc\" loading=\"lazy\" decoding=\"async\"\/> <\/p>\n<p>Lublin rozwija ponadto segment mieszka\u0144 na wynajem instytucjonalny przy ul. Krochmalnej, realizowany w\u00a0ramach programu &#8222;Mieszkanie na Start&#8221; z\u00a0dop\u0142atami BGK.<\/p>\n","protected":false},"excerpt":{"rendered":"Tre\u015b\u0107 pochodzi od naszego partnera i zosta\u0142a opublikowana w ramach programu\u00a0 WP Kreator Nowe budynki powsta\u0142y przy ul.&hellip;\n","protected":false},"author":2,"featured_media":665856,"comment_status":"","ping_status":"","sticky":false,"template":"","format":"standard","meta":{"footnotes":"","_share_on_mastodon":"0"},"categories":[51612],"tags":[1081,42,38,40,39,41],"class_list":["post-665855","post","type-post","status-publish","format-standard","has-post-thumbnail","category-lublin","tag-lublin","tag-pl","tag-poland","tag-polish","tag-polska","tag-polski"],"share_on_mastodon":{"url":"https:\/\/pubeurope.com\/@pl\/117210149218172319","error":""},"_links":{"self":[{"href":"https:\/\/www.europesays.com\/pl\/wp-json\/wp\/v2\/posts\/665855","targetHints":{"allow":["GET"]}}],"collection":[{"href":"https:\/\/www.europesays.com\/pl\/wp-json\/wp\/v2\/posts"}],"about":[{"href":"https:\/\/www.europesays.com\/pl\/wp-json\/wp\/v2\/types\/post"}],"author":[{"embeddable":true,"href":"https:\/\/www.europesays.com\/pl\/wp-json\/wp\/v2\/users\/2"}],"replies":[{"embeddable":true,"href":"https:\/\/www.europesays.com\/pl\/wp-json\/wp\/v2\/comments?post=665855"}],"version-history":[{"count":0,"href":"https:\/\/www.europesays.com\/pl\/wp-json\/wp\/v2\/posts\/665855\/revisions"}],"wp:featuredmedia":[{"embeddable":true,"href":"https:\/\/www.europesays.com\/pl\/wp-json\/wp\/v2\/media\/665856"}],"wp:attachment":[{"href":"https:\/\/www.europesays.com\/pl\/wp-json\/wp\/v2\/media?parent=665855"}],"wp:term":[{"taxonomy":"category","embeddable":true,"href":"https:\/\/www.europesays.com\/pl\/wp-json\/wp\/v2\/categories?post=665855"},{"taxonomy":"post_tag","embeddable":true,"href":"https:\/\/www.europesays.com\/pl\/wp-json\/wp\/v2\/tags?post=665855"}],"curies":[{"name":"wp","href":"https:\/\/api.w.org\/{rel}","templated":true}]}}