{"id":665857,"date":"2026-09-04T01:21:41","date_gmt":"2026-09-04T01:21:41","guid":{"rendered":"https:\/\/www.europesays.com\/pl\/665857\/"},"modified":"2026-09-04T01:21:41","modified_gmt":"2026-09-04T01:21:41","slug":"szczecinskie-osiedle-z-nagroda-od-nowojorskiego-magazynu-najlepszy-projekt-mieszkaniowy","status":"publish","type":"post","link":"https:\/\/www.europesays.com\/pl\/665857\/","title":{"rendered":"Szczeci\u0144skie osiedle z nagrod\u0105 od nowojorskiego magazynu. \u201eNajlepszy projekt mieszkaniowy\u201d"},"content":{"rendered":"<p>\n                        Osiedle Ko\u015bcieliska budowane przez firm\u0119 Asset Home na szczeci\u0144skich Gumie\u0144cach ma szans\u0119 sta\u0107 si\u0119 jednym z projekt\u00f3w, o kt\u00f3rych b\u0119dzie m\u00f3wi\u0107 \u015bwiat nieruchomo\u015bci i budownictwa. Przestronne, funkcjonalne i bardzo estetyczne osiedle zosta\u0142o dostrze\u017cone przez nowojorski magazyn Architizer. Projekt zosta\u0142 doceniony za wyj\u0105tkowe podej\u015bcie do przestrzeni, kt\u00f3re w dzisiejszych czasach jest rzadko\u015bci\u0105 w budownictwie szeregowym. \u2013 Moim celem jest tworzenie przestrzeni do pi\u0119knego i wygodnego \u017cycia. Nie budujemy kurnik\u00f3w \u2013 m\u00f3wi Micha\u0142 Wasik, prezes zarz\u0105du Assethome.\n                    <\/p>\n<p>                                                                            Architizer Award dla Osiedla Ko\u015bcieliska<\/p>\n<p align=\"JUSTIFY\">Osiedle Ko\u015bcieliska to projekt, kt\u00f3ry ma wszelkie predyspozycje do tego, by sta\u0107 si\u0119 jedn\u0105 z budowlanych wizyt\u00f3wek Szczecina. Projekt przyci\u0105ga uwag\u0119 niestandardowym podej\u015bciem do przestrzeni. Poza cz\u0119\u015bciami indywidualnymi zak\u0142ada szerok\u0105 przestrze\u0144 wsp\u00f3ln\u0105, kt\u00f3ra sprawi, \u017ce mieszka\u0144cy osiedla nie b\u0119d\u0105 czuli si\u0119 odizolowani od innych miejsc. Ma by\u0107 wygodnie, swobodnie, a jednocze\u015bnie bardzo blisko do centrum Szczecina.<\/p>\n<p align=\"JUSTIFY\">&#8211; Osiedle Ko\u015bcieliska od centrum dzieli zaledwie 10 minut. To jest jeden z tych projekt\u00f3w, kt\u00f3ry daje nam zalety \u017cycia w du\u017cym mie\u015bcie i poczucie, \u017ce mieszkamy w miejscu o wiele spokojniejszym, daj\u0105cym wytchnienie. Budujemy 33 domy w zabudowie szeregowej. Domy zaprojektowano w metra\u017cach od 127 do 161 m\u00b2, z przemy\u015blanym uk\u0142adem pomieszcze\u0144. Opr\u00f3cz parteru i pi\u0119tra, do dyspozycji mieszka\u0144c\u00f3w jest trzeci poziom, kt\u00f3ry mo\u017cna zaaran\u017cowa\u0107 jako sypialni\u0119, gabinet czy przestronn\u0105 garderob\u0119. Do tego przestrze\u0144 jest zaplanowana tak, by ka\u017cdy dom mia\u0142 swoje szerokie okna. Domy s\u0105 wi\u0119c jasne, z widokiem na aran\u017cowan\u0105 przestrze\u0144 zielon\u0105. Jeste\u015bmy z tego projektu bardzo dumni. To jest najwy\u017csza jako\u015b\u0107 budownictwa \u2013 m\u00f3wi Micha\u0142 W\u0105sik, prezes Asset Home.<\/p>\n<p align=\"JUSTIFY\">&#8211; Nietuzinkowy uk\u0142ad, trzy rodzaje elewacji, wszystko to buduje wyj\u0105tkowe miejsce \u2013 dodaje.<\/p>\n<p align=\"JUSTIFY\">Osiedle Ko\u015bcieliska mo\u017ce pochwali\u0107 si\u0119 niezwyk\u0142ym wyr\u00f3\u017cnieniem. Projekt zosta\u0142 doceniony przez nowojorski magazyn architektoniczny Architizer.<\/p>\n<p align=\"JUSTIFY\">&#8211; To nie jest cz\u0119sta sprawa, \u017ce obiekt jest doceniany ju\u017c na etapie projektowania. Na pewno b\u0119dziemy stara\u0107 si\u0119, by po zako\u0144czeniu realizacji to miejsce trafi\u0142o do jeszcze innych konkurs\u00f3w czy magazyn\u00f3w architektonicznych. Dostrze\u017cenie przez Architizera ju\u017c jest czym\u015b wielkim &#8211; m\u00f3wi Karol Nieradka, architekt, za\u0142o\u017cyciel biura maxberg.<\/p>\n<p align=\"JUSTIFY\">&#8211; Architizer Award to powa\u017cne wyr\u00f3\u017cnienie przyznane dla niewybudowanego jeszcze do ko\u0144ca obiektu przez drugi najwi\u0119kszy na \u015bwiecie portal o architekturze. Wielki sukces \u2013 dodaje Karol Nieradka.<\/p>\n<p>\u201eNajwa\u017cniejsza jest przestrze\u0144\u201d<\/p>\n<p align=\"JUSTIFY\">Osiedle Ko\u015bcieliska pod wieloma wzgl\u0119dami b\u0119dzie miejscem wyj\u0105tkowym.<\/p>\n<p align=\"JUSTIFY\">&#8211; Chcieli\u015bmy stworzy\u0107 co\u015b, co b\u0119dzie architektonicznie niepodobne do innych realizacji z naszego portfolio, ale te\u017c do innych projekt\u00f3w jakie znamy \u2013 m\u00f3wi Marek Ole\u015bk\u00f3w, cz\u0142onek zarz\u0105du Assethome. \u2013 Szukali\u015bmy inspiracji, wypracowali\u015bmy projekt, kt\u00f3ry jest unikatowy. To domy, kt\u00f3re s\u0105 atrakcyjne dzisiaj, ale b\u0119d\u0105 te\u017c za kilkana\u015bcie lat. Komfort jest wysoki, standard budowy najwy\u017cszy, a wszystko otoczone zieleni\u0105 \u2013 dodaje Marek Ole\u015bk\u00f3w.<\/p>\n<p align=\"JUSTIFY\">Wygoda \u017cycia przysz\u0142ych najemc\u00f3w by\u0142a priorytetem na etapie projektowania i jest na etapie budowy. Dlatego efektowne wizualizacje wiernie s\u0105 odzwierciedlane podczas prac budowlanych.<\/p>\n<p align=\"JUSTIFY\">&#8211; Nie mamy w\u0105skich domeczk\u00f3w, a szersze budynki z du\u017c\u0105 przestrzeni\u0105 wsp\u00f3ln\u0105 dooko\u0142a. Bezpiecze\u0144stwo, funkcjonalno\u015b\u0107 i du\u017co zieleni. \u2013 dodaje Karol Nieradka.<\/p>\n<p align=\"JUSTIFY\">&#8211; Bardzo cz\u0119sto ju\u017c po pierwszym spacerze klienci m\u00f3wi\u0105, \u017ce wyobra\u017caj\u0105 sobie \u017cycie w tym miejscu. Dominuj\u0105cym klientem s\u0105 rodziny z dzie\u0107mi, kt\u00f3re szukaj\u0105 domu, ale z zaletami \u017cycia na nowoczesnym osiedlu \u2013 m\u00f3wi Magdalena Baranowska, doradczyni ds. nieruchomo\u015bci Assethome.<\/p>\n<p align=\"JUSTIFY\">Gumie\u0144ce to dzi\u015b jedna z ostatnich cz\u0119\u015bci Szczecina, gdzie mo\u017cna znale\u017a\u0107 tak dobrze zlokalizowan\u0105 inwestycj\u0119 o kameralnym charakterze. Inwestorzy podkre\u015blaj\u0105 walory wynikaj\u0105ce z blisko\u015bci do centrum, a jednocze\u015bnie tworzeniu enklawy, kt\u00f3ra daje wytchnienie i spok\u00f3j.<\/p>\n","protected":false},"excerpt":{"rendered":"Osiedle Ko\u015bcieliska budowane przez firm\u0119 Asset Home na szczeci\u0144skich Gumie\u0144cach ma szans\u0119 sta\u0107 si\u0119 jednym z projekt\u00f3w, o&hellip;\n","protected":false},"author":2,"featured_media":665858,"comment_status":"","ping_status":"","sticky":false,"template":"","format":"standard","meta":{"footnotes":"","_share_on_mastodon":"0"},"categories":[51611],"tags":[291,1089,3839,3511,261,3840,42,38,40,907,39,41,123,2307,26,1092],"class_list":["post-665857","post","type-post","status-publish","format-standard","has-post-thumbnail","category-szczecin","tag-historia","tag-imprezy","tag-interwencje","tag-inwestycje","tag-kultura","tag-lokale","tag-pl","tag-poland","tag-polish","tag-polityka","tag-polska","tag-polski","tag-rozrywka","tag-szczecin","tag-wiadomosci","tag-wydarzenia"],"share_on_mastodon":{"url":"https:\/\/pubeurope.com\/@pl\/117210152196526207","error":""},"_links":{"self":[{"href":"https:\/\/www.europesays.com\/pl\/wp-json\/wp\/v2\/posts\/665857","targetHints":{"allow":["GET"]}}],"collection":[{"href":"https:\/\/www.europesays.com\/pl\/wp-json\/wp\/v2\/posts"}],"about":[{"href":"https:\/\/www.europesays.com\/pl\/wp-json\/wp\/v2\/types\/post"}],"author":[{"embeddable":true,"href":"https:\/\/www.europesays.com\/pl\/wp-json\/wp\/v2\/users\/2"}],"replies":[{"embeddable":true,"href":"https:\/\/www.europesays.com\/pl\/wp-json\/wp\/v2\/comments?post=665857"}],"version-history":[{"count":0,"href":"https:\/\/www.europesays.com\/pl\/wp-json\/wp\/v2\/posts\/665857\/revisions"}],"wp:featuredmedia":[{"embeddable":true,"href":"https:\/\/www.europesays.com\/pl\/wp-json\/wp\/v2\/media\/665858"}],"wp:attachment":[{"href":"https:\/\/www.europesays.com\/pl\/wp-json\/wp\/v2\/media?parent=665857"}],"wp:term":[{"taxonomy":"category","embeddable":true,"href":"https:\/\/www.europesays.com\/pl\/wp-json\/wp\/v2\/categories?post=665857"},{"taxonomy":"post_tag","embeddable":true,"href":"https:\/\/www.europesays.com\/pl\/wp-json\/wp\/v2\/tags?post=665857"}],"curies":[{"name":"wp","href":"https:\/\/api.w.org\/{rel}","templated":true}]}}