{"id":665885,"date":"2026-09-04T01:36:19","date_gmt":"2026-09-04T01:36:19","guid":{"rendered":"https:\/\/www.europesays.com\/pl\/665885\/"},"modified":"2026-09-04T01:36:19","modified_gmt":"2026-09-04T01:36:19","slug":"litwa-wreczyla-pracownikowi-ambasady-rosji-dwie-noty-protestacyjne","status":"publish","type":"post","link":"https:\/\/www.europesays.com\/pl\/665885\/","title":{"rendered":"Litwa wr\u0119czy\u0142a pracownikowi ambasady Rosji dwie noty protestacyjne"},"content":{"rendered":"<p>W pierwszej nocie strona litewska wyrazi\u0142a solidarno\u015b\u0107 z Niemcami i pot\u0119pi\u0142a dzia\u0142ania Rosji zwi\u0105zane z pr\u00f3b\u0105 przeprowadzenia ataku dronem na lotnisku w Lipsku.<\/p>\n<p>&#8222;Bezpo\u015bredni cios&#8221;. Miedwiediew grozi Niemcom atakiem. Za\u0142amanie stosunk\u00f3w mi\u0119dzy Berlinem i Moskw\u0105<img class=\"ods-a-photo ods-a-photo--background\" src=\"https:\/\/www.europesays.com\/pl\/wp-content\/uploads\/2026\/09\/1788485779_830_4chk9lBaHR0cHM6Ly9vY2RuLmV1L3B1bHNjbXMvTURBXy81NzI5MzNiODk5MWE5NjAxMTUyOWM2MjJiNDFkZGRkZC5qcGeRlQLNA.jpeg\" height=\"334\" width=\"450\" alt=\"Dmitrij Miedwiediew\" loading=\"lazy\" fetchpriority=\"low\" decoding=\"async\"\/>Ministerstwo Spraw Zagranicznych Litwy podkre\u015bli\u0142o, \u017ce kraj ten wraz z sojusznikami jest gotowy reagowa\u0107 na wszelkie pr\u00f3by przeprowadzania przez Rosj\u0119 atak\u00f3w hybrydowych lub innych dzia\u0142a\u0144 naruszaj\u0105cych prawo mi\u0119dzynarodowe. Chodzi w szczeg\u00f3lno\u015bci o <a href=\"https:\/\/wiadomosci.onet.pl\/swiat\/bezposrednie-ataki-na-niemieckie-zaklady-zbrojeniowe-jak-daleko-posunie-sie-putin\/ywcsq09\" id=\"d3a3417a-2580-4140-8744-803655431322\" rel=\"nofollow noopener\" target=\"_blank\">dywersj\u0119, sabota\u017c, cyberataki i inne wrogie dzia\u0142ania<\/a>.<a href=\"https:\/\/www.onet.pl\/\" title=\"Strona G\u0142\u00f3wna\" aria-label=\"Strona G\u0142\u00f3wna\" data-astro-prefetch=\"tap\" class=\"ods-a-logo-main-desktop\" rel=\"nofollow noopener\" target=\"_blank\"><img src=\"https:\/\/cdn.wiadomosci.onet.pl\/img\/Logo_desktop_Onet.svg\" class=\"ods-a-logo-main-desktop__image\" alt=\"Logo\" width=\"107\" height=\"60\" fetchpriority=\"high\" decoding=\"sync\" style=\"height:60px\"\/><\/a><\/p>\n<p class=\"ods-m-google-article__text\">Czytaj nas cz\u0119\u015bciej w Google<\/p>\n<p><a href=\"https:\/\/google.com\/preferences\/source?q=wiadomosci.onet.pl\" target=\"_blank\" rel=\"noopener noreferrer nofollow\" aria-label=\"Dodaj w Google\" title=\"Dodaj w Google\" class=\"ods-a-button ods-a-button__primary ods-a-button__default ods-a-button-l\">Dodaj w Google<\/a><\/p>\n<p>\u2014 Wszelkie tego typu dzia\u0142ania skierowane przeciwko jednemu z sojusznik\u00f3w nale\u017cy traktowa\u0107 jako zagro\u017cenie dla bezpiecze\u0144stwa ca\u0142ej wsp\u00f3lnoty euroatlantyckiej \u2014 o\u015bwiadczy\u0142o litewskie MSZ.<\/p>\n<p>Dalszy ci\u0105g artyku\u0142u pod materia\u0142em wideo<\/p>\n<p>Druga nota dotyczy\u0142a rosyjskich atak\u00f3w na ludno\u015b\u0107 cywiln\u0105 Ukrainy. Strona litewska zwr\u00f3ci\u0142a szczeg\u00f3ln\u0105 uwag\u0119 na zmasowany atak na Kij\u00f3w i obw\u00f3d kijowski 1 wrze\u015bnia, w wyniku kt\u00f3rego zgin\u0119\u0142o co najmniej 12 cywil\u00f3w, a kilkadziesi\u0105t os\u00f3b, w tym dzieci, zosta\u0142o rannych.<\/p>\n<p>Litwa wezwa\u0142a Rosj\u0119 do natychmiastowego zaprzestania atak\u00f3w hybrydowych na pa\u0144stwa europejskie, powstrzymania agresji zbrojnej przeciwko Ukrainie oraz wycofania rosyjskich wojsk okupacyjnych z ca\u0142ego terytorium Ukrainy uznanego przez spo\u0142eczno\u015b\u0107 mi\u0119dzynarodow\u0105.<\/p>\n","protected":false},"excerpt":{"rendered":"W pierwszej nocie strona litewska wyrazi\u0142a solidarno\u015b\u0107 z Niemcami i pot\u0119pi\u0142a dzia\u0142ania Rosji zwi\u0105zane z pr\u00f3b\u0105 przeprowadzenia ataku&hellip;\n","protected":false},"author":2,"featured_media":665886,"comment_status":"","ping_status":"","sticky":false,"template":"","format":"standard","meta":{"footnotes":"","_share_on_mastodon":"0"},"categories":[14],"tags":[61195,32,33,27,76,34,35,843,28,31,48,25,46,40,41,87,47,80,29,30,415,26,82,83,84],"class_list":["post-665885","post","type-post","status-publish","format-standard","has-post-thumbnail","category-swiat","tag-bottomfeed_styl","tag-breaking-news","tag-breakingnews","tag-headlines","tag-inwazja_rosji_na_ukraine","tag-latest-news","tag-latestnews","tag-litwa","tag-naglowki","tag-najwazniejsze-artykuly","tag-nat_styl","tag-news","tag-omp","tag-polish","tag-polski","tag-rosja","tag-screening_general","tag-swiat","tag-top-stories","tag-topstories","tag-ukraina","tag-wiadomosci","tag-world","tag-world-news","tag-worldnews"],"share_on_mastodon":{"url":"https:\/\/pubeurope.com\/@pl\/117210211949880017","error":""},"_links":{"self":[{"href":"https:\/\/www.europesays.com\/pl\/wp-json\/wp\/v2\/posts\/665885","targetHints":{"allow":["GET"]}}],"collection":[{"href":"https:\/\/www.europesays.com\/pl\/wp-json\/wp\/v2\/posts"}],"about":[{"href":"https:\/\/www.europesays.com\/pl\/wp-json\/wp\/v2\/types\/post"}],"author":[{"embeddable":true,"href":"https:\/\/www.europesays.com\/pl\/wp-json\/wp\/v2\/users\/2"}],"replies":[{"embeddable":true,"href":"https:\/\/www.europesays.com\/pl\/wp-json\/wp\/v2\/comments?post=665885"}],"version-history":[{"count":0,"href":"https:\/\/www.europesays.com\/pl\/wp-json\/wp\/v2\/posts\/665885\/revisions"}],"wp:featuredmedia":[{"embeddable":true,"href":"https:\/\/www.europesays.com\/pl\/wp-json\/wp\/v2\/media\/665886"}],"wp:attachment":[{"href":"https:\/\/www.europesays.com\/pl\/wp-json\/wp\/v2\/media?parent=665885"}],"wp:term":[{"taxonomy":"category","embeddable":true,"href":"https:\/\/www.europesays.com\/pl\/wp-json\/wp\/v2\/categories?post=665885"},{"taxonomy":"post_tag","embeddable":true,"href":"https:\/\/www.europesays.com\/pl\/wp-json\/wp\/v2\/tags?post=665885"}],"curies":[{"name":"wp","href":"https:\/\/api.w.org\/{rel}","templated":true}]}}