{"id":665889,"date":"2026-09-04T01:38:09","date_gmt":"2026-09-04T01:38:09","guid":{"rendered":"https:\/\/www.europesays.com\/pl\/665889\/"},"modified":"2026-09-04T01:38:09","modified_gmt":"2026-09-04T01:38:09","slug":"pko-ekstraklasa-zmiana-lidera-trwa-koszmar-rakowa-zobacz-tabele-sportowefakty","status":"publish","type":"post","link":"https:\/\/www.europesays.com\/pl\/665889\/","title":{"rendered":"PKO Ekstraklasa: zmiana lidera, trwa koszmar Rakowa, zobacz tabel\u0119 &#8211; SportoweFakty"},"content":{"rendered":"<ol>\n<li><a href=\"https:\/\/news.google.com\/rss\/articles\/CBMisAFBVV95cUxQMXFLUW5ySml3aG51ZkN5X0JHQnV4NTNBZHJMenhxRWRaRXI2LTFiUlZVcFRBeE9PQWhDaUFXSmljWHpMSm1adVRIeFFWODREVG53LVhOeWo4TWdSWEd6UjE5NzhNMkktMHpZVU1HT2JaMXpXUUVaWlpMb3RVU0hhMEtNeWFWNWNKNk1xOElfNmpqbXhJbXUtTDhIcVVCTUdnQXNwQlFGN1RxZll1M1Z2TQ?oc=5\" target=\"_blank\" rel=\"nofollow noopener\">PKO Ekstraklasa: zmiana lidera, trwa koszmar Rakowa, zobacz tabel\u0119<\/a>&nbsp;&nbsp;SportoweFakty<\/li>\n<li><a href=\"https:\/\/news.google.com\/rss\/articles\/CBMizAFBVV95cUxOZ3lMWE5ISzFHVjBhMTVCcDVsQ2NtY0hjQXdwYnFtaEttMi1yMmdJTGVGNjVUcDZmanNCRlZ3UmRpcEFZX3habTBLdnk2VU1BVjgycWd0QkZmYlpnODV2bGxvTTVrcU0yY0w1Q01BZ09WekZYZHgzZVRLeGVweWhoVnRoR2kzcm5jZ0dUU3JoZUdRY0RPZ3J1ZUx5QUIxaGotQTYwS19pQjFwc25pNjFtTF9RQWZEZXlKTDJHWW9ELWNHSTNMTG1KZjRpd3I?oc=5\" target=\"_blank\" rel=\"nofollow noopener\">0:5! Alarm w Rakowie Cz\u0119stochowa. Tego w Ekstraklasie jeszcze nie by\u0142o<\/a>&nbsp;&nbsp;Przegl\u0105d Sportowy<\/li>\n<li><a href=\"https:\/\/news.google.com\/rss\/articles\/CBMirAJBVV95cUxPOXRRU1cwSzJXM2Q0U3RrdklLREJOSDJaRmlFMWdlOUlXT2N0RUpIbGlDNVRTY0xxYzlpaHBVdWZqakxCazBGaXJhcUlOUFJuTjFwNW9MeDVWWlczT2xrV2twMTFmLXNZMzVZRHl5aEhqLVd0VFhYSFY2UnpFY0ItWHVaZXh0WnE5THhiMGZzVW9Yek1OZEpxREVaNDgzWE9uYl8tVERvWENXOXRiWFNmdklfV2VEazdnWFVmMm9sQnNJX0lfdk04NGU1RnlaNzFPSnpMdlEzbFpqOXVJLWh6SEpycktOelpMTlhybGdMZWVOWmw0UU9rWjU4bmZONW1MclBrdENLTzhfeDRvdW9aQlhWMzFsTVY4Wnh2Y3RTZkU0SWczZUoxUlV1czk?oc=5\" target=\"_blank\" rel=\"nofollow noopener\">Pi\u0105ty mecz, pi\u0105ta pora\u017cka. Rak\u00f3w okopuje si\u0119 na dnie tabeli<\/a>&nbsp;&nbsp;Eurosport Polska<\/li>\n<li><a href=\"https:\/\/news.google.com\/rss\/articles\/CBMimgFBVV95cUxPYnlKQm5xUXZZamhLdnBlVFpvemI0VnhjR1luQXZCMWw4WTZYLThhVi0zUll5MFJRdlZ2WUwzZTkwV0JESU4tQ0N1MVlJN2lKSWc3dGMtcklVaVFEVzFvZEM2OG5lUUJwdDdsbFJoa1BabTJEa2J3eVhEcnUyaUFYcThkMFFfT1I3NDQ2OS00czlEelZGaDlsbzZR?oc=5\" target=\"_blank\" rel=\"nofollow noopener\">Wrze po przegranej Rakowa. &#8222;Tu trzeba waln\u0105\u0107 w st\u00f3\u0142&#8221;<\/a>&nbsp;&nbsp;Meczyki.pl<\/li>\n<li><a href=\"https:\/\/news.google.com\/rss\/articles\/CBMilAFBVV95cUxOOC1QbUpUOHlrRlYzdXZTUlJZZkZJc3I0WmxYSXhKUDltV0Y5VVRKcDlsQTB2NlpkNWtjb240RHE5Z0pwNmZ1RUQ0WjAzVWpMRlRBV3Y1RkF6b1dhVlRnMEQ3ZEZQYnVhWVhQdWpLbUhZTmN3SE44NHNDeFRJYy1Wd3lDZG0tcVRSdWFUMDVkT2NaSVFq?oc=5\" target=\"_blank\" rel=\"nofollow noopener\">Dawid Szulczek: Wszystko jest do odwr\u00f3cenia<\/a>&nbsp;&nbsp;SportoweFakty<\/li>\n<\/ol>\n","protected":false},"excerpt":{"rendered":"PKO Ekstraklasa: zmiana lidera, trwa koszmar Rakowa, zobacz tabel\u0119&nbsp;&nbsp;SportoweFakty 0:5! Alarm w Rakowie Cz\u0119stochowa. Tego w Ekstraklasie jeszcze&hellip;\n","protected":false},"author":2,"featured_media":665890,"comment_status":"","ping_status":"","sticky":false,"template":"","format":"standard","meta":{"footnotes":"","_share_on_mastodon":"0"},"categories":[5],"tags":[32,33,36,37,4979,27,2615,34,35,215,28,31,25,269,1724,42,38,40,39,41,2369,29,30,26],"class_list":["post-665889","post","type-post","status-publish","format-standard","has-post-thumbnail","category-naglowki","tag-breaking-news","tag-breakingnews","tag-featured-news","tag-featurednews","tag-gornik-zabrze","tag-headlines","tag-jagiellonia-bialystok","tag-latest-news","tag-latestnews","tag-lech-poznan","tag-naglowki","tag-najwazniejsze-artykuly","tag-news","tag-pilka-nozna","tag-pko-ekstraklasa","tag-pl","tag-poland","tag-polish","tag-polska","tag-polski","tag-rakow-czestochowa","tag-top-stories","tag-topstories","tag-wiadomosci"],"share_on_mastodon":{"url":"https:\/\/pubeurope.com\/@pl\/117210218801225593","error":""},"_links":{"self":[{"href":"https:\/\/www.europesays.com\/pl\/wp-json\/wp\/v2\/posts\/665889","targetHints":{"allow":["GET"]}}],"collection":[{"href":"https:\/\/www.europesays.com\/pl\/wp-json\/wp\/v2\/posts"}],"about":[{"href":"https:\/\/www.europesays.com\/pl\/wp-json\/wp\/v2\/types\/post"}],"author":[{"embeddable":true,"href":"https:\/\/www.europesays.com\/pl\/wp-json\/wp\/v2\/users\/2"}],"replies":[{"embeddable":true,"href":"https:\/\/www.europesays.com\/pl\/wp-json\/wp\/v2\/comments?post=665889"}],"version-history":[{"count":0,"href":"https:\/\/www.europesays.com\/pl\/wp-json\/wp\/v2\/posts\/665889\/revisions"}],"wp:featuredmedia":[{"embeddable":true,"href":"https:\/\/www.europesays.com\/pl\/wp-json\/wp\/v2\/media\/665890"}],"wp:attachment":[{"href":"https:\/\/www.europesays.com\/pl\/wp-json\/wp\/v2\/media?parent=665889"}],"wp:term":[{"taxonomy":"category","embeddable":true,"href":"https:\/\/www.europesays.com\/pl\/wp-json\/wp\/v2\/categories?post=665889"},{"taxonomy":"post_tag","embeddable":true,"href":"https:\/\/www.europesays.com\/pl\/wp-json\/wp\/v2\/tags?post=665889"}],"curies":[{"name":"wp","href":"https:\/\/api.w.org\/{rel}","templated":true}]}}