{"id":66590,"date":"2025-10-24T16:55:08","date_gmt":"2025-10-24T16:55:08","guid":{"rendered":"https:\/\/www.europesays.com\/pl\/66590\/"},"modified":"2025-10-24T16:55:08","modified_gmt":"2025-10-24T16:55:08","slug":"tak-jan-ziolkowski-zareagowal-na-zmiane-w-30-minucie-przeglad-sportowy-onet","status":"publish","type":"post","link":"https:\/\/www.europesays.com\/pl\/66590\/","title":{"rendered":"Tak Jan Zi\u00f3\u0142kowski zareagowa\u0142 na zmian\u0119 w 30. minucie &#8211; Przegl\u0105d Sportowy Onet"},"content":{"rendered":"<ol>\n<li><a href=\"https:\/\/news.google.com\/rss\/articles\/CBMiuAFBVV95cUxNV093azBSTzRtU1BIYVEwUkpFRXlZQ08yQnY5cWg5amJYeVlLODdwWFBfc2JaTEZzeG1MMkxUb3g4ZTVJV2FNREVfZF9Ya3ZOcjRJQjZFeDJCeVdIYTd2dmR3c05ZbldRMVVPV3VQcWprUXNrZ29XRHJuVDJueDBObkp1YVp0U0g1d0FCVXpaQnlDaUEyLW1JZmJtVUtMMEFFR2VYMkl6bG5Gai1BSllqOC1fSk96R0do?oc=5\" target=\"_blank\" rel=\"nofollow noopener\">Tak Jan Zi\u00f3\u0142kowski zareagowa\u0142 na zmian\u0119 w 30. minucie<\/a>&nbsp;&nbsp;Przegl\u0105d Sportowy Onet<\/li>\n<li><a href=\"https:\/\/news.google.com\/rss\/articles\/CBMiygFBVV95cUxNZTRkWTJzOVNvV2s5TzN6ZHAzZUJldTJKSy1MdHVOU3ZOVk9xa19uNnh0ZVBQVWprejI4dG1GSmVvZVRpaFBLd3hfRW8zUmM4eHp6dlZka1lqa1ZzX3VqT0YxNnpaZEtEX1g4c3Rqa3NaTDM4dW43RXEzVzZSSzZtcTduWFpVTnA1VXpqVjZUNmFsVjQzWTF3OG9WMTZURDhLV1NNNjdtdUFyU1BTWDNmUnhaSkZFMTRZcFNwSFRrbDNfcjFyNUxCWGVR?oc=5\" target=\"_blank\" rel=\"nofollow noopener\">Zmiana w 30. minucie! Koszmar Jana Zi\u00f3\u0142kowskiego. I to w takim meczu<\/a>&nbsp;&nbsp;Przegl\u0105d Sportowy Onet<\/li>\n<li><a href=\"https:\/\/news.google.com\/rss\/articles\/CBMirgFBVV95cUxNQzNsVExpNlFZWDk5Sy1BTThsRDlKSHd1cVlKdXR6YkNHY19TWVB3WUN2VkVUWENKdnhvWFJhUU0wRlZjM05TaVQ2MzVoN1c5NVdhZE1zVnQzeGdMLW15T1B0dUFkMlN5N0FwYVBHWXJ5TFBtdUdYSkZWeHI4ZUxHbWE3RXpwR1dJNW9hdlhwRkNFSF9zZ2lzYUVQUExnMlQ4TFkwSlZYWlBrcVdFRXc?oc=5\" target=\"_blank\" rel=\"nofollow noopener\">Zszed\u0142 w 30 minucie. W\u0142osi ujawniaj\u0105, jak zareagowa\u0142 Zi\u00f3\u0142kowski<\/a>&nbsp;&nbsp;SportoweFakty<\/li>\n<li><a href=\"https:\/\/news.google.com\/rss\/articles\/CBMirAFBVV95cUxQZnZhSVNuUVI4TVBPa2xhN1JsbjlPNUFqVEoxOXVqWFpGQTA5NmQ4dVoydDZCazV4eXlkU2ZncVdBSW9GNEVvWUc3dldPT3ZZbnFDZGliMHFfbm15OXhsTEFwQkdXVTRGb3pPOUt5S1M1LVc4Sm9XdmNJWkotVnNKUWFFX245OEF3REJQVG0td1A2b1ZqMXZ1V3hhcGMyYnBlaTRhOUtvNzBtbERN?oc=5\" target=\"_blank\" rel=\"nofollow noopener\">By\u0142o ju\u017c po meczu. Trener Romy m\u00f3wi wprost o Zi\u00f3\u0142kowskim Pi\u0142ka no\u017cna<\/a>&nbsp;&nbsp;Sport.pl<\/li>\n<li><a href=\"https:\/\/news.google.com\/rss\/articles\/CBMiiwJBVV95cUxNWExQYWJXa0Z0OFBJOGZNQnpjS1hhaHduTW9nclJDOFd6VHZxQ0dSZkdhaldsNmw0MkFnQjhyLUZybURSYzB1V0hUUldyRkZ2V1VzSmpZaVh2WWhnMVRkYjI2LU1XYzBJQmkyQmdtdUNnQ2Q4dkJob2FqbFg3Wk9xZnNWeG5zeUFUZDdZbXFQcU9DbUE5b2lJVDVHZEhabFJzaEljYlV4UUJLelV0Ymt1VmlEQTB1SlRwU1NhaE13ZVZCX1gwb2hXejdUYzVRcHFaQUNMMU9FdjRTSXZQUjM4RVlXNHBqUWlGRmxaSWJVV1JQUkFjZ3FwMHpDTjctcndjc2dicDU4aTh2eUk?oc=5\" target=\"_blank\" rel=\"nofollow noopener\">Fatalny wyst\u0119p. Zi\u00f3\u0142kowski zmieniony w pierwszej po\u0142owie<\/a>&nbsp;&nbsp;Eurosport Polska<\/li>\n<\/ol>\n","protected":false},"excerpt":{"rendered":"Tak Jan Zi\u00f3\u0142kowski zareagowa\u0142 na zmian\u0119 w 30. minucie&nbsp;&nbsp;Przegl\u0105d Sportowy Onet Zmiana w 30. minucie! Koszmar Jana Zi\u00f3\u0142kowskiego.&hellip;\n","protected":false},"author":2,"featured_media":66591,"comment_status":"","ping_status":"","sticky":false,"template":"","format":"standard","meta":{"footnotes":""},"categories":[24],"tags":[11899,16727,67,11898,5230,42,38,40,39,41,136,10987,128,47,127,135,126,4562,16503,130],"class_list":{"0":"post-66590","1":"post","2":"type-post","3":"status-publish","4":"format-standard","5":"has-post-thumbnail","7":"category-sport","8":"tag-as_roma","9":"tag-gian_piero_gasperini","10":"tag-intextvideo_splayer","11":"tag-jan_ziolkowski","12":"tag-liga_europy","13":"tag-pl","14":"tag-poland","15":"tag-polish","16":"tag-polska","17":"tag-polski","18":"tag-ps_detal_new","19":"tag-ps_sts_tst1","20":"tag-psv2","21":"tag-screening_general","22":"tag-sport","23":"tag-sport_sport","24":"tag-sports","25":"tag-tka","26":"tag-viktoria_pilzno","27":"tag-wiadomosci_sportowe"},"share_on_mastodon":{"url":"https:\/\/pubeurope.com\/@pl\/115430196937662210","error":""},"_links":{"self":[{"href":"https:\/\/www.europesays.com\/pl\/wp-json\/wp\/v2\/posts\/66590","targetHints":{"allow":["GET"]}}],"collection":[{"href":"https:\/\/www.europesays.com\/pl\/wp-json\/wp\/v2\/posts"}],"about":[{"href":"https:\/\/www.europesays.com\/pl\/wp-json\/wp\/v2\/types\/post"}],"author":[{"embeddable":true,"href":"https:\/\/www.europesays.com\/pl\/wp-json\/wp\/v2\/users\/2"}],"replies":[{"embeddable":true,"href":"https:\/\/www.europesays.com\/pl\/wp-json\/wp\/v2\/comments?post=66590"}],"version-history":[{"count":0,"href":"https:\/\/www.europesays.com\/pl\/wp-json\/wp\/v2\/posts\/66590\/revisions"}],"wp:featuredmedia":[{"embeddable":true,"href":"https:\/\/www.europesays.com\/pl\/wp-json\/wp\/v2\/media\/66591"}],"wp:attachment":[{"href":"https:\/\/www.europesays.com\/pl\/wp-json\/wp\/v2\/media?parent=66590"}],"wp:term":[{"taxonomy":"category","embeddable":true,"href":"https:\/\/www.europesays.com\/pl\/wp-json\/wp\/v2\/categories?post=66590"},{"taxonomy":"post_tag","embeddable":true,"href":"https:\/\/www.europesays.com\/pl\/wp-json\/wp\/v2\/tags?post=66590"}],"curies":[{"name":"wp","href":"https:\/\/api.w.org\/{rel}","templated":true}]}}