{"id":665901,"date":"2026-09-04T01:48:42","date_gmt":"2026-09-04T01:48:42","guid":{"rendered":"https:\/\/www.europesays.com\/pl\/665901\/"},"modified":"2026-09-04T01:48:42","modified_gmt":"2026-09-04T01:48:42","slug":"121-nowych-mieszkan-komunalnych-na-felinie-pierwsze-rodziny-otrzymaly-klucze","status":"publish","type":"post","link":"https:\/\/www.europesays.com\/pl\/665901\/","title":{"rendered":"121 nowych mieszka\u0144 komunalnych na Felinie. Pierwsze rodziny otrzyma\u0142y klucze"},"content":{"rendered":"<p>Nowe budynki powsta\u0142y przy ul. Kr\u00f3lowej Bony 2, 4 i 6. \u0141\u0105czna powierzchnia znajduj\u0105cych si\u0119 w nich mieszka\u0144 przekracza 5,2 tys. m\u00b2. Najmniejsze lokale maj\u0105 oko\u0142o 26 m\u00b2, a najwi\u0119ksze oko\u0142o 63 m\u00b2.<\/p>\n<p>W pierwszym budynku przygotowano 45 mieszka\u0144, w drugim 44, natomiast w trzecim 32 lokale.<\/p>\n<p>\u2014 Realizacja inwestycji przy ul. Kr\u00f3lowej Bony to wa\u017cny element polityki mieszkaniowej Lublina. 121 nowych lokali stanowi konkretn\u0105 odpowied\u017a na potrzeby os\u00f3b i rodzin oczekuj\u0105cych na stabilne i bezpieczne warunki mieszkaniowe. Inwestycja pokazuje r\u00f3wnie\u017c, jak istotne dla realizacji projekt\u00f3w samorz\u0105dowych jest pozyskiwanie \u015brodk\u00f3w zewn\u0119trznych. Dzi\u0119ki dofinansowaniu z Funduszu Dop\u0142at Banku Gospodarstwa Krajowego mogli\u015bmy zrealizowa\u0107 przedsi\u0119wzi\u0119cie na du\u017c\u0105 skal\u0119. R\u00f3wnolegle analizujemy kolejne lokalizacje, w kt\u00f3rych mog\u0142yby powsta\u0107 nast\u0119pne inwestycje mieszkaniowe. W ten spos\u00f3b zwi\u0119kszamy zas\u00f3b mieszka\u0144 komunalnych w Lublinie, \u0142\u0105cz\u0105c budow\u0119 nowych budynk\u00f3w z odzyskiwaniem i remontowaniem istniej\u0105cych lokali, tak aby wkr\u00f3tce mog\u0142y trafia\u0107 do potrzebuj\u0105cych mieszkanek i mieszka\u0144c\u00f3w \u2014 m\u00f3wi Krzysztof \u017buk, prezydent Lublina.<\/p>\n<p>Mieszkania gotowe do zamieszkania<\/p>\n<p>Lokale zosta\u0142y wyko\u0144czone w standardzie umo\u017cliwiaj\u0105cym szybkie wprowadzenie si\u0119 nowych mieszka\u0144c\u00f3w. Wyposa\u017cono je mi\u0119dzy innymi w kuchenki elektryczne z piekarnikiem, zlewozmywaki, bia\u0142y monta\u017c w \u0142azienkach, drzwi wewn\u0119trzne oraz wyk\u0142adziny.<\/p>\n<p>Ka\u017cde mieszkanie ma przestronny balkon od strony po\u0142udniowej oraz przypisan\u0105 kom\u00f3rk\u0119 lokatorsk\u0105.<\/p>\n<p>\u2014 Zale\u017ca\u0142o nam, aby nowe mieszkania by\u0142y przygotowane tak, by przyszli mieszka\u0144cy mogli mo\u017cliwie szybko rozpocz\u0105\u0107 w nich samodzielne \u017cycie. Dlatego zosta\u0142y wyko\u0144czone i wyposa\u017cone w podstawowe elementy niezb\u0119dne do codziennego funkcjonowania. Szczeg\u00f3ln\u0105 uwag\u0119 zwr\u00f3cili\u015bmy r\u00f3wnie\u017c na dost\u0119pno\u015b\u0107 \u2013 tak, aby nowe osiedle by\u0142o przyjazne mieszka\u0144com o r\u00f3\u017cnych potrzebach \u2014 m\u00f3wi Piotr Samolej, dyrektor Zarz\u0105du Nieruchomo\u015bci Komunalnych w Lublinie.<\/p>\n<p>Dziesi\u0119\u0107 lokali bez barier<\/p>\n<p>W ka\u017cdym z trzech budynk\u00f3w powsta\u0142y mieszkania przystosowane do potrzeb os\u00f3b z niepe\u0142nosprawno\u015bciami. \u0141\u0105cznie przygotowano 10 takich lokali: po cztery przy ul. Kr\u00f3lowej Bony 2 i 4 oraz dwa przy ul. Kr\u00f3lowej Bony 6.<\/p>\n<p>Mieszkania te znajduj\u0105 si\u0119 na parterach. W budynkach zastosowano szerokie drzwi i ci\u0105gi komunikacyjne, bezprogowe wej\u015bcia oraz windy. Bez barier architektonicznych zaprojektowano r\u00f3wnie\u017c teren wok\u00f3\u0142 obiekt\u00f3w.<\/p>\n<p>Przy budynkach wykonano ci\u0105gi piesze i ustawiono \u0142awki. Pojawi\u0142y si\u0119 tak\u017ce drzewa, krzewy i trawniki. Dla najm\u0142odszych mieszka\u0144c\u00f3w przygotowano plac zabaw, a przy wej\u015bciach do klatek schodowych zamontowano stojaki na rowery.<\/p>\n<p>Do ka\u017cdego mieszkania przypisano jedno miejsce postojowe. Na parkingu wyznaczono r\u00f3wnie\u017c stanowiska dla os\u00f3b z niepe\u0142nosprawno\u015bciami. Infrastruktura osiedla obejmuje ponadto dwie altany \u015bmietnikowe oraz instalacj\u0119 umo\u017cliwiaj\u0105c\u0105 wykonanie 18 punkt\u00f3w \u0142adowania samochod\u00f3w elektrycznych.<\/p>\n<p>Budynki pod\u0142\u0105czono do miejskiej sieci ciep\u0142owniczej LPEC. Na potrzeby cz\u0119\u015bci wsp\u00f3lnych zamontowano instalacje fotowoltaiczne, kt\u00f3re maj\u0105 ogranicza\u0107 zu\u017cycie energii.<\/p>\n<p>Inwestycja za blisko 35 mln z\u0142<\/p>\n<p>\u0141\u0105czny koszt przedsi\u0119wzi\u0119cia wyni\u00f3s\u0142 oko\u0142o 35 mln z\u0142. A\u017c 80 proc. tej kwoty stanowi\u0142o dofinansowanie z Funduszu Dop\u0142at Banku Gospodarstwa Krajowego.<\/p>\n<p>Obecnie trwa procedura administracyjna zwi\u0105zana z przydzielaniem lokali. Miasto podpisuje umowy najmu i przekazuje klucze kolejnym mieszka\u0144com.<\/p>\n<p>Po\u0142ow\u0119 mieszka\u0144 przeznaczono na zamiany lokali. Pozosta\u0142e maj\u0105 trafi\u0107 do os\u00f3b zakwalifikowanych do otrzymania mieszkania z miejskiego zasobu, a tak\u017ce do mieszka\u0144c\u00f3w obj\u0119tych wykwaterowaniami inwestycyjnymi lub opuszczaj\u0105cych lokale wy\u0142\u0105czone z u\u017cytkowania ze wzgl\u0119du na z\u0142y stan techniczny.<\/p>\n<p>Lublin przygotowuje kolejne mieszkania<\/p>\n<p>W drugiej po\u0142owie kwietnia miasto podpisa\u0142o umow\u0119 na budow\u0119 99 mieszka\u0144 komunalnych przy ul. Wro\u0144skiej 5 w dzielnicy Bronowice. Dziewi\u0119ciokondygnacyjny budynek z windami ma by\u0107 gotowy latem 2028 roku. Znajd\u0105 si\u0119 w nim 54 mieszkania dwupokojowe i 45 trzypokojowych.<\/p>\n<p>Warto\u015b\u0107 inwestycji wynosi oko\u0142o 32 mln z\u0142 brutto. Projekt obejmuje r\u00f3wnie\u017c kondygnacj\u0119 podziemn\u0105 z kom\u00f3rkami lokatorskimi, instalacj\u0119 fotowoltaiczn\u0105, parkingi, drogi dojazdowe, chodniki, plac zabaw, elementy ma\u0142ej architektury oraz nowe nasadzenia zieleni.<\/p>\n<p>Miasto przygotowuje tak\u017ce przebudow\u0119 oficyny przy ul. Lubartowskiej 27. Ma tam powsta\u0107 sze\u015b\u0107 mieszka\u0144 komunalnych, w tym jedno dostosowane do potrzeb os\u00f3b z niepe\u0142nosprawno\u015bciami. Samorz\u0105d zamierza ubiega\u0107 si\u0119 o dofinansowanie z BGK pokrywaj\u0105ce do 80 proc. koszt\u00f3w tego przedsi\u0119wzi\u0119cia.<\/p>\n<p>Kolejny projekt planuje sp\u00f3\u0142ka TBS \u201eNowy Dom\u201d. W rejonie ul. Droga M\u0119czennik\u00f3w Majdanka oraz ul. J\u00f3zefa Franczaka \u201eLalka\u201d ma powsta\u0107 oko\u0142o 70 mieszka\u0144 wraz z niezb\u0119dn\u0105 infrastruktur\u0105. Trwa przekazywanie sp\u00f3\u0142ce niezabudowanych miejskich dzia\u0142ek. Po uzgodnieniu warunk\u00f3w realizacji grunty maj\u0105 zosta\u0107 wniesione do TBS aportem, co pozwoli rozpocz\u0105\u0107 projektowanie i procedur\u0119 uzyskania pozwolenia na budow\u0119.<\/p>\n<p>Lublin rozwija ponadto segment mieszka\u0144 na wynajem instytucjonalny przy ul. Krochmalnej, realizowany w ramach programu \u201eMieszkanie na Start\u201d z dop\u0142atami BGK.<\/p>\n<p>    Galeria zdj\u0119\u0107<\/p>\n<p>                                    <img decoding=\"async\" class=\"gallery-item\" src=\"https:\/\/www.europesays.com\/pl\/wp-content\/uploads\/2026\/09\/medium-WhatsApp-Image-2026-09-03-at-12.48.40-2.jpeg\" loading=\"lazy\" width=\"1599\" height=\"1066\"\/><\/p>\n<p>            Zdj\u0119cie 1 z 25<\/p>\n<p>                                    <img decoding=\"async\" class=\"gallery-item\" src=\"https:\/\/www.europesays.com\/pl\/wp-content\/uploads\/2026\/09\/medium-WhatsApp-Image-2026-09-03-at-12.48.15.jpeg\" loading=\"lazy\" width=\"1599\" height=\"1066\"\/><\/p>\n<p>            Zdj\u0119cie 2 z 25<\/p>\n<p>                                    <img decoding=\"async\" class=\"gallery-item\" src=\"https:\/\/www.europesays.com\/pl\/wp-content\/uploads\/2026\/09\/medium-WhatsApp-Image-2026-09-03-at-12.48.45.jpeg\" loading=\"lazy\" width=\"1599\" height=\"1066\"\/><\/p>\n<p>            Zdj\u0119cie 3 z 25<\/p>\n<p>                                    <img decoding=\"async\" class=\"gallery-item\" src=\"https:\/\/www.europesays.com\/pl\/wp-content\/uploads\/2026\/09\/medium-WhatsApp-Image-2026-09-03-at-12.48.40-1.jpeg\" loading=\"lazy\" width=\"1599\" height=\"1066\"\/><\/p>\n<p>            Zdj\u0119cie 4 z 25<\/p>\n<p>                                    <img decoding=\"async\" class=\"gallery-item\" src=\"https:\/\/www.europesays.com\/pl\/wp-content\/uploads\/2026\/09\/medium-WhatsApp-Image-2026-09-03-at-12.48.44.jpeg\" loading=\"lazy\" width=\"1599\" height=\"1066\"\/><\/p>\n<p>            Zdj\u0119cie 5 z 25<\/p>\n<p>\u0179r\u00f3d\u0142o: UM Lublin<\/p>\n<p>\n                                    <a href=\"https:\/\/www.google.com\/preferences\/source?q=lublin112.pl\" target=\"_blank\" rel=\"noopener noreferrer nofollow\" onclick=\"if (!window.__cfRLUnblockHandlers) return false; gtag(&#039;event&#039;, &#039;google_preferred_source_click&#039;, {&#010;                                           &#039;link_url&#039;: this.href,&#010;                                           &#039;link_text&#039;: &#039;Ustaw lublin112.pl jako preferowane \u017ar\u00f3d\u0142o&#039;&#010;                                       });\" style=\"text-align:center;display:block;\" data-cf-modified-2f292a6632ff64eb910b2f38-=\"\"><br \/>\n                                        <img decoding=\"async\" src=\"https:\/\/www.europesays.com\/pl\/wp-content\/uploads\/2026\/09\/1788486522_3_lublin112-google-source.webp\" alt=\"Ustaw lublin112.pl jako preferowane \u017ar\u00f3d\u0142o w Google\" style=\"max-width: 70%;\"\/><br \/>\n                                    <\/a><br \/>\n                                    <\/p>\n","protected":false},"excerpt":{"rendered":"Nowe budynki powsta\u0142y przy ul. Kr\u00f3lowej Bony 2, 4 i 6. \u0141\u0105czna powierzchnia znajduj\u0105cych si\u0119 w nich mieszka\u0144&hellip;\n","protected":false},"author":2,"featured_media":665902,"comment_status":"","ping_status":"","sticky":false,"template":"","format":"standard","meta":{"footnotes":"","_share_on_mastodon":"0"},"categories":[51612],"tags":[129396,69508,129397,1081,70922,42,38,40,104829,39,41,129398,129399],"class_list":["post-665901","post","type-post","status-publish","format-standard","has-post-thumbnail","category-lublin","tag-budownictwo-komunalne","tag-felin","tag-fundusz-doplat-bgk","tag-lublin","tag-mieszkania-komunalne","tag-pl","tag-poland","tag-polish","tag-polityka-mieszkaniowa","tag-polska","tag-polski","tag-ulica-krolowej-bony","tag-zarzad-nieruchomosci-komunalnych"],"share_on_mastodon":{"url":"https:\/\/pubeurope.com\/@pl\/117210258995869418","error":""},"_links":{"self":[{"href":"https:\/\/www.europesays.com\/pl\/wp-json\/wp\/v2\/posts\/665901","targetHints":{"allow":["GET"]}}],"collection":[{"href":"https:\/\/www.europesays.com\/pl\/wp-json\/wp\/v2\/posts"}],"about":[{"href":"https:\/\/www.europesays.com\/pl\/wp-json\/wp\/v2\/types\/post"}],"author":[{"embeddable":true,"href":"https:\/\/www.europesays.com\/pl\/wp-json\/wp\/v2\/users\/2"}],"replies":[{"embeddable":true,"href":"https:\/\/www.europesays.com\/pl\/wp-json\/wp\/v2\/comments?post=665901"}],"version-history":[{"count":0,"href":"https:\/\/www.europesays.com\/pl\/wp-json\/wp\/v2\/posts\/665901\/revisions"}],"wp:featuredmedia":[{"embeddable":true,"href":"https:\/\/www.europesays.com\/pl\/wp-json\/wp\/v2\/media\/665902"}],"wp:attachment":[{"href":"https:\/\/www.europesays.com\/pl\/wp-json\/wp\/v2\/media?parent=665901"}],"wp:term":[{"taxonomy":"category","embeddable":true,"href":"https:\/\/www.europesays.com\/pl\/wp-json\/wp\/v2\/categories?post=665901"},{"taxonomy":"post_tag","embeddable":true,"href":"https:\/\/www.europesays.com\/pl\/wp-json\/wp\/v2\/tags?post=665901"}],"curies":[{"name":"wp","href":"https:\/\/api.w.org\/{rel}","templated":true}]}}