{"id":665905,"date":"2026-09-04T01:51:16","date_gmt":"2026-09-04T01:51:16","guid":{"rendered":"https:\/\/www.europesays.com\/pl\/665905\/"},"modified":"2026-09-04T01:51:16","modified_gmt":"2026-09-04T01:51:16","slug":"zderzenie-pociagu-z-ciezarowka-w-gdansku-jest-nagranie-z-wypadku","status":"publish","type":"post","link":"https:\/\/www.europesays.com\/pl\/665905\/","title":{"rendered":"Zderzenie poci\u0105gu z ci\u0119\u017car\u00f3wk\u0105 w Gda\u0144sku. Jest nagranie z wypadku"},"content":{"rendered":"<p>Redakcja polecaNagranie ze zderzenia poci\u0105gu z ci\u0119\u017car\u00f3wk\u0105 w Gda\u0144sku<\/p>\n<p class=\"font-primary mb-8 text-lg leading-[1.55] [&amp;_a]:text-[#23437D] [&amp;_a]:underline [&amp;_a]:font-bold\">Do wypadku dosz\u0142o w czwartek oko\u0142o godziny 13:30 przy ulicy Niegowskiej, w pobli\u017cu stacji Gda\u0144sk-Lipce. <a href=\"https:\/\/polskieradio24.pl\/polska\/grozny-wypadek-w-gdansku-pociag-zderzyl-sie-z-ciezarowka\" rel=\"nofollow noopener\" target=\"_blank\">Poci\u0105g relacji Zielona G\u00f3ra-Gdynia zderzy\u0142 si\u0119 z ci\u0119\u017car\u00f3wk\u0105<\/a>. Znajdowa\u0142o si\u0119 w nim oko\u0142o 250 pasa\u017cer\u00f3w.<\/p>\n<p class=\"font-primary mb-8 text-lg leading-[1.55] [&amp;_a]:text-[#23437D] [&amp;_a]:underline [&amp;_a]:font-bold\">Z relacji stra\u017cak\u00f3w wynika, \u017ce zniszczenia zwi\u0105zane ze zdarzeniem s\u0105 du\u017ce. Wed\u0142ug wst\u0119pnych ustale\u0144 wykluczono, aby ktokolwiek z uczestnik\u00f3w odni\u00f3s\u0142 powa\u017cne obra\u017cenia. Do szpitala przetransportowano jedynie przytomnego kierowc\u0119 ci\u0119\u017car\u00f3wki w celu dalszej diagnostyki. Maszynista oraz kilkoro pasa\u017cer\u00f3w poci\u0105gu pocz\u0105tkowo zg\u0142asza\u0142o drobne urazy, ale nie wymaga\u0142y one hospitalizacji.\u00a0<\/p>\n<p><\/p>\n<p>Redakcja poleca<\/p>\n<p class=\"font-primary mb-8 text-lg leading-[1.55] [&amp;_a]:text-[#23437D] [&amp;_a]:underline [&amp;_a]:font-bold\">&#8211; Ze wst\u0119pnych ustale\u0144 policjant\u00f3w wynika, \u017ce samoch\u00f3d ci\u0119\u017carowy wjecha\u0142 na przejazd kolejowy po tym, jak zapory zacz\u0119\u0142y si\u0119 opuszcza\u0107 &#8211; przekaza\u0142 asp. szt. Mariusz Chrzanowski z Komendy Miejskiej Policji w Gda\u0144sku.<\/p>\n<p>\u015awiadkowie m\u00f3wili, \u017ceby wy\u0142ama\u0142 rogatk\u0119<\/p>\n<p class=\"font-primary mb-8 text-lg leading-[1.55] [&amp;_a]:text-[#23437D] [&amp;_a]:underline [&amp;_a]:font-bold\">Potwierdza to nagranie udost\u0119pnione przez PKP PLK. &#8222;Co wa\u017cne, \u015bwiadkowie zdarzenia sygnalizowali kierowcy, aby wy\u0142ama\u0142 rogatk\u0119 i opu\u015bci\u0142 przejazd. Nie zrobi\u0142 tego&#8221; &#8211; wskaza\u0142 przewo\u017anik.<\/p>\n<p class=\"font-primary mb-8 text-lg leading-[1.55] [&amp;_a]:text-[#23437D] [&amp;_a]:underline [&amp;_a]:font-bold\">&#8222;Je\u015bli znajdziesz si\u0119 mi\u0119dzy rogatkami, nie czekaj na poci\u0105g. Wy\u0142am rogatk\u0119 i natychmiast opu\u015b\u0107 przejazd&#8221; &#8211; dodaje PKP PLK.<\/p>\n<p>&#8222;Kolejny z prawem jazdy za czapk\u0119 gruszek&#8221;. Wiceminister ostro o kierowcy TIR-a<\/p>\n<p class=\"font-primary mb-8 text-lg leading-[1.55] [&amp;_a]:text-[#23437D] [&amp;_a]:underline [&amp;_a]:font-bold\">Do zdarzenia odni\u00f3s\u0142 si\u0119 te\u017c\u00a0wiceminister infrastruktury Piotr Malepszak.\u00a0&#8222;Kolejny z prawem jazdy za czapk\u0119 gruszek, kierowca TIR-a zlekcewa\u017cy\u0142 sygnalizacj\u0119 informuj\u0105c\u0105 o zbli\u017ceniu si\u0119 poci\u0105gu i spanikowa\u0142, zatrzymuj\u0105c si\u0119 przed rogatk\u0105 na przeje\u017adzie kolejowym. Brak s\u0142\u00f3w na skrajn\u0105 bezmy\u015blno\u015b\u0107 w tym przypadku. Na linii kolejowej z Tczewa do Gda\u0144ska stanowi\u0105cej cz\u0119\u015b\u0107 magistrali Warszawa-Tr\u00f3jmiasto, jak i Pozna\u0144-Bydgoszcz-Tr\u00f3jmiasto, niestety bardzo du\u017ce op\u00f3\u017anienia poci\u0105g\u00f3w czekaj\u0105 dzisiaj podr\u00f3\u017cnych. Na szcz\u0119\u015bcie bez ofiar&#8221; &#8211; napisa\u0142.<\/p>\n<p>Utrudnienia na kolei<\/p>\n<p class=\"font-primary mb-8 text-lg leading-[1.55] [&amp;_a]:text-[#23437D] [&amp;_a]:underline [&amp;_a]:font-bold\">Ruch poci\u0105g\u00f3w na odcinku Pruszcz Gda\u0144ski &#8211; Gda\u0144sk Po\u0142udniowy zosta\u0142 wstrzymany. &#8222;Poci\u0105gi s\u0105 kierowane tras\u0105 zmienion\u0105 przez Gda\u0144sk Olszynk\u0119&#8221; &#8211; poinformowa\u0142y na X Polskie Linie Kolejowe S.A.<\/p>\n<p class=\"font-primary mb-8 text-lg leading-[1.55] [&amp;_a]:text-[#23437D] [&amp;_a]:underline [&amp;_a]:font-bold\">Utrudnienia mog\u0105 potrwa\u0107 co najmniej do godz. 21. Aktualne informacje o utrudnieniach w kursowaniu poci\u0105g\u00f3w najlepiej \u015bledzi\u0107 na Portalu Pasa\u017cera.<\/p>\n<p>Redakcja poleca<\/p>\n","protected":false},"excerpt":{"rendered":"Redakcja polecaNagranie ze zderzenia poci\u0105gu z ci\u0119\u017car\u00f3wk\u0105 w Gda\u0144sku Do wypadku dosz\u0142o w czwartek oko\u0142o godziny 13:30 przy&hellip;\n","protected":false},"author":2,"featured_media":665906,"comment_status":"","ping_status":"","sticky":false,"template":"","format":"standard","meta":{"footnotes":"","_share_on_mastodon":"0"},"categories":[51610],"tags":[1048,42,1811,38,40,39,41,2588],"class_list":["post-665905","post","type-post","status-publish","format-standard","has-post-thumbnail","category-gdansk","tag-gdansk","tag-pl","tag-pociag","tag-poland","tag-polish","tag-polska","tag-polski","tag-wypadek"],"share_on_mastodon":{"url":"https:\/\/pubeurope.com\/@pl\/117210269989322476","error":""},"_links":{"self":[{"href":"https:\/\/www.europesays.com\/pl\/wp-json\/wp\/v2\/posts\/665905","targetHints":{"allow":["GET"]}}],"collection":[{"href":"https:\/\/www.europesays.com\/pl\/wp-json\/wp\/v2\/posts"}],"about":[{"href":"https:\/\/www.europesays.com\/pl\/wp-json\/wp\/v2\/types\/post"}],"author":[{"embeddable":true,"href":"https:\/\/www.europesays.com\/pl\/wp-json\/wp\/v2\/users\/2"}],"replies":[{"embeddable":true,"href":"https:\/\/www.europesays.com\/pl\/wp-json\/wp\/v2\/comments?post=665905"}],"version-history":[{"count":0,"href":"https:\/\/www.europesays.com\/pl\/wp-json\/wp\/v2\/posts\/665905\/revisions"}],"wp:featuredmedia":[{"embeddable":true,"href":"https:\/\/www.europesays.com\/pl\/wp-json\/wp\/v2\/media\/665906"}],"wp:attachment":[{"href":"https:\/\/www.europesays.com\/pl\/wp-json\/wp\/v2\/media?parent=665905"}],"wp:term":[{"taxonomy":"category","embeddable":true,"href":"https:\/\/www.europesays.com\/pl\/wp-json\/wp\/v2\/categories?post=665905"},{"taxonomy":"post_tag","embeddable":true,"href":"https:\/\/www.europesays.com\/pl\/wp-json\/wp\/v2\/tags?post=665905"}],"curies":[{"name":"wp","href":"https:\/\/api.w.org\/{rel}","templated":true}]}}