{"id":665907,"date":"2026-09-04T01:52:52","date_gmt":"2026-09-04T01:52:52","guid":{"rendered":"https:\/\/www.europesays.com\/pl\/665907\/"},"modified":"2026-09-04T01:52:52","modified_gmt":"2026-09-04T01:52:52","slug":"atak-nozem-na-wildzie-19-latek-trafil-do-aresztu","status":"publish","type":"post","link":"https:\/\/www.europesays.com\/pl\/665907\/","title":{"rendered":"Atak no\u017cem na Wildzie. 19-latek trafi\u0142 do aresztu"},"content":{"rendered":"<p class=\"PDq2pG_selectionAnchorContainer\" data-start=\"354\" data-end=\"583\">Do zdarzenia dosz\u0142o w \u015brod\u0119, 26 sierpnia. Policja otrzyma\u0142a zg\u0142oszenie dotycz\u0105ce m\u0142odego m\u0119\u017cczyzny, kt\u00f3ry znajdowa\u0142 si\u0119 na chodniku i mia\u0142 krwawi\u0105c\u0105 ran\u0119. Na miejsce skierowano funkcjonariuszki z Komisariatu Policji Pozna\u0144-Wilda.<\/p>\n<p data-start=\"585\" data-end=\"851\">Podczas interwencji okaza\u0142o si\u0119, \u017ce obra\u017cenia 18-latka nie by\u0142y wynikiem przypadkowego zdarzenia. Z relacji pokrzywdzonego wynika\u0142o, \u017ce zosta\u0142 zaatakowany przez innego m\u0119\u017cczyzn\u0119 przy u\u017cyciu no\u017ca. Poszkodowany wskaza\u0142 policjantkom miejsce, w kt\u00f3rym dosz\u0142o do napa\u015bci.<\/p>\n<p data-start=\"853\" data-end=\"992\">18-latkowi pomocy udzielili ratownicy medyczni. Nast\u0119pnie m\u0119\u017cczyzna zosta\u0142 przewieziony do szpitala, gdzie zaj\u0105\u0142 si\u0119 nim personel medyczny.<\/p>\n<p>Policjanci szybko dotarli do podejrzanego<\/p>\n<p data-start=\"1041\" data-end=\"1237\">Funkcjonariusze rozpocz\u0119li poszukiwania sprawcy. Zebrane informacje pozwoli\u0142y ustali\u0107 jego miejsce zamieszkania. Policjanci pojechali pod wskazany adres i zatrzymali 19-letniego obywatela Ukrainy.<\/p>\n<p data-start=\"1239\" data-end=\"1456\">Jak ustalili \u015bledczy, podejrzany i pokrzywdzony wcze\u015bniej si\u0119 znali. Podczas przeszukania mieszkania 19-latka funkcjonariusze znale\u017ali n\u00f3\u017c. Przedmiot by\u0142 ukryty pod materacem. W lokalu zabezpieczono r\u00f3wnie\u017c marihuan\u0119.<\/p>\n<p data-start=\"1458\" data-end=\"1658\">Na tym jednak nie zako\u0144czy\u0142y si\u0119 ustalenia prowadzone przez policjant\u00f3w. W toku post\u0119powania wysz\u0142o na jaw, \u017ce przed samym atakiem 19-latek mia\u0142 kierowa\u0107 wobec swojego rodaka gro\u017aby pozbawienia \u017cycia.<\/p>\n<p>Trzy miesi\u0105ce za kratami<\/p>\n<p data-start=\"1690\" data-end=\"1998\">Zatrzymany trafi\u0142 do policyjnego aresztu. Na podstawie zgromadzonego materia\u0142u dowodowego przedstawiono mu zarzut dotycz\u0105cy spowodowania obra\u017ce\u0144, kt\u00f3re mog\u0142y narazi\u0107 pokrzywdzonego na bezpo\u015brednie niebezpiecze\u0144stwo utraty \u017cycia lub ci\u0119\u017ckiego uszczerbku na zdrowiu. Dodatkowo odpowie za posiadanie narkotyk\u00f3w.<\/p>\n<p data-start=\"2000\" data-end=\"2205\">Prokurator wyst\u0105pi\u0142 do s\u0105du z wnioskiem o zastosowanie wobec podejrzanego tymczasowego aresztowania. S\u0105d przychyli\u0142 si\u0119 do tego wniosku i zdecydowa\u0142, \u017ce 19-latek najbli\u017csze trzy miesi\u0105ce sp\u0119dzi w areszcie.<\/p>\n<p data-start=\"2207\" data-end=\"2355\" data-is-last-node=\"\" data-is-only-node=\"\">Za zarzucane mu przest\u0119pstwa grozi kara do 3 lat pozbawienia wolno\u015bci. O tym, czy m\u0119\u017cczyzna jest winny i jaka b\u0119dzie ostateczna kara, zdecyduje s\u0105d.<\/p>\n","protected":false},"excerpt":{"rendered":"Do zdarzenia dosz\u0142o w \u015brod\u0119, 26 sierpnia. Policja otrzyma\u0142a zg\u0142oszenie dotycz\u0105ce m\u0142odego m\u0119\u017cczyzny, kt\u00f3ry znajdowa\u0142 si\u0119 na chodniku&hellip;\n","protected":false},"author":2,"featured_media":665908,"comment_status":"","ping_status":"","sticky":false,"template":"","format":"standard","meta":{"footnotes":"","_share_on_mastodon":"0"},"categories":[51609],"tags":[42,38,40,39,41,1817],"class_list":["post-665907","post","type-post","status-publish","format-standard","has-post-thumbnail","category-poznan","tag-pl","tag-poland","tag-polish","tag-polska","tag-polski","tag-poznan"],"share_on_mastodon":{"url":"https:\/\/pubeurope.com\/@pl\/117210277750153232","error":""},"_links":{"self":[{"href":"https:\/\/www.europesays.com\/pl\/wp-json\/wp\/v2\/posts\/665907","targetHints":{"allow":["GET"]}}],"collection":[{"href":"https:\/\/www.europesays.com\/pl\/wp-json\/wp\/v2\/posts"}],"about":[{"href":"https:\/\/www.europesays.com\/pl\/wp-json\/wp\/v2\/types\/post"}],"author":[{"embeddable":true,"href":"https:\/\/www.europesays.com\/pl\/wp-json\/wp\/v2\/users\/2"}],"replies":[{"embeddable":true,"href":"https:\/\/www.europesays.com\/pl\/wp-json\/wp\/v2\/comments?post=665907"}],"version-history":[{"count":0,"href":"https:\/\/www.europesays.com\/pl\/wp-json\/wp\/v2\/posts\/665907\/revisions"}],"wp:featuredmedia":[{"embeddable":true,"href":"https:\/\/www.europesays.com\/pl\/wp-json\/wp\/v2\/media\/665908"}],"wp:attachment":[{"href":"https:\/\/www.europesays.com\/pl\/wp-json\/wp\/v2\/media?parent=665907"}],"wp:term":[{"taxonomy":"category","embeddable":true,"href":"https:\/\/www.europesays.com\/pl\/wp-json\/wp\/v2\/categories?post=665907"},{"taxonomy":"post_tag","embeddable":true,"href":"https:\/\/www.europesays.com\/pl\/wp-json\/wp\/v2\/tags?post=665907"}],"curies":[{"name":"wp","href":"https:\/\/api.w.org\/{rel}","templated":true}]}}