{"id":665911,"date":"2026-09-04T01:58:25","date_gmt":"2026-09-04T01:58:25","guid":{"rendered":"https:\/\/www.europesays.com\/pl\/665911\/"},"modified":"2026-09-04T01:58:25","modified_gmt":"2026-09-04T01:58:25","slug":"wroclaw-z-rekordowym-latem-207-mln-pasazerow-i-najlepszy-sierpien-w-historii","status":"publish","type":"post","link":"https:\/\/www.europesays.com\/pl\/665911\/","title":{"rendered":"Wroc\u0142aw z rekordowym latem. 2,07 mln pasa\u017cer\u00f3w i najlepszy sierpie\u0144 w historii"},"content":{"rendered":"<p class=\"wp-block-paragraph\">3 wrze\u015bnia 2026 r. Port Lotniczy Wroc\u0142aw poinformowa\u0142, \u017ce od pocz\u0105tku czerwca do ko\u0144ca sierpnia obs\u0142u\u017cy\u0142 2.070.000 pasa\u017cer\u00f3w, o ponad 14 proc. wi\u0119cej ni\u017c podczas ubieg\u0142orocznych wakacji.<\/p>\n<p class=\"wp-block-paragraph\">Sierpie\u0144 z wynikiem 725 tys. podr\u00f3\u017cnych zosta\u0142 najlepszym miesi\u0105cem w historii wroc\u0142awskiego lotniska. Rekordowy sezon obj\u0105\u0142 tak\u017ce segment czarterowy, w kt\u00f3rym po raz pierwszy podczas trzech wakacyjnych miesi\u0119cy liczba pasa\u017cer\u00f3w przekroczy\u0142a 540 tys. O poprzednim miesi\u0119cznym rekordzie wroc\u0142awskiego lotniska <a href=\"https:\/\/transinfo.pl\/infoair\/rekordowy-lipiec-we-wroclawiu-713-413-pasazerow-i-wzrost-o-16-proc\/\" rel=\"nofollow noopener\" target=\"_blank\">pisali\u015bmy ju\u017c wcze\u015bniej w TransInfo.pl<\/a>.<\/p>\n<p>Rozk\u0142ad jazdy:<\/p>\n<p>Ilu pasa\u017cer\u00f3w obs\u0142u\u017cy\u0142 Port Lotniczy Wroc\u0142aw od czerwca do sierpnia 2026 r.?<\/p>\n<p>Jaki wynik pasa\u017cerski przyni\u00f3s\u0142 rekordowy sierpie\u0144?<\/p>\n<p>Ilu pasa\u017cer\u00f3w skorzysta\u0142o podczas wakacji z po\u0142\u0105cze\u0144 czarterowych?<\/p>\n<p><a href=\"https:\/\/www.europesays.com\/pl\/wp-content\/uploads\/2026\/09\/792595722_1582331207240607_8229350167496551909_n.jpg\"><\/p>\n<p><img loading=\"lazy\" decoding=\"async\" width=\"512\" height=\"640\" src=\"data:image\/svg+xml,%3Csvg%20xmlns=\" http:=\"\" alt=\"Port Lotniczy Wroc\u0142aw: 2,07 mln pasa\u017cer\u00f3w w wakacje. Sierpie\u0144 z nowym rekordem\" data-lazy- data-lazy- data-lazy-src=\"https:\/\/www.europesays.com\/pl\/wp-content\/uploads\/2026\/09\/792595722_1582331207240607_8229350167496551909_n.jpg\"\/><\/p>\n<p><\/a>Port Lotniczy Wroc\u0142aw: 2,07 mln pasa\u017cer\u00f3w w wakacje. Sierpie\u0144 z nowym rekordem<\/p>\n<p>2.070.000 pasa\u017cer\u00f3w od czerwca do sierpnia<\/p>\n<p class=\"wp-block-paragraph\">Port Lotniczy Wroc\u0142aw zako\u0144czy\u0142 trzy g\u0142\u00f3wne miesi\u0105ce sezonu letniego z kolejnym rekordem ruchu.<\/p>\n<p class=\"wp-block-paragraph\">W czerwcu, lipcu i sierpniu 2026 r. z lotniska skorzysta\u0142o \u0142\u0105cznie dok\u0142adnie 2.070.000 pasa\u017cer\u00f3w. W analogicznym okresie 2025 r. by\u0142o to 1.812.000 os\u00f3b.<\/p>\n<p class=\"wp-block-paragraph\">Oznacza to wzrost o ponad 14 proc. rok do roku.<\/p>\n<p class=\"wp-block-paragraph\">W\u015br\u00f3d kierunk\u00f3w obs\u0142ugiwanych przez przewo\u017anik\u00f3w niskokosztowych najwi\u0119kszym zainteresowaniem pasa\u017cer\u00f3w cieszy\u0142y si\u0119 po\u0142\u0105czenia do Hiszpanii, Portugalii, W\u0142och oraz na Malt\u0119.<\/p>\n<p>725 tys. pasa\u017cer\u00f3w w rekordowym sierpniu<\/p>\n<p class=\"wp-block-paragraph\">Najlepszym miesi\u0105cem wakacyjnego sezonu zosta\u0142 sierpie\u0144.<\/p>\n<p class=\"wp-block-paragraph\">W ci\u0105gu 31 dni Port Lotniczy Wroc\u0142aw obs\u0142u\u017cy\u0142 725 tys. pasa\u017cer\u00f3w. To o ponad 12 tys. wi\u0119cej ni\u017c w lipcu 2026 r., kt\u00f3ry wcze\u015bniej by\u0142 najlepszym miesi\u0105cem w historii portu.<\/p>\n<p class=\"wp-block-paragraph\">Seri\u0119 rekord\u00f3w uzupe\u0142ni\u0142o osi\u0105gni\u0119cie kolejnego progu w statystykach ca\u0142orocznych. W ostatni weekend sierpnia lotnisko obs\u0142u\u017cy\u0142o czteromilionowego pasa\u017cera w 2026 r.<\/p>\n<p><a href=\"https:\/\/www.europesays.com\/pl\/wp-content\/uploads\/2026\/09\/wroc-1.jpg\"><img loading=\"lazy\" decoding=\"async\" width=\"630\" height=\"350\" src=\"data:image\/svg+xml,%3Csvg%20xmlns=\" http:=\"\" alt=\"Port Lotniczy Wroc\u0142aw: 2,07 mln pasa\u017cer\u00f3w w wakacje. Sierpie\u0144 z nowym rekordem\" class=\"wp-image-88170\" data-lazy- data-lazy- data-lazy-src=\"https:\/\/www.europesays.com\/pl\/wp-content\/uploads\/2026\/09\/wroc-1.jpg\"\/><\/a>Port Lotniczy Wroc\u0142aw: 2,07 mln pasa\u017cer\u00f3w w wakacje. Sierpie\u0144 z nowym rekordem<\/p>\n<p>Ponad 540 tys. pasa\u017cer\u00f3w czarterowych<\/p>\n<p class=\"wp-block-paragraph\">Bardzo wysokie wyniki odnotowa\u0142 tak\u017ce segment ruchu czarterowego.<\/p>\n<p class=\"wp-block-paragraph\">Od pocz\u0105tku czerwca do ko\u0144ca sierpnia liczba pasa\u017cer\u00f3w korzystaj\u0105cych z lot\u00f3w organizowanych przez biura podr\u00f3\u017cy po raz pierwszy w historii wroc\u0142awskiego portu przekroczy\u0142a 540 tys. os\u00f3b.<\/p>\n<p class=\"wp-block-paragraph\">Najwi\u0119kszym zainteresowaniem cieszy\u0142y si\u0119 po\u0142\u0105czenia do Antalyi w Turcji, Marsa Alam w Egipcie oraz Heraklionu w Grecji.<\/p>\n<p class=\"wp-block-paragraph\">Wynik czarter\u00f3w by\u0142 jednym z element\u00f3w rekordowego sezonu wakacyjnego, obok rosn\u0105cego ruchu na trasach obs\u0142ugiwanych przez przewo\u017anik\u00f3w niskokosztowych.<\/p>\n<p>Boeing 787 Dreamliner z Wroc\u0142awia na Madagaskar<\/p>\n<p class=\"wp-block-paragraph\">Jednym z wyr\u00f3\u017cniaj\u0105cych si\u0119 czarterowych kierunk\u00f3w ko\u0144ca wakacji zosta\u0142o bezpo\u015brednie po\u0142\u0105czenie z Wroc\u0142awia na Madagaskar.<\/p>\n<p class=\"wp-block-paragraph\">\u201eJednym z najwi\u0119kszych czarterowych hit\u00f3w ko\u0144ca wakacji okaza\u0142o si\u0119 bezpo\u015brednie po\u0142\u0105czenie ze stolicy Dolnego \u015al\u0105ska na Madagaskar, realizowane szerokokad\u0142ubowym Boeingiem 787 Dreamliner. Loty na t\u0119 egzotyczn\u0105 wysp\u0119 b\u0119d\u0105 odbywa\u0142y si\u0119 raz w tygodniu, w poniedzia\u0142ki, niemal przez ca\u0142y wrzesie\u0144\u201d \u2013 przekaza\u0142 Bartosz Wi\u015bniewski, rzecznik lotniska.<\/p>\n<p class=\"wp-block-paragraph\">Rejsy realizowane s\u0105 samolotem Boeing 787 Dreamliner. Po\u0142\u0105czenie pozostanie w ofercie niemal przez ca\u0142y wrzesie\u0144, z cz\u0119stotliwo\u015bci\u0105 jednego lotu tygodniowo w poniedzia\u0142ki.<\/p>\n","protected":false},"excerpt":{"rendered":"3 wrze\u015bnia 2026 r. Port Lotniczy Wroc\u0142aw poinformowa\u0142, \u017ce od pocz\u0105tku czerwca do ko\u0144ca sierpnia obs\u0142u\u017cy\u0142 2.070.000 pasa\u017cer\u00f3w,&hellip;\n","protected":false},"author":2,"featured_media":665912,"comment_status":"","ping_status":"","sticky":false,"template":"","format":"standard","meta":{"footnotes":"","_share_on_mastodon":"0"},"categories":[51607],"tags":[2995,71215,42,38,40,39,41,1030,20689,1853],"class_list":["post-665911","post","type-post","status-publish","format-standard","has-post-thumbnail","category-wroclaw","tag-lotnisko","tag-lotnisko-wroclaw","tag-pl","tag-poland","tag-polish","tag-polska","tag-polski","tag-samolot","tag-statystyka","tag-wroclaw"],"share_on_mastodon":{"url":"https:\/\/pubeurope.com\/@pl\/117210297371148082","error":""},"_links":{"self":[{"href":"https:\/\/www.europesays.com\/pl\/wp-json\/wp\/v2\/posts\/665911","targetHints":{"allow":["GET"]}}],"collection":[{"href":"https:\/\/www.europesays.com\/pl\/wp-json\/wp\/v2\/posts"}],"about":[{"href":"https:\/\/www.europesays.com\/pl\/wp-json\/wp\/v2\/types\/post"}],"author":[{"embeddable":true,"href":"https:\/\/www.europesays.com\/pl\/wp-json\/wp\/v2\/users\/2"}],"replies":[{"embeddable":true,"href":"https:\/\/www.europesays.com\/pl\/wp-json\/wp\/v2\/comments?post=665911"}],"version-history":[{"count":0,"href":"https:\/\/www.europesays.com\/pl\/wp-json\/wp\/v2\/posts\/665911\/revisions"}],"wp:featuredmedia":[{"embeddable":true,"href":"https:\/\/www.europesays.com\/pl\/wp-json\/wp\/v2\/media\/665912"}],"wp:attachment":[{"href":"https:\/\/www.europesays.com\/pl\/wp-json\/wp\/v2\/media?parent=665911"}],"wp:term":[{"taxonomy":"category","embeddable":true,"href":"https:\/\/www.europesays.com\/pl\/wp-json\/wp\/v2\/categories?post=665911"},{"taxonomy":"post_tag","embeddable":true,"href":"https:\/\/www.europesays.com\/pl\/wp-json\/wp\/v2\/tags?post=665911"}],"curies":[{"name":"wp","href":"https:\/\/api.w.org\/{rel}","templated":true}]}}