{"id":665927,"date":"2026-09-04T02:08:18","date_gmt":"2026-09-04T02:08:18","guid":{"rendered":"https:\/\/www.europesays.com\/pl\/665927\/"},"modified":"2026-09-04T02:08:18","modified_gmt":"2026-09-04T02:08:18","slug":"szybko-poszlo-ze-decathlon-juz-przecenil-garmina","status":"publish","type":"post","link":"https:\/\/www.europesays.com\/pl\/665927\/","title":{"rendered":"Szybko posz\u0142o, \u017ce Decathlon ju\u017c przeceni\u0142 Garmina"},"content":{"rendered":"<p>Decathlon najwyra\u017aniej ma nadwy\u017ck\u0119 tych opasek, bo nied\u0142ugo po ich premierze cena wyra\u017anie zmala\u0142a.<\/p>\n<p>Opaska Garmina, kt\u00f3ra niedawno debiutowa\u0142a na rynku, ju\u017c pojawia si\u0119 w wyra\u017anie obni\u017conych cenach. Pocz\u0105tkowo kosztowa\u0142a 889,99 z\u0142, a teraz w Decathlonie mo\u017cna j\u0105 kupi\u0107 za 779,99 z\u0142.<\/p>\n<p>Dla kogo jest to opaska? Dla tych, kt\u00f3rzy chc\u0105 mie\u0107 standardowy zegarek, a jednocze\u015bnie m\u00f3c \u015bledzi\u0107 swoje parametry. Dobrze si\u0119 sprawdzi u os\u00f3b, kt\u00f3re nie lubi\u0105 spa\u0107 z zegarkiem. Znam te\u017c sporo os\u00f3b, kt\u00f3re dostawa\u0142y bzika przez sprawdzenie swojego poziomu stresu.<\/p>\n<p>Tutaj nie ma wy\u015bwietlacza, wi\u0119c cz\u0142owiek nie b\u0119dzie co chwil\u0119 spogl\u0105da\u0142, jak tam jego stres, body battery, czy puls.<\/p>\n<p>Cena opaski Cirqa na stronie wynosi 829,99 z\u0142 (zamiast 889,99 z\u0142), obecnie jednak wystarczy u\u017cy\u0107 kodu APPY50, by zej\u015b\u0107 do 779,99 z\u0142. Kod obni\u017ca nam cen\u0119 o 50 z\u0142otych.<\/p>\n<p><a href=\"https:\/\/boop.pl\/img\/#https:\/\/img.boop.pl\/uploads\/2026\/09\/200103661821.jpg?class=full\" data-no-instant=\"\" rel=\"noopener nofollow\" aria-label=\"Obrazek 1754x835\" target=\"_blank\"><img decoding=\"async\" loading=\"lazy\" class=\"aligncenter size-full img-444160\" src=\"https:\/\/www.europesays.com\/pl\/wp-content\/uploads\/2026\/09\/200103661821.jpg\"   width=\"1754\" height=\"835\" alt=\"\"\/><\/a><\/p>\n<p>By uzyska\u0107 tak\u0105 cen\u0119, nale\u017cy z\u0142o\u017cy\u0107 zam\u00f3wienie przez aplikacj\u0119 Decathlonu.<\/p>\n<p>Je\u017celi chcecie \u015bledzi\u0107 swoje parametry typu HRV, saturacj\u0119, temperatur\u0119 sk\u00f3ry (podczas snu), gotowo\u015b\u0107 treningow\u0105 etc., to opaska ta sprawdzi si\u0119 doskonale.<\/p>\n<p>Nie przegap \u017cadnej przecenyW\u0142\u0105cz powiadomienia o nowych promocjach<\/p>\n<p>Subskrybuj<\/p>\n<p>W moim przypadku odpada, bo ci\u0105gnie GPS z telefonu. Ma\u0142o kto chce przyk\u0142adowo biega\u0107 z telefonem gdzie\u015b przy sobie. Zegarki w tym przypadku radz\u0105 sobie lepiej. Sprawdzi si\u0119 natomiast przy pomiarze pulsu z bicepsa oraz w sytuacji, gdy chcemy zachowa\u0107 pomiary, a trenujemy sporty walki. W\u00f3wczas dajemy t\u0119 opask\u0119 w\u0142a\u015bnie na biceps i nie mamy zegarka na r\u0119ce. To akurat spoko.<\/p>\n","protected":false},"excerpt":{"rendered":"Decathlon najwyra\u017aniej ma nadwy\u017ck\u0119 tych opasek, bo nied\u0142ugo po ich premierze cena wyra\u017anie zmala\u0142a. Opaska Garmina, kt\u00f3ra niedawno&hellip;\n","protected":false},"author":2,"featured_media":665928,"comment_status":"","ping_status":"","sticky":false,"template":"","format":"standard","meta":{"footnotes":"","_share_on_mastodon":"0"},"categories":[20],"tags":[38633,3103,120,118,119,42,38,40,39,41,862,116,114,115,121,117],"class_list":["post-665927","post","type-post","status-publish","format-standard","has-post-thumbnail","category-nauka-i-technika","tag-decathlon","tag-dla-ciebie","tag-nauka","tag-nauka-i-technika","tag-naukatechnika","tag-pl","tag-poland","tag-polish","tag-polska","tag-polski","tag-promocje","tag-science","tag-science-and-technology","tag-sciencetechnology","tag-technika","tag-technology"],"share_on_mastodon":{"url":"https:\/\/pubeurope.com\/@pl\/117210337097955796","error":""},"_links":{"self":[{"href":"https:\/\/www.europesays.com\/pl\/wp-json\/wp\/v2\/posts\/665927","targetHints":{"allow":["GET"]}}],"collection":[{"href":"https:\/\/www.europesays.com\/pl\/wp-json\/wp\/v2\/posts"}],"about":[{"href":"https:\/\/www.europesays.com\/pl\/wp-json\/wp\/v2\/types\/post"}],"author":[{"embeddable":true,"href":"https:\/\/www.europesays.com\/pl\/wp-json\/wp\/v2\/users\/2"}],"replies":[{"embeddable":true,"href":"https:\/\/www.europesays.com\/pl\/wp-json\/wp\/v2\/comments?post=665927"}],"version-history":[{"count":0,"href":"https:\/\/www.europesays.com\/pl\/wp-json\/wp\/v2\/posts\/665927\/revisions"}],"wp:featuredmedia":[{"embeddable":true,"href":"https:\/\/www.europesays.com\/pl\/wp-json\/wp\/v2\/media\/665928"}],"wp:attachment":[{"href":"https:\/\/www.europesays.com\/pl\/wp-json\/wp\/v2\/media?parent=665927"}],"wp:term":[{"taxonomy":"category","embeddable":true,"href":"https:\/\/www.europesays.com\/pl\/wp-json\/wp\/v2\/categories?post=665927"},{"taxonomy":"post_tag","embeddable":true,"href":"https:\/\/www.europesays.com\/pl\/wp-json\/wp\/v2\/tags?post=665927"}],"curies":[{"name":"wp","href":"https:\/\/api.w.org\/{rel}","templated":true}]}}