{"id":665949,"date":"2026-09-04T02:24:34","date_gmt":"2026-09-04T02:24:34","guid":{"rendered":"https:\/\/www.europesays.com\/pl\/665949\/"},"modified":"2026-09-04T02:24:34","modified_gmt":"2026-09-04T02:24:34","slug":"rckik-lublin-zaprasza-do-oddawania-krwi-harmonogram-akcji-od-7-do-13-wrzesnia","status":"publish","type":"post","link":"https:\/\/www.europesays.com\/pl\/665949\/","title":{"rendered":"RCKiK Lublin zaprasza do oddawania krwi. Harmonogram akcji od 7 do 13 wrze\u015bnia"},"content":{"rendered":"<p>                                    Terenowe akcje poboru krwi<\/p>\n<p data-start=\"363\" data-end=\"441\">W poniedzia\u0142ek, 7 wrze\u015bnia, ambulans RCKiK pojawi si\u0119 w dw\u00f3ch miejscowo\u015bciach:<\/p>\n<p>Motycz \u2013 przy przychodni, Marynin 59, rejestracja w godz. 9.00\u201312.00;<br \/>\n\u015awidnik \u2013 PZL \u015awidnik, al. Lotnik\u00f3w Polskich 1, rejestracja w godz. 8.00\u201312.00.<\/p>\n<p data-start=\"598\" data-end=\"665\">W \u015brod\u0119, 9 wrze\u015bnia, krew b\u0119dzie mo\u017cna odda\u0107 w Bogdance i Pu\u0142awach:<\/p>\n<p>Bogdanka \u2013 parking Lubelskiego W\u0119gla \u201eBogdanka\u201d, rejestracja w godz. 8.30\u201312.30, ambulans;<br \/>\nPu\u0142awy \u2013 I Liceum Og\u00f3lnokszta\u0142c\u0105ce im. Adama Jerzego ksi\u0119cia Czartoryskiego, ul. Partyzant\u00f3w 16, rejestracja w godz. 9.00\u201313.00.<\/p>\n<p data-start=\"892\" data-end=\"1048\">W sobot\u0119, 12 wrze\u015bnia, ambulans stanie w Lublinie przy sklepie Biedronka przy ul. Jana Paw\u0142a II 23. Rejestracja dawc\u00f3w b\u0119dzie prowadzona w godz. 9.00\u201313.00.<\/p>\n<p>Pi\u0119\u0107 niedzielnych akcji<\/p>\n<p data-start=\"1078\" data-end=\"1134\">Najwi\u0119cej zbi\u00f3rek zaplanowano na niedziel\u0119, 13 wrze\u015bnia:<\/p>\n<p>Aleksandr\u00f3w \u2013 Urz\u0105d Gminy, Aleksandr\u00f3w 380, rejestracja w godz. 10.00\u201313.00;<br \/>\nGo\u015bcierad\u00f3w \u2013 parking przy Gminnym O\u015brodku Kultury, rejestracja w godz. 9.00\u201313.00, ambulans;<br \/>\nKra\u015bnik \u2013 przy parafii pw. \u015bw. J\u00f3zefa Robotnika, ul. Krasi\u0144skiego 13, rejestracja w godz. 9.00\u201313.00, ambulans;<br \/>\nBia\u0142a Podlaska \u2013 parking Akademii Bialskiej przy ul. Sidorskiej 95, akcja Motoserce, rejestracja w godz. 10.00\u201314.00, ambulans;<br \/>\nOstr\u00f3w Lubelski \u2013 Szko\u0142a Podstawowa, wjazd od ul. Batorego, rejestracja w godz. 10.00\u201314.00.<\/p>\n<p>Kto mo\u017ce odda\u0107 krew?<\/p>\n<p data-start=\"1676\" data-end=\"2022\">Dawc\u0105 mo\u017ce zosta\u0107 zdrowa osoba w wieku od 18 do 65 lat, wa\u017c\u0105ca co najmniej 50 kilogram\u00f3w. Ka\u017cdy kandydat wype\u0142nia kwestionariusz, przechodzi podstawowe badania oraz kwalifikacj\u0119 medyczn\u0105. Ostateczn\u0105 decyzj\u0119 o dopuszczeniu do pobrania podejmuje osoba kwalifikuj\u0105ca dawc\u0119.<\/p>\n<p data-start=\"2024\" data-end=\"2542\">W dniu donacji nale\u017cy by\u0107 zdrowym, wypocz\u0119tym i bez objaw\u00f3w infekcji. Trzeba zabra\u0107 dokument to\u017csamo\u015bci ze zdj\u0119ciem, wcze\u015bniej zje\u015b\u0107 lekki, niskot\u0142uszczowy posi\u0142ek oraz zadba\u0107 o odpowiednie nawodnienie \u2013 w ci\u0105gu 24 godzin przed pobraniem zaleca si\u0119 wypicie oko\u0142o dw\u00f3ch litr\u00f3w p\u0142yn\u00f3w. Nie nale\u017cy przychodzi\u0107 na czczo ani po spo\u017cyciu alkoholu lub innych substancji psychoaktywnych. Warto r\u00f3wnie\u017c ograniczy\u0107 palenie papieros\u00f3w.<\/p>\n<p>Kto nie mo\u017ce odda\u0107 krwi?<\/p>\n<p data-start=\"2573\" data-end=\"2827\">Krew nie jest pobierana od os\u00f3b z objawami przezi\u0119bienia, gor\u0105czk\u0105, aktywn\u0105 infekcj\u0105 lub znajduj\u0105cych si\u0119 w okresie rekonwalescencji. Przeciwwskazaniem mo\u017ce by\u0107 tak\u017ce przyjmowanie lek\u00f3w, przy czym ka\u017cdorazowo nale\u017cy poinformowa\u0107 o nich personel medyczny.<\/p>\n<p data-start=\"2829\" data-end=\"3127\">Czasowa dyskwalifikacja obowi\u0105zuje m.in. przez cztery miesi\u0105ce po wykonaniu tatua\u017cu, przek\u0142uciu cia\u0142a, niekt\u00f3rych zabiegach operacyjnych i badaniach endoskopowych oraz po przetoczeniu krwi. Krwi nie mo\u017cna oddawa\u0107 podczas ci\u0105\u017cy oraz zasadniczo przez sze\u015b\u0107 miesi\u0119cy po porodzie lub zako\u0144czeniu ci\u0105\u017cy.<\/p>\n<p data-start=\"3129\" data-end=\"3571\">Sta\u0142\u0105 dyskwalifikacj\u0119 mog\u0105 powodowa\u0107 m.in. zaka\u017cenia HIV, HBV i HCV, ki\u0142a, cukrzyca leczona insulin\u0105, niekt\u00f3re choroby nowotworowe, choroby krwi oraz powa\u017cne przewlek\u0142e schorzenia uk\u0142adu kr\u0105\u017cenia, nerwowego, oddechowego i innych uk\u0142ad\u00f3w. W\u0105tpliwo\u015bci dotycz\u0105ce chor\u00f3b, przebytych zabieg\u00f3w, szczepie\u0144, podr\u00f3\u017cy lub przyjmowanych lek\u00f3w nale\u017cy om\u00f3wi\u0107 z personelem RCKiK.<\/p>\n<p data-start=\"3129\" data-end=\"3571\"><img loading=\"lazy\" decoding=\"async\" class=\"alignnone size-medium wp-image-525883\" src=\"https:\/\/www.europesays.com\/pl\/wp-content\/uploads\/2026\/09\/07-13_09_2026-640x537.png\" alt=\"RCKiK Lublin zaprasza do oddawania krwi. Harmonogram akcji od 7 do 13 wrze\u015bnia\" width=\"500\" height=\"420\"  \/><\/p>\n<p>\u0179r\u00f3d\u0142o: RCKiK<\/p>\n<p>\n                                    <a href=\"https:\/\/www.google.com\/preferences\/source?q=lublin112.pl\" target=\"_blank\" rel=\"noopener noreferrer nofollow\" onclick=\"if (!window.__cfRLUnblockHandlers) return false; gtag(&#039;event&#039;, &#039;google_preferred_source_click&#039;, {&#010;                                           &#039;link_url&#039;: this.href,&#010;                                           &#039;link_text&#039;: &#039;Ustaw lublin112.pl jako preferowane \u017ar\u00f3d\u0142o&#039;&#010;                                       });\" style=\"text-align:center;display:block;\" data-cf-modified-2411a6b6e17f6d0f83a3cd24-=\"\"><br \/>\n                                        <img decoding=\"async\" src=\"https:\/\/www.europesays.com\/pl\/wp-content\/uploads\/2026\/09\/1788488674_927_lublin112-google-source.webp\" alt=\"Ustaw lublin112.pl jako preferowane \u017ar\u00f3d\u0142o w Google\" style=\"max-width: 70%;\"\/><br \/>\n                                    <\/a><br \/>\n                                    <\/p>\n","protected":false},"excerpt":{"rendered":"Terenowe akcje poboru krwi W poniedzia\u0142ek, 7 wrze\u015bnia, ambulans RCKiK pojawi si\u0119 w dw\u00f3ch miejscowo\u015bciach: Motycz \u2013 przy&hellip;\n","protected":false},"author":2,"featured_media":665950,"comment_status":"","ping_status":"","sticky":false,"template":"","format":"standard","meta":{"footnotes":"","_share_on_mastodon":"0"},"categories":[51612],"tags":[119056,129403,129404,121366,1081,129405,96221,42,38,40,39,41,119052,61159],"class_list":["post-665949","post","type-post","status-publish","format-standard","has-post-thumbnail","category-lublin","tag-akcje-poboru-krwi","tag-ambulans-krwiodawstwa","tag-honorowi-dawcy","tag-krwiodawstwo","tag-lublin","tag-motoserce","tag-oddawanie-krwi","tag-pl","tag-poland","tag-polish","tag-polska","tag-polski","tag-rckik-lublin","tag-wojewodztwo-lubelskie"],"share_on_mastodon":{"url":"https:\/\/pubeurope.com\/@pl\/117210400617673513","error":""},"_links":{"self":[{"href":"https:\/\/www.europesays.com\/pl\/wp-json\/wp\/v2\/posts\/665949","targetHints":{"allow":["GET"]}}],"collection":[{"href":"https:\/\/www.europesays.com\/pl\/wp-json\/wp\/v2\/posts"}],"about":[{"href":"https:\/\/www.europesays.com\/pl\/wp-json\/wp\/v2\/types\/post"}],"author":[{"embeddable":true,"href":"https:\/\/www.europesays.com\/pl\/wp-json\/wp\/v2\/users\/2"}],"replies":[{"embeddable":true,"href":"https:\/\/www.europesays.com\/pl\/wp-json\/wp\/v2\/comments?post=665949"}],"version-history":[{"count":0,"href":"https:\/\/www.europesays.com\/pl\/wp-json\/wp\/v2\/posts\/665949\/revisions"}],"wp:featuredmedia":[{"embeddable":true,"href":"https:\/\/www.europesays.com\/pl\/wp-json\/wp\/v2\/media\/665950"}],"wp:attachment":[{"href":"https:\/\/www.europesays.com\/pl\/wp-json\/wp\/v2\/media?parent=665949"}],"wp:term":[{"taxonomy":"category","embeddable":true,"href":"https:\/\/www.europesays.com\/pl\/wp-json\/wp\/v2\/categories?post=665949"},{"taxonomy":"post_tag","embeddable":true,"href":"https:\/\/www.europesays.com\/pl\/wp-json\/wp\/v2\/tags?post=665949"}],"curies":[{"name":"wp","href":"https:\/\/api.w.org\/{rel}","templated":true}]}}