{"id":665951,"date":"2026-09-04T02:25:38","date_gmt":"2026-09-04T02:25:38","guid":{"rendered":"https:\/\/www.europesays.com\/pl\/665951\/"},"modified":"2026-09-04T02:25:38","modified_gmt":"2026-09-04T02:25:38","slug":"wielkie-nazwiska-muzyki-klasycznej-w-szczecinie-bno-otwiera-nowy-sezon-artystyczny","status":"publish","type":"post","link":"https:\/\/www.europesays.com\/pl\/665951\/","title":{"rendered":"Wielkie nazwiska muzyki klasycznej w Szczecinie. BNO otwiera nowy sezon artystyczny"},"content":{"rendered":"<p>\n                        Laureatka Mi\u0119dzynarodowego Konkursu Skrzypcowego, wybitny altowiolista, ceniona pianistka, a do tego muzyka polskich kompozytor\u00f3w z ponadczasowymi arcydzie\u0142ami baroku \u2013 Baltic Neopolis Orchestra rozpoczyna sezon z wysokiego C. \u201eMuzyka klasyczna przez du\u017ce \u201eK\u201d jest naprawd\u0119 dla ka\u017cdego\u201d, przekonuj\u0105 arty\u015bci.\n                    <\/p>\n<p align=\"LEFT\">Baltic Neopolis Orchestra ju\u017c 11 wrze\u015bnia o 19:30 zaprasza na pierwszy koncert w nowym sezonie artystycznym 2026\/2027. A b\u0119dzie to wydarzenie najwy\u017cszych lot\u00f3w.<\/p>\n<p align=\"LEFT\">\u2013 \u201ePort d\u017awi\u0119k\u00f3w\u201d to koncert, kt\u00f3ry po\u0142\u0105czy ponadczasowe utwory barokowe z muzyk\u0105 wsp\u00f3\u0142czesn\u0105 napisan\u0105 specjalnie dla Baltic Neopolis Orchestra \u2013 przyznaje Katarzyna Lament z biura koncertowego BNO.<\/p>\n<p align=\"LEFT\">W repertuarze znajduj\u0105 si\u0119 wybitne barokowe kompozycje: Concerto grosso op. 6 nr 9 Arcangelo Corelliego i koncert na czworo skrzypiec RV 580 Vivaldiego.<\/p>\n<p align=\"LEFT\">Z muzyki wsp\u00f3\u0142czesnej b\u0119dzie mo\u017cna us\u0142ysze\u0107 \u201eConcerto in Dance\u201d Miko\u0142aja Majkusiaka \u2013 utw\u00f3r zam\u00f3wiony przez BNO i wykonany po raz pierwszy podczas festiwalu Szczecin Classic w 2024 roku. A to jeszcze nie wszystko.<\/p>\n<p align=\"LEFT\">\u2013 Mamy przepi\u0119kny prezent dla s\u0142uchaczy, jakim b\u0119dzie prawykonanie \u201eConcerto\u201d Szymona Brz\u00f3ski \u2013 zdradza Lament. \u2013 To przepi\u0119kna minimalistyczna muzyka, bardzo otulaj\u0105ca i nastrojowa. Tym bardziej b\u0119dzie niesamowite wykonanie, bo jako solistka wyst\u0105pi Barbara Drazkov, znana mieszka\u0144com z festiwalu Szczecin Classic i projektu Silent Piano, kiedy to wykonywa\u0142a techno na klawiszach.<\/p>\n<p align=\"LEFT\">W\u015br\u00f3d zaproszonych solist\u00f3w s\u0105 r\u00f3wnie\u017c Agata Szymczewska \u2013 laureatka Mi\u0119dzynarodowego Konkursu Skrzypcowego im. Henryka Wieniawskiego, Volodia Mykytka \u2013 wybitny altowiolista od lat zwi\u0105zany z najwa\u017cniejszymi europejskimi scenami muzycznymi oraz skrzypaczki, rezydentki i absolwentki programu Baltic Neopolis Academy, Aniela Lembrek, Monika Szemelak i Maria Kapsiak.<\/p>\n<p>Zakulisowe przygotowania. Takie spotkania to rzadko\u015b\u0107<\/p>\n<p align=\"LEFT\">Koncert poprzedzi pr\u00f3ba otwarta i spotkanie z artystami. \u201ePrzekraczamy progi\u201d to okazja, by przyjrze\u0107 si\u0119 pracy muzyk\u00f3w, podejrze\u0107, co dzieje si\u0119, zanim wybrzmi pierwszy d\u017awi\u0119k koncertu.<\/p>\n<p align=\"LEFT\">\u2013 To zaproszenie do wej\u015bcia tam, gdzie publiczno\u015b\u0107 zwykle nie ma dost\u0119pu. Otwieramy drzwi sali pr\u00f3b i zapraszamy do naszego \u015bwiata. Podczas otwartej pr\u00f3by uczestnicy b\u0119d\u0105 mogli obserwowa\u0107 prac\u0119 orkiestry z bliska, zobaczy\u0107, jak rodzi si\u0119 koncert, a po zako\u0144czeniu pr\u00f3by porozmawia\u0107 z artystami \u2013 wyja\u015bnia Lament. Koncert oraz pr\u00f3ba otwarta zwi\u0105zane s\u0105 z projektem \u201eMiastotw\u00f3rcy\u201d. \u2013 Chcemy udowodni\u0107, \u017ce muzyka klasyczna przez du\u017ce \u201eK\u201d jest naprawd\u0119 dla ka\u017cdego.<\/p>\n<p align=\"LEFT\">Wydarzenie \u201ePrzekraczamy progi\u201d rozpocznie si\u0119 o godz. 13:00 w Ba\u0142tyckim Porcie Kultury i zaproszenie na nie jest skierowane przede wszystkim do m\u0142odych ludzi: uczni\u00f3w szk\u00f3\u0142 muzycznych i student\u00f3w oraz wszystkich, kt\u00f3rzy chc\u0105 zobaczy\u0107, jak wygl\u0105da codzienna praca profesjonalnych muzyk\u00f3w.<\/p>\n<p align=\"LEFT\">Wst\u0119p na oba wydarzenia jest wolny.<\/p>\n<p align=\"LEFT\">Dofinansowano ze \u015brodk\u00f3w Ministra Kultury i Dziedzictwa Narodowego pochodz\u0105cych z Funduszu Promocji Kultury \u2013 pa\u0144stwowego funduszu celowego, w ramach programu \u201eMuzyka\u201d, realizowanego przez Narodowy Instytut Muzyki i Ta\u0144ca. Wydarzenie realizowane jest w w ramach cyklu \u201eBa\u0142tyckie Rezydencje\u201d, kt\u00f3rego Partnerem G\u0142\u00f3wnym jest Miasto Szczecin.<\/p>\n","protected":false},"excerpt":{"rendered":"Laureatka Mi\u0119dzynarodowego Konkursu Skrzypcowego, wybitny altowiolista, ceniona pianistka, a do tego muzyka polskich kompozytor\u00f3w z ponadczasowymi arcydzie\u0142ami baroku&hellip;\n","protected":false},"author":2,"featured_media":665952,"comment_status":"","ping_status":"","sticky":false,"template":"","format":"standard","meta":{"footnotes":"","_share_on_mastodon":"0"},"categories":[51611],"tags":[291,1089,3839,3511,261,3840,42,38,40,907,39,41,123,2307,26,1092],"class_list":["post-665951","post","type-post","status-publish","format-standard","has-post-thumbnail","category-szczecin","tag-historia","tag-imprezy","tag-interwencje","tag-inwestycje","tag-kultura","tag-lokale","tag-pl","tag-poland","tag-polish","tag-polityka","tag-polska","tag-polski","tag-rozrywka","tag-szczecin","tag-wiadomosci","tag-wydarzenia"],"share_on_mastodon":{"url":"https:\/\/pubeurope.com\/@pl\/117210403421735702","error":""},"_links":{"self":[{"href":"https:\/\/www.europesays.com\/pl\/wp-json\/wp\/v2\/posts\/665951","targetHints":{"allow":["GET"]}}],"collection":[{"href":"https:\/\/www.europesays.com\/pl\/wp-json\/wp\/v2\/posts"}],"about":[{"href":"https:\/\/www.europesays.com\/pl\/wp-json\/wp\/v2\/types\/post"}],"author":[{"embeddable":true,"href":"https:\/\/www.europesays.com\/pl\/wp-json\/wp\/v2\/users\/2"}],"replies":[{"embeddable":true,"href":"https:\/\/www.europesays.com\/pl\/wp-json\/wp\/v2\/comments?post=665951"}],"version-history":[{"count":0,"href":"https:\/\/www.europesays.com\/pl\/wp-json\/wp\/v2\/posts\/665951\/revisions"}],"wp:featuredmedia":[{"embeddable":true,"href":"https:\/\/www.europesays.com\/pl\/wp-json\/wp\/v2\/media\/665952"}],"wp:attachment":[{"href":"https:\/\/www.europesays.com\/pl\/wp-json\/wp\/v2\/media?parent=665951"}],"wp:term":[{"taxonomy":"category","embeddable":true,"href":"https:\/\/www.europesays.com\/pl\/wp-json\/wp\/v2\/categories?post=665951"},{"taxonomy":"post_tag","embeddable":true,"href":"https:\/\/www.europesays.com\/pl\/wp-json\/wp\/v2\/tags?post=665951"}],"curies":[{"name":"wp","href":"https:\/\/api.w.org\/{rel}","templated":true}]}}