{"id":665955,"date":"2026-09-04T02:27:53","date_gmt":"2026-09-04T02:27:53","guid":{"rendered":"https:\/\/www.europesays.com\/pl\/665955\/"},"modified":"2026-09-04T02:27:53","modified_gmt":"2026-09-04T02:27:53","slug":"poznan-flipper-ktory-rozmnozyl-mieszkania-na-kawalerki-bedzie-musial-je-z-powrotem-polaczyc","status":"publish","type":"post","link":"https:\/\/www.europesays.com\/pl\/665955\/","title":{"rendered":"Pozna\u0144: flipper kt\u00f3ry rozmno\u017cy\u0142 mieszkania na kawalerki, b\u0119dzie musia\u0142 je z powrotem po\u0142\u0105czy\u0107"},"content":{"rendered":"<p><img decoding=\"async\" class=\"image--details\" alt=\"\" src=\"https:\/\/www.europesays.com\/pl\/wp-content\/uploads\/2026\/09\/rozmnozenie_mieszkan_mini.jpg__1200x0_q85_crop_subsampling-2_width-1200.jpg\" align=\"\" title=\"Fot. Mapy Google\" width=\"\" filer_id=\"83784\" data-uuid=\"DjJm9XfG\" thumb_option=\"1\"\/><\/p>\n<p>Fot. Mapy Google<\/p>\n<p>Wojew\u00f3dzki Inspektor Nadzoru Budowlanego<\/p>\n<p> (WINB) nakaza\u0142 deweloperowi, kt\u00f3ry w jednej z pozna\u0144skich zabytkowych kamienic <\/p>\n<p>wydzieli\u0142 56 mieszka\u0144 z wcze\u015bniejszych 22<\/p>\n<p>, przywr\u00f3cenie oryginalnego podzia\u0142u lokali. Sp\u00f3\u0142ka Fit Group zapowiada odwo\u0142anie si\u0119 od tej decyzji do s\u0105du.<\/p>\n<p>O sprawie zrobi\u0142o si\u0119 g\u0142o\u015bno w 2023 roku, kiedy Powiatowy Inspektor Nadzoru Budowlanego (PINB) w Poznaniu po raz pierwszy <\/p>\n<p>nakaza\u0142 wstrzymanie remontu<\/p>\n<p> kamienicy przy ulicy Piekary 13b, poniewa\u017c okaza\u0142o si\u0119, \u017ce inwestor wydzieli\u0142 w budynku 56 nowych mieszka\u0144, z czego <\/p>\n<p>41 mia\u0142y stanowi\u0107 mikrokawalerki<\/p>\n<p> o powierzchni mniejszej ni\u017c 25 m\u00b2. Decyzj\u0119 t\u0119 uchyli\u0142 jednak WINB, argumentuj\u0105c w\u00f3wczas, \u017ce nie ma dowod\u00f3w na z\u0142amanie prawa.<\/p>\n<p>W 2025 roku PINB poinformowa\u0142 jednak <\/p>\n<p>o znalezieniu dokument\u00f3w<\/p>\n<p> pokazuj\u0105cych, \u017ce w 2011 roku w budynku by\u0142y 22 lokale mieszkalne, co mia\u0142o wskazywa\u0107, \u017ce najnowszy remont to <\/p>\n<p>samowola budowlana<\/p>\n<p>.<\/p>\n<p>W ostatnich dniach WINB potwierdzi\u0142, \u017ce podzia\u0142 mieszka\u0144 zosta\u0142 przeprowadzony nielegalnie i <\/p>\n<p>nakaza\u0142 inwestorowi ponowne po\u0142\u0105czenie lokali<\/p>\n<p>.<\/p>\n<p>&#8211; Na taki zakres rob\u00f3t budowlanych, na przeprowadzenie przebudowy tego obiektu i &#8222;<\/p>\n<p>wyp\u0105czkowanie&#8221;<\/p>\n<p>\u00a0&#8211; takiego u\u017cyj\u0119 okre\u015blenia, <\/p>\n<p>tych 56 lokali<\/p>\n<p>, takiej zgody inwestor nie posiada\u0142 &#8211;\u00a0powiedzia\u0142 Radiu Pozna\u0144 <\/p>\n<p>Pawe\u0142 \u0141ukaszewski<\/p>\n<p>, szef PINB w Poznaniu.<\/p>\n<p>Pierwszym problemem w realizacji decyzji WINB mo\u017ce by\u0107 fakt, \u017ce wi\u0119kszo\u015b\u0107 lokali w budynku przy Piekary <\/p>\n<p>zosta\u0142a ju\u017c sprzedana<\/p>\n<p>. Kolejnym fakt, \u017ce inwestor, sp\u00f3\u0142ka Fit Group, zapowiedzia\u0142 z\u0142o\u017cenie w tej sprawie <\/p>\n<p>skargi do Wojew\u00f3dzkiego S\u0105du Administracyjnego<\/p>\n<p> (WSA).<\/p>\n<p>Prezes firmy, <\/p>\n<p>Filip Piechowiak<\/p>\n<p>, powiedzia\u0142, \u017ce \u00a0wszystkie prace przeprowadzono <\/p>\n<p>zgodnie z dokumentacj\u0105<\/p>\n<p>, a w przedwojennych budynkach dopuszcza si\u0119 tworzenie ma\u0142ych metra\u017cy. Zapowiedzia\u0142 te\u017c, \u017ce po ewentualnym zwyci\u0119stwie przed WSA, Fit Group b\u0119dzie <\/p>\n<p>walczy\u0107 o odszkodowanie<\/p>\n<p>.<\/p>\n<p>&#8211; W pierwszej kolejno\u015bci s\u0105 to przede wszystkim straty zwi\u0105zane z PR-em. Media cz\u0119sto pod\u0142apuj\u0105 ten temat i m\u00f3wi\u0105, \u017ce to <\/p>\n<p>by\u0142o robione tutaj na zarobek i tak dalej<\/p>\n<p>. Absolutnie tak nie by\u0142o. Ten budynek by\u0142 robiony w ten spos\u00f3b, <\/p>\n<p>\u017ceby stworzy\u0107 co\u015b naprawd\u0119 pi\u0119knego<\/p>\n<p>\u00a0&#8211;\u00a0powiedzia\u0142 w rozmowie z Radiem Pozna\u0144.<\/p>\n<p>Chocia\u017c PINB <\/p>\n<p>mo\u017ce na\u0142o\u017cy\u0107 kary<\/p>\n<p> na Fit Group, \u017ceby zmusi\u0107 firm\u0119 do realizacji nakazu nadzoru budowlanego, Pawe\u0142 \u0141ukaszewski ju\u017c zapowiedzia\u0142, \u017ce wstrzyma si\u0119 z nimi do zako\u0144czenia sprawy w s\u0105dzie.<\/p>\n<p><img decoding=\"async\" class=\"image--details\" alt=\"\" src=\"https:\/\/www.europesays.com\/pl\/wp-content\/uploads\/2026\/09\/rozmnozenie_mieszkan_mem.jpg__1200x0_q85_crop_subsampling-2_width-1200.png\" align=\"\" title=\"\" width=\"\" filer_id=\"83785\" data-uuid=\"fm5ErfsF\" thumb_option=\"1\"\/><\/p>\n","protected":false},"excerpt":{"rendered":"Fot. Mapy Google Wojew\u00f3dzki Inspektor Nadzoru Budowlanego (WINB) nakaza\u0142 deweloperowi, kt\u00f3ry w jednej z pozna\u0144skich zabytkowych kamienic wydzieli\u0142&hellip;\n","protected":false},"author":2,"featured_media":665956,"comment_status":"","ping_status":"","sticky":false,"template":"","format":"standard","meta":{"footnotes":"","_share_on_mastodon":"0"},"categories":[51609],"tags":[42,38,40,39,41,1817],"class_list":["post-665955","post","type-post","status-publish","format-standard","has-post-thumbnail","category-poznan","tag-pl","tag-poland","tag-polish","tag-polska","tag-polski","tag-poznan"],"share_on_mastodon":{"url":"https:\/\/pubeurope.com\/@pl\/117210416584567817","error":""},"_links":{"self":[{"href":"https:\/\/www.europesays.com\/pl\/wp-json\/wp\/v2\/posts\/665955","targetHints":{"allow":["GET"]}}],"collection":[{"href":"https:\/\/www.europesays.com\/pl\/wp-json\/wp\/v2\/posts"}],"about":[{"href":"https:\/\/www.europesays.com\/pl\/wp-json\/wp\/v2\/types\/post"}],"author":[{"embeddable":true,"href":"https:\/\/www.europesays.com\/pl\/wp-json\/wp\/v2\/users\/2"}],"replies":[{"embeddable":true,"href":"https:\/\/www.europesays.com\/pl\/wp-json\/wp\/v2\/comments?post=665955"}],"version-history":[{"count":0,"href":"https:\/\/www.europesays.com\/pl\/wp-json\/wp\/v2\/posts\/665955\/revisions"}],"wp:featuredmedia":[{"embeddable":true,"href":"https:\/\/www.europesays.com\/pl\/wp-json\/wp\/v2\/media\/665956"}],"wp:attachment":[{"href":"https:\/\/www.europesays.com\/pl\/wp-json\/wp\/v2\/media?parent=665955"}],"wp:term":[{"taxonomy":"category","embeddable":true,"href":"https:\/\/www.europesays.com\/pl\/wp-json\/wp\/v2\/categories?post=665955"},{"taxonomy":"post_tag","embeddable":true,"href":"https:\/\/www.europesays.com\/pl\/wp-json\/wp\/v2\/tags?post=665955"}],"curies":[{"name":"wp","href":"https:\/\/api.w.org\/{rel}","templated":true}]}}