{"id":665959,"date":"2026-09-04T02:31:06","date_gmt":"2026-09-04T02:31:06","guid":{"rendered":"https:\/\/www.europesays.com\/pl\/665959\/"},"modified":"2026-09-04T02:31:06","modified_gmt":"2026-09-04T02:31:06","slug":"byle-pracownice-duw-skazane-legalizowaly-pobyt-ukraincow-w-zamian-za-lapowki","status":"publish","type":"post","link":"https:\/\/www.europesays.com\/pl\/665959\/","title":{"rendered":"By\u0142e pracownice DUW skazane. Legalizowa\u0142y pobyt Ukrai\u0144c\u00f3w w zamian za \u0142ap\u00f3wki"},"content":{"rendered":"<p>By\u0142e pracownice Urz\u0119du Wojew\u00f3dzkiego skazane.<\/p>\n<p>Zdj\u0119cie ilustracyjne. Fot. archiwum RW<\/p>\n<p>Na kary od roku do dw\u00f3ch lat wi\u0119zienia skaza\u0142 w czwartek S\u0105d Okr\u0119gowy we Wroc\u0142awiu cztery kobiety, w tym dwie by\u0142e urz\u0119dniczki Dolno\u015bl\u0105skiego Urz\u0119du Wojew\u00f3dzkiego, oskar\u017cone o niezgodn\u0105 z prawem legalizacj\u0119 pobytu cudzoziemc\u00f3w w Polsce. Wyrok jest nieprawomocny.<\/p>\n<p style=\"text-align: justify;\">Wed\u0142ug aktu oskar\u017cenia cztery kobiety tworzy\u0142y zorganizowan\u0105 grup\u0119 przest\u0119pcz\u0105, kt\u00f3ra dzia\u0142a\u0142a od stycznia 2019 r. do stycznia 2020 r. W jej sk\u0142ad wchodzi\u0142y Dorota L. i dwie urz\u0119dniczki Dolno\u015bl\u0105skiego Urz\u0119du Wojew\u00f3dzkiego we Wroc\u0142awiu z Oddzia\u0142u Legalizacji Pobytu i Pracy Wydzia\u0142u Spraw Obywatelskich i Cudzoziemc\u00f3w \u2013 Ewa K. i Beata T. Kierowa\u0142a ni\u0105 obywatelka Ukrainy Inna A. Grupa mia\u0142a, wed\u0142ug prokuratury, organizowa\u0107 obywatelom Ukrainy, wbrew obowi\u0105zuj\u0105cym przepisom, przekraczanie granicy RP i u\u0142atwia\u0107 ich nielegalny pobyt w Polsce.<\/p>\n<p style=\"text-align: justify;\">W czwartek s\u0105d skaza\u0142 Inn\u0119 A. i Dorot\u0119 L. na rok i sze\u015b\u0107 miesi\u0119cy wi\u0119zienia. Najsurowsz\u0105 kar\u0119, dw\u00f3ch lat wi\u0119zienia, us\u0142ysza\u0142a urz\u0119dniczka Ewa K., a drug\u0105 pracownic\u0119 urz\u0119du s\u0105d skaza\u0142 na rok wi\u0119zienia w zawieszeniu na dwa lata. Wobec wszystkich kobiet zosta\u0142a te\u017c orzeczona kara grzywny.<\/p>\n<p style=\"text-align: justify;\">S\u0105d uniewinni\u0142 kobiety od zarzutu udzia\u0142u w grupie przest\u0119pczej. &#8211; Zgromadzony w sprawie materia\u0142 dowodowy cz\u0119\u015bciowo potwierdzi\u0142 stawiane oskar\u017conym zarzuty. Je\u017celi chodzi o kwesti\u0119 dzia\u0142ania grupy przest\u0119pczej, kt\u00f3re to dzia\u0142anie zarzucono oskar\u017conym, s\u0105d doszed\u0142 do przekonania po ocenie ca\u0142o\u015bci materia\u0142u dowodowego, i\u017c nie spos\u00f3b przyj\u0105\u0107, i\u017c stawiany tym oskar\u017conym ten\u017ce zarzut by\u0142by s\u0142uszny &#8211; powiedzia\u0142 s\u0119dzia Tomasz Kaszyca.<\/p>\n<p>&#13;<br \/>\n\t\t\t\t\t\t\t\t\t\tAby ods\u0142ucha\u0107 za\u0142\u0105czonego d\u017awi\u0119ku zaktualizuj przegl\u0105dark\u0119 lub\/i wtyczk\u0119 Adobe Flash Player.&#13;\n\t\t\t\t\t\t\t\t\t<\/p>\n<p>\u00a0<br \/>\nUrz\u0119dniczki przyj\u0119\u0142y kilkana\u015bcie tysi\u0119cy z\u0142otych w \u0142ap\u00f3wkach<\/p>\n<p style=\"text-align: justify;\">S\u0119dzia, opisuj\u0105c organizacj\u0119 procederu nielegalnego przekraczania granicy i p\u00f3\u017aniejszej legalizacji pobytu obywateli Ukrainy w Polsce, wskaza\u0142, \u017ce pierwszym krokiem by\u0142o uzyskiwanie po\u015bwiadczaj\u0105cych nieprawd\u0119 zaprosze\u0144 dla Ukrai\u0144c\u00f3w chc\u0105cych przyjecha\u0107 do Polski.<\/p>\n<p style=\"text-align: justify;\">\u2013 Wr\u0119czanie korzy\u015bci maj\u0105tkowych urz\u0119dniczkom mia\u0142o przyspieszy\u0107 rejestracj\u0119 zaprosze\u0144 i wydanie decyzji administracyjnych legalizuj\u0105cych pobyt i prac\u0119 obywateli Ukrainy \u2013 m\u00f3wi\u0142 s\u0119dzia Kaszyca.<\/p>\n<p style=\"text-align: justify;\">Wskaza\u0142, \u017ce w\u00f3wczas w Dolno\u015bl\u0105skim Urz\u0119dzie Wojew\u00f3dzkim by\u0142y znaczne op\u00f3\u017anienia w wydawaniu takich decyzji.<\/p>\n<p style=\"text-align: justify;\">\u2013 Kwestie wydawania tych decyzji nie by\u0142y w\u00f3wczas jasno uregulowane, a korzy\u015bci maj\u0105tkowe by\u0142y wr\u0119czane, aby przyspieszy\u0107 te procedury \u2013 powiedzia\u0142 s\u0119dzia.<\/p>\n<p style=\"text-align: justify;\">Wed\u0142ug aktu oskar\u017cenia urz\u0119dniczki przyj\u0119\u0142y kilkana\u015bcie tysi\u0119cy z\u0142otych, a cz\u0119\u015b\u0107 pieni\u0119dzy w euro i dolarach.<\/p>\n<p style=\"text-align: justify;\">Na \u0142awie oskar\u017conych w tej sprawie zasiad\u0142a r\u00f3wnie\u017c obywatelka Ukrainy Olena D., kt\u00f3ra \u2013 zdaniem \u015bledczych \u2013 wr\u0119czy\u0142a \u0142ap\u00f3wk\u0119 Ewie K. w kwocie 1,2 tys. z\u0142. W tym przypadku korzy\u015b\u0107 maj\u0105tkowa mia\u0142a przyspieszy\u0107 wydanie pozwolenia na prac\u0119 i pobyt dla kolejnej z oskar\u017conych kobiet \u2013 Natalii G. Kobiety zosta\u0142y skazane na kary grzywny.<\/p>\n<p style=\"text-align: justify;\">Wyrok jest nieprawomocny.<\/p>\n","protected":false},"excerpt":{"rendered":"By\u0142e pracownice Urz\u0119du Wojew\u00f3dzkiego skazane. Zdj\u0119cie ilustracyjne. Fot. archiwum RW Na kary od roku do dw\u00f3ch lat wi\u0119zienia&hellip;\n","protected":false},"author":2,"featured_media":665960,"comment_status":"","ping_status":"","sticky":false,"template":"","format":"standard","meta":{"footnotes":"","_share_on_mastodon":"0"},"categories":[51607],"tags":[129406,129407,28789,129409,42,56952,38,40,39,41,28978,129408,114989,31600,1853,56290,70368],"class_list":["post-665959","post","type-post","status-publish","format-standard","has-post-thumbnail","category-wroclaw","tag-byle","tag-duw","tag-lapowki","tag-legalizowaly","tag-pl","tag-pobyt","tag-poland","tag-polish","tag-polska","tag-polski","tag-pracownice","tag-skazane","tag-ukraincow","tag-w","tag-wroclaw","tag-za","tag-zamian"],"share_on_mastodon":{"url":"https:\/\/pubeurope.com\/@pl\/117210427323548261","error":""},"_links":{"self":[{"href":"https:\/\/www.europesays.com\/pl\/wp-json\/wp\/v2\/posts\/665959","targetHints":{"allow":["GET"]}}],"collection":[{"href":"https:\/\/www.europesays.com\/pl\/wp-json\/wp\/v2\/posts"}],"about":[{"href":"https:\/\/www.europesays.com\/pl\/wp-json\/wp\/v2\/types\/post"}],"author":[{"embeddable":true,"href":"https:\/\/www.europesays.com\/pl\/wp-json\/wp\/v2\/users\/2"}],"replies":[{"embeddable":true,"href":"https:\/\/www.europesays.com\/pl\/wp-json\/wp\/v2\/comments?post=665959"}],"version-history":[{"count":0,"href":"https:\/\/www.europesays.com\/pl\/wp-json\/wp\/v2\/posts\/665959\/revisions"}],"wp:featuredmedia":[{"embeddable":true,"href":"https:\/\/www.europesays.com\/pl\/wp-json\/wp\/v2\/media\/665960"}],"wp:attachment":[{"href":"https:\/\/www.europesays.com\/pl\/wp-json\/wp\/v2\/media?parent=665959"}],"wp:term":[{"taxonomy":"category","embeddable":true,"href":"https:\/\/www.europesays.com\/pl\/wp-json\/wp\/v2\/categories?post=665959"},{"taxonomy":"post_tag","embeddable":true,"href":"https:\/\/www.europesays.com\/pl\/wp-json\/wp\/v2\/tags?post=665959"}],"curies":[{"name":"wp","href":"https:\/\/api.w.org\/{rel}","templated":true}]}}