{"id":665997,"date":"2026-09-04T02:57:35","date_gmt":"2026-09-04T02:57:35","guid":{"rendered":"https:\/\/www.europesays.com\/pl\/665997\/"},"modified":"2026-09-04T02:57:35","modified_gmt":"2026-09-04T02:57:35","slug":"koniec-remontu-kanalizacji-przy-usk-nr-4-w-lublinie-od-7-wrzesnia-zmiana-organizacji-ruchu","status":"publish","type":"post","link":"https:\/\/www.europesays.com\/pl\/665997\/","title":{"rendered":"Koniec remontu kanalizacji przy USK nr 4 w Lublinie. Od 7 wrze\u015bnia zmiana organizacji ruchu"},"content":{"rendered":"<p>Zmiany s\u0105 zwi\u0105zane z zako\u0144czeniem remontu kanalizacji na terenie lubelskiej plac\u00f3wki. Kierowcy ponownie b\u0119d\u0105 mogli korzysta\u0107 z drogi prowadz\u0105cej pomi\u0119dzy Blokiem Operacyjnym, oznaczonym jako strefa K, a budynkiem g\u0142\u00f3wnym szpitala, znajduj\u0105cym si\u0119 w strefie C.<\/p>\n<p>Zmieniony dojazd do parking\u00f3w<\/p>\n<p>Drog\u0105 pomi\u0119dzy Blokiem Operacyjnym a budynkiem g\u0142\u00f3wnym b\u0119dzie odbywa\u0142 si\u0119 r\u00f3wnie\u017c dojazd do parkingu znajduj\u0105cego si\u0119 za Blokiem Operacyjnym.<\/p>\n<p>Zmiana dotyczy mi\u0119dzy innymi parking\u00f3w przy budynku Zak\u0142adu Medycyny Nuklearnej PET w strefie G, Klinicznym Oddziale Pneumonologii, Alergologii, Onkologii Pulmonologicznej i Chor\u00f3b Wewn\u0119trznych, Klinicznym Oddziale Onkologii Klinicznej i Chemioterapii w strefie J oraz pralni w strefie I.<\/p>\n<p>Jednocze\u015bnie zamkni\u0119ty zostanie wjazd od strony Szpitalnego Oddzia\u0142u Ratunkowego Uniwersyteckiego Szpitala Dzieci\u0119cego w Lublinie.<\/p>\n<p>\u2014 Prosimy o zwr\u00f3cenie uwagi na zmian\u0119 organizacji ruchu i korzystanie z w\u0142a\u015bciwego wjazdu na teren szpitala \u2014 apeluj\u0105 przedstawiciele Uniwersyteckiego Szpitala Klinicznego Nr 4 w Lublinie.<\/p>\n<p>Kierowcy udaj\u0105cy si\u0119 na teren plac\u00f3wki powinni zwraca\u0107 uwag\u0119 na oznakowanie oraz wcze\u015bniej zaplanowa\u0107 w\u0142a\u015bciw\u0105 tras\u0119 dojazdu.<\/p>\n<p>\u0179r\u00f3d\u0142o: USK Nr 4 w Lublinie<\/p>\n<p>\n                                    <a href=\"https:\/\/www.google.com\/preferences\/source?q=lublin112.pl\" target=\"_blank\" rel=\"noopener noreferrer nofollow\" onclick=\"if (!window.__cfRLUnblockHandlers) return false; gtag(&#039;event&#039;, &#039;google_preferred_source_click&#039;, {&#010;                                           &#039;link_url&#039;: this.href,&#010;                                           &#039;link_text&#039;: &#039;Ustaw lublin112.pl jako preferowane \u017ar\u00f3d\u0142o&#039;&#010;                                       });\" style=\"text-align:center;display:block;\" data-cf-modified-8f1e01ac45a1268ad7afcaa7-=\"\"><br \/>\n                                        <img decoding=\"async\" src=\"https:\/\/www.europesays.com\/pl\/wp-content\/uploads\/2026\/09\/1788490655_111_lublin112-google-source.webp\" alt=\"Ustaw lublin112.pl jako preferowane \u017ar\u00f3d\u0142o w Google\" style=\"max-width: 70%;\"\/><br \/>\n                                    <\/a><br \/>\n                                    <\/p>\n","protected":false},"excerpt":{"rendered":"Zmiany s\u0105 zwi\u0105zane z zako\u0144czeniem remontu kanalizacji na terenie lubelskiej plac\u00f3wki. Kierowcy ponownie b\u0119d\u0105 mogli korzysta\u0107 z drogi&hellip;\n","protected":false},"author":2,"featured_media":665998,"comment_status":"","ping_status":"","sticky":false,"template":"","format":"standard","meta":{"footnotes":"","_share_on_mastodon":"0"},"categories":[51612],"tags":[129410,129411,1081,129412,42,38,40,39,41,129413,85306,129414,67356,60557],"class_list":["post-665997","post","type-post","status-publish","format-standard","has-post-thumbnail","category-lublin","tag-blok-operacyjny","tag-dojazd-do-szpitala","tag-lublin","tag-parking-przy-szpitalu","tag-pl","tag-poland","tag-polish","tag-polska","tag-polski","tag-remont-kanalizacji","tag-szpital-w-lublinie","tag-usk-nr-4-w-lublinie","tag-utrudnienia-dla-kierowcow","tag-zmiana-organizacji-ruchu"],"share_on_mastodon":{"url":"https:\/\/pubeurope.com\/@pl\/117210529398531382","error":""},"_links":{"self":[{"href":"https:\/\/www.europesays.com\/pl\/wp-json\/wp\/v2\/posts\/665997","targetHints":{"allow":["GET"]}}],"collection":[{"href":"https:\/\/www.europesays.com\/pl\/wp-json\/wp\/v2\/posts"}],"about":[{"href":"https:\/\/www.europesays.com\/pl\/wp-json\/wp\/v2\/types\/post"}],"author":[{"embeddable":true,"href":"https:\/\/www.europesays.com\/pl\/wp-json\/wp\/v2\/users\/2"}],"replies":[{"embeddable":true,"href":"https:\/\/www.europesays.com\/pl\/wp-json\/wp\/v2\/comments?post=665997"}],"version-history":[{"count":0,"href":"https:\/\/www.europesays.com\/pl\/wp-json\/wp\/v2\/posts\/665997\/revisions"}],"wp:featuredmedia":[{"embeddable":true,"href":"https:\/\/www.europesays.com\/pl\/wp-json\/wp\/v2\/media\/665998"}],"wp:attachment":[{"href":"https:\/\/www.europesays.com\/pl\/wp-json\/wp\/v2\/media?parent=665997"}],"wp:term":[{"taxonomy":"category","embeddable":true,"href":"https:\/\/www.europesays.com\/pl\/wp-json\/wp\/v2\/categories?post=665997"},{"taxonomy":"post_tag","embeddable":true,"href":"https:\/\/www.europesays.com\/pl\/wp-json\/wp\/v2\/tags?post=665997"}],"curies":[{"name":"wp","href":"https:\/\/api.w.org\/{rel}","templated":true}]}}