{"id":666003,"date":"2026-09-04T03:00:58","date_gmt":"2026-09-04T03:00:58","guid":{"rendered":"https:\/\/www.europesays.com\/pl\/666003\/"},"modified":"2026-09-04T03:00:58","modified_gmt":"2026-09-04T03:00:58","slug":"poznan-najpierw-mial-grozic-smiercia-pozniej-zaatakowal-nozem-19-latek-trafil-do-aresztu","status":"publish","type":"post","link":"https:\/\/www.europesays.com\/pl\/666003\/","title":{"rendered":"Pozna\u0144: Najpierw mia\u0142 grozi\u0107 \u015bmierci\u0105, p\u00f3\u017aniej zaatakowa\u0142 no\u017cem. 19-latek trafi\u0142 do aresztu"},"content":{"rendered":"<p>18-letni obywatel Ukrainy trafi\u0142 do szpitala po ataku no\u017cem w Poznaniu. Policjanci zatrzymali jego 19-letniego rodaka, w kt\u00f3rego mieszkaniu znale\u017ali n\u00f3\u017c oraz marihuan\u0119. Wed\u0142ug ustale\u0144 \u015bledczych przed atakiem podejrzany mia\u0142 r\u00f3wnie\u017c grozi\u0107 pokrzywdzonemu pozbawieniem \u017cycia. S\u0105d zdecydowa\u0142 o jego tymczasowym aresztowaniu na trzy miesi\u0105ce.<\/p>\n<p>    <img decoding=\"async\" src=\"https:\/\/www.europesays.com\/pl\/wp-content\/uploads\/2026\/09\/ZDRhZTM0dSUzCixnYkt4MHBSeD0kEnZmJ0pgdmIBaHRiEGxjeB88LT4NKDE9X3QjIB0qNTpAdDQ-RzskJB8sdX0MMyc9XDs9fQ03.jpeg\" width=\"1200\" height=\"675\" loading=\"eager\" fetchpriority=\"high\" class=\"wp-media-image\" alt=\"Fot. Licencjodawca\"\/>Fot. Licencjodawca  <\/p>\n<p> Redakcja Info112.pl  <\/p>\n<p>3 wrze\u015bnia 2026, 14:07Skomentuj  Udost\u0119pnij na Facebooku    Udost\u0119pnij na X   Udost\u0119pnij na WhatsApp   Kopiuj link <\/p>\n","protected":false},"excerpt":{"rendered":"18-letni obywatel Ukrainy trafi\u0142 do szpitala po ataku no\u017cem w Poznaniu. Policjanci zatrzymali jego 19-letniego rodaka, w kt\u00f3rego&hellip;\n","protected":false},"author":2,"featured_media":666004,"comment_status":"","ping_status":"","sticky":false,"template":"","format":"standard","meta":{"footnotes":"","_share_on_mastodon":"0"},"categories":[51609],"tags":[42,38,40,39,41,1817],"class_list":["post-666003","post","type-post","status-publish","format-standard","has-post-thumbnail","category-poznan","tag-pl","tag-poland","tag-polish","tag-polska","tag-polski","tag-poznan"],"share_on_mastodon":{"url":"https:\/\/pubeurope.com\/@pl\/117210546280858903","error":""},"_links":{"self":[{"href":"https:\/\/www.europesays.com\/pl\/wp-json\/wp\/v2\/posts\/666003","targetHints":{"allow":["GET"]}}],"collection":[{"href":"https:\/\/www.europesays.com\/pl\/wp-json\/wp\/v2\/posts"}],"about":[{"href":"https:\/\/www.europesays.com\/pl\/wp-json\/wp\/v2\/types\/post"}],"author":[{"embeddable":true,"href":"https:\/\/www.europesays.com\/pl\/wp-json\/wp\/v2\/users\/2"}],"replies":[{"embeddable":true,"href":"https:\/\/www.europesays.com\/pl\/wp-json\/wp\/v2\/comments?post=666003"}],"version-history":[{"count":0,"href":"https:\/\/www.europesays.com\/pl\/wp-json\/wp\/v2\/posts\/666003\/revisions"}],"wp:featuredmedia":[{"embeddable":true,"href":"https:\/\/www.europesays.com\/pl\/wp-json\/wp\/v2\/media\/666004"}],"wp:attachment":[{"href":"https:\/\/www.europesays.com\/pl\/wp-json\/wp\/v2\/media?parent=666003"}],"wp:term":[{"taxonomy":"category","embeddable":true,"href":"https:\/\/www.europesays.com\/pl\/wp-json\/wp\/v2\/categories?post=666003"},{"taxonomy":"post_tag","embeddable":true,"href":"https:\/\/www.europesays.com\/pl\/wp-json\/wp\/v2\/tags?post=666003"}],"curies":[{"name":"wp","href":"https:\/\/api.w.org\/{rel}","templated":true}]}}