{"id":666039,"date":"2026-09-04T03:27:18","date_gmt":"2026-09-04T03:27:18","guid":{"rendered":"https:\/\/www.europesays.com\/pl\/666039\/"},"modified":"2026-09-04T03:27:18","modified_gmt":"2026-09-04T03:27:18","slug":"psi-patrol-i-dinozaury-w-bialymstoku-3","status":"publish","type":"post","link":"https:\/\/www.europesays.com\/pl\/666039\/","title":{"rendered":"Psi Patrol i dinozaury w Bia\u0142ymstoku"},"content":{"rendered":"<p class=\"atomsHappeningContent__desc\">Opis: Dzielne psiaki z Psiego Patrolu trafiaj\u0105 na nieznan\u0105, tropikaln\u0105 wysp\u0119 pe\u0142n\u0105 dinozaur\u00f3w po tym, jak ich statek rozbija si\u0119 w wyniku gwa\u0142townego sztormu.<\/p>\n<p>Na wyspie spotykaj\u0105 szczeniaka Rexa, kt\u00f3ry od lat jest uwi\u0119ziony na wyspie i jest prawdziwym ekspertem od wszystkiego, co zwi\u0105zane z pradawnymi gadami.<\/p>\n<p>Sytuacja wymyka si\u0119 spod kontroli, gdy odwieczny rywal piesk\u00f3w, burmistrz Humdinger, zaczyna pozyskiwa\u0107 surowce, aby wykorzysta\u0107 naturalne zasoby wyspy. Nie\u015bwiadomie doprowadza do erupcji ogromnego, u\u015bpionego wulkanu.<\/p>\n<p>Psiaki staj\u0105 w obliczu serii ryzykownych akcji ratunkowych \u2014 wi\u0119kszych i bardziej niebezpiecznych ni\u017c kiedykolwiek wcze\u015bniej. Musz\u0105 powstrzyma\u0107 Humdingera, zanim wszystko na wyspie bezpowrotnie wyginie.<br \/>Tytu\u0142 oryginalny: PAW Patrol: The Dino Movie<br \/>Re\u017cyser: Cal Brunker<br \/>Scenariusz: Cal Brunker &amp; Bob Barlen<br \/>Gatunek: animowany<br \/>Czas trwania: 88 minut<br \/>Kraj produkcji: Kanada, USA<br \/>Rok produkcji: 2026<br \/>Muzyka: Pinar Toprak<br \/>Data premiery w Polsce: 2026-08-07<\/p>\n","protected":false},"excerpt":{"rendered":"Opis: Dzielne psiaki z Psiego Patrolu trafiaj\u0105 na nieznan\u0105, tropikaln\u0105 wysp\u0119 pe\u0142n\u0105 dinozaur\u00f3w po tym, jak ich statek&hellip;\n","protected":false},"author":2,"featured_media":666040,"comment_status":"","ping_status":"","sticky":false,"template":"","format":"standard","meta":{"footnotes":"","_share_on_mastodon":"0"},"categories":[51614],"tags":[2151,6226,68212,10195,42,38,40,39,41,22920],"class_list":["post-666039","post","type-post","status-publish","format-standard","has-post-thumbnail","category-bialystok","tag-bialystok","tag-bilety","tag-film-i-kino","tag-impreza","tag-pl","tag-poland","tag-polish","tag-polska","tag-polski","tag-wydarzenie"],"share_on_mastodon":{"url":"https:\/\/pubeurope.com\/@pl\/117210647283322513","error":""},"_links":{"self":[{"href":"https:\/\/www.europesays.com\/pl\/wp-json\/wp\/v2\/posts\/666039","targetHints":{"allow":["GET"]}}],"collection":[{"href":"https:\/\/www.europesays.com\/pl\/wp-json\/wp\/v2\/posts"}],"about":[{"href":"https:\/\/www.europesays.com\/pl\/wp-json\/wp\/v2\/types\/post"}],"author":[{"embeddable":true,"href":"https:\/\/www.europesays.com\/pl\/wp-json\/wp\/v2\/users\/2"}],"replies":[{"embeddable":true,"href":"https:\/\/www.europesays.com\/pl\/wp-json\/wp\/v2\/comments?post=666039"}],"version-history":[{"count":0,"href":"https:\/\/www.europesays.com\/pl\/wp-json\/wp\/v2\/posts\/666039\/revisions"}],"wp:featuredmedia":[{"embeddable":true,"href":"https:\/\/www.europesays.com\/pl\/wp-json\/wp\/v2\/media\/666040"}],"wp:attachment":[{"href":"https:\/\/www.europesays.com\/pl\/wp-json\/wp\/v2\/media?parent=666039"}],"wp:term":[{"taxonomy":"category","embeddable":true,"href":"https:\/\/www.europesays.com\/pl\/wp-json\/wp\/v2\/categories?post=666039"},{"taxonomy":"post_tag","embeddable":true,"href":"https:\/\/www.europesays.com\/pl\/wp-json\/wp\/v2\/tags?post=666039"}],"curies":[{"name":"wp","href":"https:\/\/api.w.org\/{rel}","templated":true}]}}