{"id":666055,"date":"2026-09-04T03:36:40","date_gmt":"2026-09-04T03:36:40","guid":{"rendered":"https:\/\/www.europesays.com\/pl\/666055\/"},"modified":"2026-09-04T03:36:40","modified_gmt":"2026-09-04T03:36:40","slug":"pseudokibice-nagrali-pozdrowienia-do-wiezienia-w-popularnym-krakowskim-parku","status":"publish","type":"post","link":"https:\/\/www.europesays.com\/pl\/666055\/","title":{"rendered":"Pseudokibice nagrali &#8222;pozdrowienia do wi\u0119zienia&#8221; w popularnym krakowskim parku"},"content":{"rendered":"<p><a href=\"https:\/\/wiadomosci.onet.pl\/tylko-w-onecie\/kulisy-brutalnego-ataku-na-yankesa-nowe-informacje-w-sprawie-mlodej-ferajny\/g351q4z\" id=\"2c4ca336-38a2-431b-8197-a0b6ced586e4\" rel=\"nofollow noopener\" target=\"_blank\">Mija tydzie\u0144, odk\u0105d w r\u0119ce ma\u0142opolskiej policji wpad\u0142o czterech m\u0119\u017cczyzn podejrzewanych o brutaln\u0105 napa\u015b\u0107 na Jakuba Ch. ps. &#8222;Yankes&#8221;. <\/a>To kibol Hutnika Krak\u00f3w, wielokrotnie karany, zamieszany m.in. w obr\u00f3t narkotykami i obnosz\u0105cy si\u0119 pogard\u0105 dla Wis\u0142y Krak\u00f3w. Pobicie, kt\u00f3re zako\u0144czy\u0142o si\u0119 \u015bmierci\u0105 36-latka, przypisywane jest cz\u0142onkom wrogiej mu &#8222;M\u0142odej Ferajny&#8221;, jednej z grup chuliga\u0144skich tworzonej przez m\u0142odych fanatyk\u00f3w Wis\u0142y Krak\u00f3w.<\/p>\n<p>Jak s\u0142yszymy od ma\u0142opolskich policjant\u00f3w, \u015bledczy ze specjalnie powo\u0142anej do tego grupy nadal pracuj\u0105 nad spraw\u0105 pobicia i nie wykluczaj\u0105 kolejnych krok\u00f3w.<\/p>\n<p><a href=\"https:\/\/www.onet.pl\/\" title=\"Strona G\u0142\u00f3wna\" aria-label=\"Strona G\u0142\u00f3wna\" data-astro-prefetch=\"tap\" class=\"ods-a-logo-main-desktop\" rel=\"nofollow noopener\" target=\"_blank\"><img src=\"https:\/\/cdn.wiadomosci.onet.pl\/img\/Logo_desktop_Onet.svg\" class=\"ods-a-logo-main-desktop__image\" alt=\"Logo\" width=\"107\" height=\"60\" fetchpriority=\"high\" decoding=\"sync\" style=\"height:60px\"\/><\/a><\/p>\n<p class=\"ods-m-google-article__text\">Czytaj nas cz\u0119\u015bciej w Google<\/p>\n<p><a href=\"https:\/\/google.com\/preferences\/source?q=wiadomosci.onet.pl\" target=\"_blank\" rel=\"noopener noreferrer nofollow\" aria-label=\"Dodaj w Google\" title=\"Dodaj w Google\" class=\"ods-a-button ods-a-button__primary ods-a-button__default ods-a-button-l\">Dodaj w Google<\/a>Kibic Hutnika skatowany w Krakowie. Nowe fakty na temat przesz\u0142o\u015bci &#8222;Yankesa&#8221;<img class=\"ods-a-photo ods-a-photo--background\" src=\"https:\/\/www.europesays.com\/pl\/wp-content\/uploads\/2026\/09\/Az9k9lBaHR0cHM6Ly9vY2RuLmV1L3B1bHNjbXMvTURBXy8yYjQyNDkyODQ5MWQwYmM5MTdjOWNhYTMwMzU2Y2Y3My5wbmeRlQLNA.jpeg\" height=\"253\" width=\"450\" alt=\"Z lewej: kadr z nagrania monitoringu pokazuj\u0105cego pobicie 36-latka w Krakowie. Dalej: kibice Wis\u0142y Krak\u00f3w\" loading=\"lazy\" fetchpriority=\"low\" decoding=\"async\"\/>&#8222;Kibole przep\u0119dzili rodziny z dzie\u0107mi&#8221;Informacje o brutalnych porachunkach grup pseudokibic\u00f3w zelektryzowa\u0142y jednak mieszka\u0144c\u00f3w Krakowa. U wielu wr\u00f3ci\u0142y wspomnienia sprzed kilku lat, gdy ganiaj\u0105cy si\u0119 po osiedlach z maczetami fanatycy Wis\u0142y i Cracovii stanowili niechlubn\u0105 wizyt\u00f3wk\u0119 miasta. <a href=\"https:\/\/wiadomosci.onet.pl\/krakow\/krakow-wojna-gangow-lata-ktore-niosly-smierc\/wgmdm0g?tpcc=202608_bloczek_P&amp;S\" id=\"c7b52f87-e05b-4782-a558-cb3cdbc74964\" rel=\"nofollow noopener\" target=\"_blank\">Najwi\u0119ksza kulminacja kibolskich porachunk\u00f3w mia\u0142a miejsce w latach 2010-2013. W ci\u0105gu trzech lat zgin\u0119\u0142o siedem os\u00f3b.<\/a><\/p>\n<p>Wraz z tymi wspomnieniami wraca strach, o czym mogli przekona\u0107 si\u0119 mieszka\u0144cy Krakowa sp\u0119dzaj\u0105cy czas na Plantach Bie\u0144czyckich, w jednym z park\u00f3w Nowej Huty (p\u00f3\u0142nocno-wschodnia cz\u0119\u015b\u0107 Krakowa).<\/p>\n<p>\u2014 Kibole wpadli tam tu\u017c przed zmrokiem, przep\u0119dzili rodziny z dzieciakami, starsze osoby sp\u0119dzaj\u0105ce tam wiecz\u00f3r, po czym odpalili race \u2014 relacjonuje nam \u015bwiadek zdarzenia, ale \u2014 jak si\u0119 okazuje \u2014 na tym pseudokibice nie poprzestali.<\/p>\n<p>Dalszy ci\u0105g artyku\u0142u pod materia\u0142em wideo<\/p>\n<p>Do zdarzenia, kt\u00f3re opisuje nasz Czytelnik, dosz\u0142o 31 sierpnia oko\u0142o godz. 20. Potwierdza nam to krakowska policja, kt\u00f3ra dosta\u0142a wezwanie o tym, \u017ce w parku znajduj\u0105 si\u0119 agresywni m\u0119\u017cczy\u017ani.<\/p>\n<p>Co \u015bmier\u0107 &#8222;Yankesa&#8221; oznacza dla p\u00f3\u0142\u015bwiatka? &#8222;Wyp\u0142yn\u0105 rzeczy, kt\u00f3re wcze\u015bniej by\u0142y w ukryciu&#8221;<img class=\"ods-a-photo ods-a-photo--background\" src=\"https:\/\/www.europesays.com\/pl\/wp-content\/uploads\/2026\/09\/3WTk9lBaHR0cHM6Ly9vY2RuLmV1L3B1bHNjbXMvTURBXy9kOWY0M2VlM2U2ZGJjNzFiMWQ5MDc5ZGI4YTc5MWM2MC5wbmeRlQLNA.jpeg\" height=\"300\" width=\"450\" alt=\"Kibic Hutnika Krak\u00f3w i kibice Wis\u0142y Krak\u00f3w w czasie meczu z Ruchem Chorz\u00f3w \" loading=\"lazy\" fetchpriority=\"low\" decoding=\"async\"\/>Pozdrowienia dla kumpla zza krat<\/p>\n<p>Nim funkcjonariusze dojechali na miejsce, kibole urz\u0105dzili mini racowisko i rozwin\u0119li transparent. Na nim umie\u015bcili has\u0142o: &#8222;PDW \u015aliwa&#8221;, co w pseudokibicowskim slangu oznacza &#8222;pozdrowienia do wi\u0119zienia&#8221;. Kibice na umieszczonym w sieci nagraniu skanduj\u0105 te pozdrowienia, a nast\u0119pnie wyzywaj\u0105 kibic\u00f3w dru\u017cyn z Suchych Staw\u00f3w, czyli Hutnika oraz Cracovii. Obrywa si\u0119 tak\u017ce policji.<\/p>\n<p>Z grup w sieci, na kt\u00f3rych pojawi\u0142 si\u0119 filmik z akcji na Plantach Bie\u0144czyckich, mo\u017cna dowiedzie\u0107 si\u0119, \u017ce przekaz ma by\u0107 kierowany do jednego z podejrzanych o pobicie &#8222;Yankesa&#8221;. Przekre\u015blona &#8222;sze\u015b\u0107dziesi\u0105tka&#8221; na transparencie to z kolei przekaz do kolegi zza krat, by nie my\u015bla\u0142 nawet o p\u00f3j\u015bciu na wsp\u00f3\u0142prac\u0119 ze \u015bledczymi. Padaj\u0105 gro\u017aby wobec &#8222;konfident\u00f3w&#8221;.<\/p>\n<p>Nagranie trwa niespe\u0142na p\u00f3\u0142torej minuty. Zawiadomieni o zdarzeniu krakowscy policjanci rzeczywi\u015bcie ruszyli z interwencj\u0105, ale, jak m\u00f3wi Onetowi rzecznik Komendy Miejskiej Policji w Krakowie, kom. Piotr Szpiech, gdy dotarli na miejsce, nikogo ju\u017c nie zastali.<\/p>\n<p>\u2014 Policjanci sprawdzili tak\u017ce okoliczny teren, ale po tych osobach ju\u017c nie by\u0142o \u015bladu. Nie otrzymali\u015bmy zg\u0142oszenia, by kto\u015b z postronnych os\u00f3b ucierpia\u0142, wi\u0119c na tym si\u0119 zako\u0144czy\u0142a interwencja \u2014 podkre\u015bla kom. Szpiech.<\/p>\n<p>Rzecznik podkre\u015bla, \u017ce od czasu do czasu dochodzi w Krakowie do podobnych zaj\u015b\u0107, ale nie s\u0105 one nagminne. \u2014 Nie obserwujemy te\u017c, \u017ceby po ostatniej tragedii na os. Willowym incydenty z udzia\u0142em grup pseudokibic\u00f3w w mie\u015bcie mia\u0142y si\u0119 nasili\u0107 \u2014 zastrzega.<\/p>\n<p>Kulisy ataku na &#8222;Yankesa&#8221;. Nowe informacje w sprawie &#8222;M\u0142odej Ferajny&#8221;<img class=\"ods-a-photo ods-a-photo--background\" src=\"https:\/\/www.europesays.com\/pl\/wp-content\/uploads\/2026\/09\/m1Xk9lBaHR0cHM6Ly9vY2RuLmV1L3B1bHNjbXMvTURBXy9iMjIzZTMzMzU4MGU2YzIxNmM2NDU1Njk0M2Q5OTgyMS5wbmeRlQLNA.jpeg\" height=\"253\" width=\"450\" alt=\"Sklejka 20260828 1505 privacy\" loading=\"lazy\" fetchpriority=\"low\" decoding=\"async\"\/>&#8222;Obawiam si\u0119 atak\u00f3w&#8221;<\/p>\n<p>Ale prof. Rafa\u0142 Chwedoruk, kt\u00f3ry od lat bada \u015brodowiska fanatycznych kibic\u00f3w polskich dru\u017cyn pi\u0142karskich, jest zdania, \u017ce sytuacja w Krakowie mo\u017ce rozwin\u0105\u0107 si\u0119 w stron\u0119 dalszej przemocy.<\/p>\n<p>\u2014 Zapewne jaka\u015b cz\u0119\u015b\u0107 znajomych zmar\u0142ego kibica chcia\u0142aby szybkiej zemsty i kibicowskiej wojny na ca\u0142ego, ale to troch\u0119 tak, jak z potencjalnym atakiem Rosji na Polsk\u0119: zapewne Putin by chcia\u0142, ale nie ma kim tego zrobi\u0107. W kot\u0142ach, czy m\u0142ynach polskich stadion\u00f3w te\u017c nie ma teraz zast\u0119p\u00f3w &#8222;\u017co\u0142nierzy&#8221; gotowych na tak\u0105 walk\u0119, siedz\u0105 tam cz\u0119sto nastolatkowie i m\u0142odzi m\u0119\u017cczy\u017ani wychowani w innych czasach, ni\u017c poprzednie pokolenia. Wiedz\u0105, \u017ce wszystko jest monitorowane. Ponadto w poprzednich dekadach prowadzono pewnego rodzaju &#8222;chuliga\u0144sk\u0105 prac\u0119 u podstaw&#8221;, bo \u017ceby co\u015b znaczy\u0107 w \u015brodowisku fanatyk\u00f3w, trzeba si\u0119 by\u0142o przez d\u0142ugi czas stara\u0107. Czasy si\u0119 jednak zmieni\u0142y \u2014 przekonuje.<\/p>\n<p>\u2014 Teraz ta cz\u0119\u015b\u0107 m\u0142odych ludzi, kt\u00f3rzy stali si\u0119 chuliganami, nie b\u0119dzie dokonywa\u0107 masowych akt\u00f3w przemocy. Krak\u00f3w nie zap\u0142onie, bo takich radykalnych chuligan\u00f3w jest ma\u0142o i chocia\u017c bywaj\u0105 bardzo brutalni, brakuje im tak\u017ce do\u015bwiadczenia i sprytu poprzednich pokole\u0144. Koniec ko\u0144c\u00f3w obawiam si\u0119 nie tyle masowej eskalacji, ile dalszych, pojedynczych, bardzo brutalnych akt\u00f3w przemocy \u2014 m\u00f3wi.<\/p>\n<p>Co kryje afera Zondacrypto? Q&amp;A z Andrzejem Stankiewiczem i Jackiem Har\u0142ukowiczem<img class=\"ods-a-photo ods-a-photo--background\" src=\"https:\/\/www.europesays.com\/pl\/wp-content\/uploads\/2026\/09\/ddSk9lBaHR0cHM6Ly9vY2RuLmV1L3B1bHNjbXMvTURBXy85YjExYmY5NmU4MzU3MDg1MTg1MmNkNGNmMGUxNTdlOS5wbmeRlQLNA.jpeg\" height=\"253\" width=\"450\" alt=\"Q&amp;A z Andrzejem Stankiewiczem i Jackiem Har\u0142ukowiczem \" loading=\"lazy\" fetchpriority=\"low\" decoding=\"async\"\/><\/p>\n","protected":false},"excerpt":{"rendered":"Mija tydzie\u0144, odk\u0105d w r\u0119ce ma\u0142opolskiej policji wpad\u0142o czterech m\u0119\u017cczyzn podejrzewanych o brutaln\u0105 napa\u015b\u0107 na Jakuba Ch. ps.&hellip;\n","protected":false},"author":2,"featured_media":666056,"comment_status":"","ping_status":"","sticky":false,"template":"","format":"standard","meta":{"footnotes":"","_share_on_mastodon":"0"},"categories":[51606],"tags":[61195,1304,48,46,42,38,414,40,39,41,1598,47,2354],"class_list":["post-666055","post","type-post","status-publish","format-standard","has-post-thumbnail","category-krakow","tag-bottomfeed_styl","tag-krakow","tag-nat_styl","tag-omp","tag-pl","tag-poland","tag-policja","tag-polish","tag-polska","tag-polski","tag-pseudokibice","tag-screening_general","tag-wisla_krakow"],"share_on_mastodon":{"url":"https:\/\/pubeurope.com\/@pl\/117210683814074723","error":""},"_links":{"self":[{"href":"https:\/\/www.europesays.com\/pl\/wp-json\/wp\/v2\/posts\/666055","targetHints":{"allow":["GET"]}}],"collection":[{"href":"https:\/\/www.europesays.com\/pl\/wp-json\/wp\/v2\/posts"}],"about":[{"href":"https:\/\/www.europesays.com\/pl\/wp-json\/wp\/v2\/types\/post"}],"author":[{"embeddable":true,"href":"https:\/\/www.europesays.com\/pl\/wp-json\/wp\/v2\/users\/2"}],"replies":[{"embeddable":true,"href":"https:\/\/www.europesays.com\/pl\/wp-json\/wp\/v2\/comments?post=666055"}],"version-history":[{"count":0,"href":"https:\/\/www.europesays.com\/pl\/wp-json\/wp\/v2\/posts\/666055\/revisions"}],"wp:featuredmedia":[{"embeddable":true,"href":"https:\/\/www.europesays.com\/pl\/wp-json\/wp\/v2\/media\/666056"}],"wp:attachment":[{"href":"https:\/\/www.europesays.com\/pl\/wp-json\/wp\/v2\/media?parent=666055"}],"wp:term":[{"taxonomy":"category","embeddable":true,"href":"https:\/\/www.europesays.com\/pl\/wp-json\/wp\/v2\/categories?post=666055"},{"taxonomy":"post_tag","embeddable":true,"href":"https:\/\/www.europesays.com\/pl\/wp-json\/wp\/v2\/tags?post=666055"}],"curies":[{"name":"wp","href":"https:\/\/api.w.org\/{rel}","templated":true}]}}