{"id":666057,"date":"2026-09-04T03:37:15","date_gmt":"2026-09-04T03:37:15","guid":{"rendered":"https:\/\/www.europesays.com\/pl\/666057\/"},"modified":"2026-09-04T03:37:15","modified_gmt":"2026-09-04T03:37:15","slug":"dzis-polska-skapana-w-deszczu-i-chlodzie-w-tych-regionach-bedzie-najgorzej","status":"publish","type":"post","link":"https:\/\/www.europesays.com\/pl\/666057\/","title":{"rendered":"Dzi\u015b Polska sk\u0105pana w deszczu i ch\u0142odzie. W tych regionach b\u0119dzie najgorzej"},"content":{"rendered":"<p>Od rana na niebie przewa\u017caj\u0105 chmury i tylko czasami pojawiaj\u0105 si\u0119 przeja\u015bnienia. Dodatkowo miejscami, g\u0142\u00f3wnie na p\u00f3\u0142nocy, pada przelotny <a href=\"https:\/\/wiadomosci.onet.pl\/deszcz\" id=\"992170dd-7dfe-4af2-a42d-e1e64e205dd2\" rel=\"nofollow noopener\" target=\"_blank\">deszcz<\/a>. Dzi\u0119ki zachmurzeniu jest cieplej, a s\u0142upki rt\u0119ci lokalnie pokazuj\u0105 ponad 15 st. C.Policzyli\u015bmy, kt\u00f3re miasta najgorzej znosz\u0105 upa\u0142y. Sprawd\u017a nasz ranking.<img class=\"ods-a-photo ods-a-photo--background\" src=\"https:\/\/www.europesays.com\/pl\/wp-content\/uploads\/2026\/09\/1788493033_227_PMkk9lBaHR0cHM6Ly9vY2RuLmV1L3B1bHNjbXMvTURBXy9iYTBhZWM2NzBiOTI0NDA0N2U0NDJjMTg2MmUzMDQwYS5wbmeRlQLNA.jpeg\" height=\"199\" width=\"450\" alt=\"Indeks podatno\u015bci na upa\u0142y\" loading=\"lazy\" fetchpriority=\"low\" decoding=\"async\"\/>B\u0119d\u0105 ulewy, coraz silniejszy wiatr i och\u0142odzenie. Prognozy pogody na dzi\u015b s\u0105 fatalne<a href=\"https:\/\/www.onet.pl\/\" title=\"Strona G\u0142\u00f3wna\" aria-label=\"Strona G\u0142\u00f3wna\" data-astro-prefetch=\"tap\" class=\"ods-a-logo-main-desktop\" rel=\"nofollow noopener\" target=\"_blank\"><img src=\"https:\/\/cdn.wiadomosci.onet.pl\/img\/Logo_desktop_Onet.svg\" class=\"ods-a-logo-main-desktop__image\" alt=\"Logo\" width=\"107\" height=\"60\" fetchpriority=\"high\" decoding=\"sync\" style=\"height:60px\"\/><\/a><\/p>\n<p class=\"ods-m-google-article__text\">Czytaj nas cz\u0119\u015bciej w Google<\/p>\n<p><a href=\"https:\/\/google.com\/preferences\/source?q=wiadomosci.onet.pl\" target=\"_blank\" rel=\"noopener noreferrer nofollow\" aria-label=\"Dodaj w Google\" title=\"Dodaj w Google\" class=\"ods-a-button ods-a-button__primary ods-a-button__default ods-a-button-l\">Dodaj w Google<\/a>Kolejne godziny najlepsz\u0105 pogod\u0119 przynios\u0105 na po\u0142udniu, gdzie zapowiadamy umiarkowane i du\u017ce zachmurzenie, a pada\u0107 nie powinno. Nad reszt\u0105 kraju maj\u0105 przewa\u017ca\u0107 chmury, a w wielu miejscach p\u00f3\u0142nocnej Polski prawdopodobnie wcale nie poka\u017ce si\u0119 s\u0142o\u0144ce. Do tego nie zabraknie opad\u00f3w deszczu, a nawet lokalnych <a href=\"https:\/\/wiadomosci.onet.pl\/burze\" id=\"731e4de1-068a-41ad-988a-db1eb71d0b1d\" rel=\"nofollow noopener\" target=\"_blank\">burz<\/a>. Szczeg\u00f3lnie po po\u0142udniu w pasie od Pomorza po Mazury mo\u017ce mocno i ci\u0105gle pada\u0107. Prognozowana suma opad\u00f3w wynosi tam 10-15 mm, punktowo do 25 mm.<img class=\"ods-a-photo ods-a-photo--background\" src=\"https:\/\/www.europesays.com\/pl\/wp-content\/uploads\/2026\/09\/v-ik9lBaHR0cHM6Ly9vY2RuLmV1L3B1bHNjbXMvTURBXy84YmIyYjI4ZjQxZGE3YjNhNjNmN2IyMDFmNWQyZmVhYi5wbmeRkwXNB.jpeg\" height=\"1155\" width=\"940\" alt=\"W pi\u0105tek na po\u0142udniu b\u0119dzie pogodnie i do\u015b\u0107 ciep\u0142o, a na p\u00f3\u0142nocy pochmurno oraz deszczowo\" loading=\"lazy\" fetchpriority=\"auto\" decoding=\"auto\" url=\"https:\/\/ocdn.eu\/pulscms\/MDA_\/8bb2b28f41da7b3a63f7b201f5d2feab.png\" description=\"W pi\u0105tek na po\u0142udniu b\u0119dzie pogodnie i do\u015b\u0107 ciep\u0142o, a na p\u00f3\u0142nocy pochmurno oraz deszczowo\" author=\"Arkadiusz P\u0142achta \/ Onet\" source=\"\" link=\"\"\/><\/p>\n<p>Arkadiusz P\u0142achta \/ Onet<\/p>\n<p>W pi\u0105tek na po\u0142udniu b\u0119dzie pogodnie i do\u015b\u0107 ciep\u0142o, a na p\u00f3\u0142nocy pochmurno oraz deszczowo<\/p>\n<p>Temperatura b\u0119dzie dzi\u015b zr\u00f3\u017cnicowana. Na deszczowej p\u00f3\u0142nocy odnotujemy zaledwie 17-18 st. C. W pasie \u015brodkowym przewidujemy 20-22 st. C, a na po\u0142udniu do 25-26 st. C.<\/p>\n<p>Dalszy ci\u0105g artyku\u0142u pod materia\u0142em wideoWiatr na og\u00f3\u0142 po\u0142udniowo-zachodni, umiarkowany i do\u015b\u0107 silny, w porywach do 50 km na godz., po po\u0142udniu na zachodzie oraz na Pomorzu do 60\u201470 km na godz., w czasie burz do 80 km na godz. Biomet tylko na po\u0142udniu b\u0119dzie neutralny. Poza tym <a href=\"https:\/\/wiadomosci.onet.pl\/pogoda\" id=\"22a105d2-ad3b-48b6-b87e-6dd9841bdd6d\" rel=\"nofollow noopener\" target=\"_blank\">pogoda<\/a> niekorzystnie wp\u0142ynie na nasze samopoczucie.W nocy pogoda si\u0119 nie uspokoi. Czeka nas kolejna porcja deszczu i burz. Mo\u017ce pada\u0107 obficie<\/p>\n<p>W nocy zachmurzenie b\u0119dzie umiarkowane i du\u017ce, a w ca\u0142ej Polsce wyst\u0105pi\u0105 przelotne, ale niekiedy obfite opady deszczu. Lokalnie w wielu regionach, lecz zw\u0142aszcza nad morzem, na po\u0142udniowym zachodzie oraz w centrum, spodziewamy si\u0119 te\u017c burz. Przewidywana suma opad\u00f3w to ok. 10 mm, punktowo \u2014 g\u0142\u00f3wnie w zasi\u0119gu burz \u2014 do 20 mm.<\/p>\n<p><img class=\"ods-a-photo ods-a-photo--background\" src=\"https:\/\/www.europesays.com\/pl\/wp-content\/uploads\/2026\/09\/J3zk9lBaHR0cHM6Ly9vY2RuLmV1L3B1bHNjbXMvTURBXy8wYmIxNTcyNDQxZWMzMGNjMzhkNDllYjExYmQyMDg3Yy5wbmeRkwXNB.jpeg\" height=\"1155\" width=\"940\" alt=\"Noc w ca\u0142ej Polsce przyniesie opady deszczu, miejscami te\u017c burze\" loading=\"lazy\" fetchpriority=\"auto\" decoding=\"auto\" url=\"https:\/\/ocdn.eu\/pulscms\/MDA_\/0bb1572441ec30cc38d49eb11bd2087c.png\" description=\"Noc w ca\u0142ej Polsce przyniesie opady deszczu, miejscami te\u017c burze\" author=\"Arkadiusz P\u0142achta \/ Onet\" source=\"\" link=\"\"\/><\/p>\n<p>Arkadiusz P\u0142achta \/ Onet<\/p>\n<p>Noc w ca\u0142ej Polsce przyniesie opady deszczu, miejscami te\u017c burze<\/p>\n<p>O wschodzie s\u0142o\u0144ca termometry poka\u017c\u0105 od 12 st. C na Podhalu i Suwalszczy\u017anie przez 14 st. C w centrum do 17 st. C na Podkarpaciu. Wiatr z kierunk\u00f3w zachodnich, umiarkowany i do\u015b\u0107 silny, w porywach do 40-60 km na godz., na Wybrze\u017cu do 70 km na godz., w czasie burz nawet do 80-100 km na godz.<\/p>\n","protected":false},"excerpt":{"rendered":"Od rana na niebie przewa\u017caj\u0105 chmury i tylko czasami pojawiaj\u0105 si\u0119 przeja\u015bnienia. Dodatkowo miejscami, g\u0142\u00f3wnie na p\u00f3\u0142nocy, pada&hellip;\n","protected":false},"author":2,"featured_media":666058,"comment_status":"","ping_status":"","sticky":false,"template":"","format":"standard","meta":{"footnotes":"","_share_on_mastodon":"0"},"categories":[12],"tags":[61195,14276,169,48,3865,46,42,78,38,40,39,41,47,8011],"class_list":["post-666057","post","type-post","status-publish","format-standard","has-post-thumbnail","category-polska","tag-bottomfeed_styl","tag-burze","tag-deszcz","tag-nat_styl","tag-ochlodzenie","tag-omp","tag-pl","tag-pogoda","tag-poland","tag-polish","tag-polska","tag-polski","tag-screening_general","tag-ulewy"],"share_on_mastodon":{"url":"https:\/\/pubeurope.com\/@pl\/117210687005305533","error":""},"_links":{"self":[{"href":"https:\/\/www.europesays.com\/pl\/wp-json\/wp\/v2\/posts\/666057","targetHints":{"allow":["GET"]}}],"collection":[{"href":"https:\/\/www.europesays.com\/pl\/wp-json\/wp\/v2\/posts"}],"about":[{"href":"https:\/\/www.europesays.com\/pl\/wp-json\/wp\/v2\/types\/post"}],"author":[{"embeddable":true,"href":"https:\/\/www.europesays.com\/pl\/wp-json\/wp\/v2\/users\/2"}],"replies":[{"embeddable":true,"href":"https:\/\/www.europesays.com\/pl\/wp-json\/wp\/v2\/comments?post=666057"}],"version-history":[{"count":0,"href":"https:\/\/www.europesays.com\/pl\/wp-json\/wp\/v2\/posts\/666057\/revisions"}],"wp:featuredmedia":[{"embeddable":true,"href":"https:\/\/www.europesays.com\/pl\/wp-json\/wp\/v2\/media\/666058"}],"wp:attachment":[{"href":"https:\/\/www.europesays.com\/pl\/wp-json\/wp\/v2\/media?parent=666057"}],"wp:term":[{"taxonomy":"category","embeddable":true,"href":"https:\/\/www.europesays.com\/pl\/wp-json\/wp\/v2\/categories?post=666057"},{"taxonomy":"post_tag","embeddable":true,"href":"https:\/\/www.europesays.com\/pl\/wp-json\/wp\/v2\/tags?post=666057"}],"curies":[{"name":"wp","href":"https:\/\/api.w.org\/{rel}","templated":true}]}}