{"id":666067,"date":"2026-09-04T03:43:23","date_gmt":"2026-09-04T03:43:23","guid":{"rendered":"https:\/\/www.europesays.com\/pl\/666067\/"},"modified":"2026-09-04T03:43:23","modified_gmt":"2026-09-04T03:43:23","slug":"meghan-markle-i-ksiaze-harry-zalatwili-dzieciom-luksusowa-szkole-tyle-wynosi-czesne","status":"publish","type":"post","link":"https:\/\/www.europesays.com\/pl\/666067\/","title":{"rendered":"Meghan Markle i ksi\u0105\u017c\u0119 Harry za\u0142atwili dzieciom luksusow\u0105 szko\u0142\u0119. Tyle wynosi czesne"},"content":{"rendered":"<p>Gdy kilka tygodni temu media obieg\u0142a informacja o rzekomym powrocie <a href=\"https:\/\/plejada.pl\/temat\/ksiezna-meghan-ksiezna-sussex-meghan-markle\/52km2qm\" id=\"04a6e589-a691-42ed-8bc9-8f263ec4473f\" rel=\"nofollow noopener\" target=\"_blank\">Meghan Markle<\/a> i ksi\u0119cia Harry&#8217;ego do Wielkiej Brytanii, w sieci zawrza\u0142o. Wkr\u00f3tce doniesienia okaza\u0142y si\u0119 prawd\u0105, cho\u0107 nie jest do ko\u0144ca jasne, dlaczego para postanowi\u0142a wyprowadzi\u0107 si\u0119 ze Stan\u00f3w Zjednoczonych po sze\u015bciu latach. To w\u0142a\u015bnie tam postanowili u\u0142o\u017cy\u0107 sobie \u017cycie, gdy w 2020 r. atmosfera w rodzinie kr\u00f3lewskiej stawa\u0142a si\u0119 coraz g\u0119stsza.Dalszy ci\u0105g artyku\u0142u pod materia\u0142em wideoDzieci Meghan Markle i ksi\u0119cia Harry&#8217;ego b\u0119d\u0105 uczy\u0107 si\u0119 w luksusach. Basen to dopiero pocz\u0105tek<a href=\"https:\/\/www.onet.pl\/\" title=\"Strona G\u0142\u00f3wna\" aria-label=\"Strona G\u0142\u00f3wna\" data-astro-prefetch=\"tap\" class=\"ods-a-logo-main-desktop\" rel=\"nofollow noopener\" target=\"_blank\"><img src=\"https:\/\/cdn.plejada.pl\/img\/Logo_desktop_Onet.svg\" class=\"ods-a-logo-main-desktop__image\" alt=\"Logo\" width=\"107\" height=\"60\" fetchpriority=\"high\" decoding=\"sync\" style=\"height:60px\"\/><\/a><\/p>\n<p class=\"ods-m-google-article__text\">Czytaj nas cz\u0119\u015bciej w Google<\/p>\n<p><a href=\"https:\/\/google.com\/preferences\/source?q=plejada.pl\" target=\"_blank\" rel=\"noopener noreferrer nofollow\" aria-label=\"Dodaj w Google\" title=\"Dodaj w Google\" class=\"ods-a-button ods-a-button__primary ods-a-button__default ods-a-button-l\">Dodaj w Google<\/a>Po powrocie do Wielkiej Brytanii <a href=\"https:\/\/plejada.pl\/temat\/ksiaze-harry-henryk-ksiaze-sussexu\/4z43csc\" id=\"2362e794-c691-43f2-8dbd-f619cdc383ba\" rel=\"nofollow noopener\" target=\"_blank\">ksi\u0105\u017c\u0119 Harry<\/a> i Meghan Markle zamieszkali w rezydencji w Cotswolds i to w\u0142a\u015bnie tam b\u0119d\u0105 pr\u00f3bowali u\u0142o\u017cy\u0107 swoje \u017cycie na nowo. Cho\u0107 nie ujawniono, do kt\u00f3rej szko\u0142y b\u0119d\u0105 ucz\u0119szcza\u0107 dzieci Sussex\u00f3w, wiadomo, \u017ce jest to presti\u017cowa, prywatna plac\u00f3wka.<\/p>\n<p>Serwisowi Page Six uda\u0142o si\u0119 dowiedzie\u0107, \u017ce w szkole, do kt\u00f3rej zostali zapisani Archie i Lilibet, do dyspozycji s\u0105: kryty basen, nowoczesne centrum fitness, wielkie boiska sportowe oraz rzeka umo\u017cliwiaj\u0105ca lekcje \u017ceglarstwa i kajakarstwa. Na terenie kampusu znajduj\u0105 si\u0119 tak\u017ce profesjonalne pracownie artystyczne, stanowiska kuchenne, laboratoria naukowe, teatr i sala koncertowa z ogrodem.<\/p>\n<p>W tej szkole nawet sto\u0142\u00f3wka ocieka luksusem. Uczniowie nie jedz\u0105 zwyk\u0142ych obiad\u00f3w \u2014 szefowie kuchni serwuj\u0105 im m.in. falafele i wolno pieczon\u0105 \u0142opatk\u0119 jagni\u0119c\u0105.<\/p>\n<p>Taki standard ma te\u017c swoj\u0105 cen\u0119. Jak donosi Page Six, czesne za nauk\u0119 jednego dziecka w tej szkole to ponad 35 tys. dol, co oznacza, \u017ce roczne czesne wyniesie ksi\u0119cia Harry&#8217;ego i Meghan Markle oko\u0142o 250 tys. z\u0142.<\/p>\n<p><img class=\"ods-a-photo ods-a-photo--background\" src=\"https:\/\/www.europesays.com\/pl\/wp-content\/uploads\/2026\/09\/_Vfk9lBaHR0cHM6Ly9vY2RuLmV1L3B1bHNjbXMvTURBXy8wZjk1YTE5MDk5OTRhMzMzM2NjMWE2MWNlMzQxMjJkZi5qcGeRkwXNB.jpeg\" height=\"603\" width=\"940\" alt=\"Meghan Markle i ksi\u0105\u017c\u0119 Harry\" loading=\"lazy\" fetchpriority=\"auto\" decoding=\"auto\" url=\"https:\/\/ocdn.eu\/pulscms\/MDA_\/0f95a1909994a3333cc1a61ce34122df.jpg\" description=\"Meghan Markle i ksi\u0105\u017c\u0119 Harry\" author=\"Lorna Roberts \/ Shutterstock\" source=\"\" link=\"\"\/><\/p>\n<p>Lorna Roberts \/ Shutterstock<\/p>\n<p>Meghan Markle i ksi\u0105\u017c\u0119 Harry<\/p>\n<p class=\"ods-o-frame-in-text__paragraph\">Zobacz tak\u017ce:<\/p>\n<p class=\"ods-o-frame-in-text__paragraph\"><a href=\"https:\/\/www.onet.pl\/styl-zycia\/fakt\/harry-i-meghan-wracaja-do-palacu-ekspert-ujawnia-ich-strategiczny-plan\/3syjdgh,e763a960?tpcc=202608_bloczek_plejada\" id=\"7b79521d-0b83-41b4-9153-4decd5ef0e11\" rel=\"nofollow noopener\" target=\"_blank\">Harry i Meghan wracaj\u0105 do pa\u0142acu? Ekspert ujawnia ich strategiczny plan<\/a><\/p>\n<p><img class=\"ods-a-photo ods-a-photo--background\" src=\"https:\/\/www.europesays.com\/pl\/wp-content\/uploads\/2026\/09\/ijsk9lBaHR0cHM6Ly9vY2RuLmV1L3B1bHNjbXMvTURBXy9kNjRhY2EyOTIyZGIzYTdhNTE2OWI1YWY1YjgzMTU1ZS5qcGeRlQLNA.jpeg\" height=\"300\" width=\"450\" alt=\"Powr\u00f3t Sussex\u00f3w ma by\u0107 czym\u015b wi\u0119cej ni\u017c pr\u00f3b\u0105 rodzinnego pojednania.\" loading=\"lazy\" fetchpriority=\"low\" decoding=\"async\"\/>Dzi\u0119kujemy, \u017ce przeczyta\u0142a\u015b\/e\u015b nasz artyku\u0142 do ko\u0144ca. W serwisie Plejada.pl ka\u017cdego dnia piszemy o najwa\u017cniejszych wydarzeniach show-biznesowych. B\u0105d\u017a na bie\u017c\u0105co!<a rel=\"nofollow noopener\" href=\"https:\/\/profile.google.com\/cp\/Cg0vZy8xMWJ6X19wdHBx\" id=\"c54b0a5e-22ef-4a76-8c61-59fcd7637bfb\" target=\"_blank\"> Obserwuj<\/a> Plejad\u0119 w Google. Odwied\u017a nas tak\u017ce na<a rel=\"nofollow noopener\" href=\"https:\/\/www.facebook.com\/plejadapl\" id=\"16463325-ad53-4deb-baea-689b84c8c5b9\" target=\"_blank\"> Facebooku<\/a>,<a rel=\"nofollow noopener\" href=\"https:\/\/www.instagram.com\/plejadapl\/\" id=\"358b0c4a-7ff9-4f5b-a0d9-b2fb4eca4602\" target=\"_blank\"> Instagramie<\/a>,<a rel=\"nofollow noopener\" href=\"https:\/\/www.youtube.com\/c\/plejada\" id=\"7d79ca1f-93b8-4a07-b503-27412cc941e7\" target=\"_blank\"> YouTubie<\/a> oraz<a rel=\"nofollow noopener\" href=\"https:\/\/www.tiktok.com\/@plejada_pl\" id=\"e6d066d5-5236-47b4-9f98-fc20fc038c24\" target=\"_blank\"> TikToku<\/a>.Chcesz podzieli\u0107 si\u0119 ciekawym newsem lub zaproponowa\u0107 temat? Skontaktuj si\u0119 z nami, pisz\u0105c maila na adres: <a rel=\"nofollow noopener\" href=\"https:\/\/plejada.pl\/newsy\/meghan-markle-i-ksiaze-harry-zalatwili-dzieciom-luksusowa-szkole-tyle-wynosi-czesne\/mailto:plejada@redakcjaonet.pl\" id=\"1d82cba7-0230-4009-89c4-b0aa92581ad5\" target=\"_blank\">plejada@redakcjaonet.pl<\/a>.<script async src=\"\/\/www.instagram.com\/embed.js\"><\/script><script async src=\"\/\/www.tiktok.com\/embed.js\"><\/script><\/p>\n","protected":false},"excerpt":{"rendered":"Gdy kilka tygodni temu media obieg\u0142a informacja o rzekomym powrocie Meghan Markle i ksi\u0119cia Harry&#8217;ego do Wielkiej Brytanii,&hellip;\n","protected":false},"author":2,"featured_media":666068,"comment_status":"","ping_status":"","sticky":false,"template":"","format":"standard","meta":{"footnotes":"","_share_on_mastodon":"0"},"categories":[22],"tags":[61195,2501,3622,122,3276,3277,48,125,46,42,38,40,39,41,44330,123,47],"class_list":["post-666067","post","type-post","status-publish","format-standard","has-post-thumbnail","category-rozrywka","tag-bottomfeed_styl","tag-dzieci_gwiazd","tag-edukacja","tag-entertainment","tag-ksiaze_harry","tag-ksiezna_meghan","tag-nat_styl","tag-newsy","tag-omp","tag-pl","tag-poland","tag-polish","tag-polska","tag-polski","tag-rodziny_rody_krolewskie","tag-rozrywka","tag-screening_general"],"share_on_mastodon":{"url":"https:\/\/pubeurope.com\/@pl\/117210711891358739","error":""},"_links":{"self":[{"href":"https:\/\/www.europesays.com\/pl\/wp-json\/wp\/v2\/posts\/666067","targetHints":{"allow":["GET"]}}],"collection":[{"href":"https:\/\/www.europesays.com\/pl\/wp-json\/wp\/v2\/posts"}],"about":[{"href":"https:\/\/www.europesays.com\/pl\/wp-json\/wp\/v2\/types\/post"}],"author":[{"embeddable":true,"href":"https:\/\/www.europesays.com\/pl\/wp-json\/wp\/v2\/users\/2"}],"replies":[{"embeddable":true,"href":"https:\/\/www.europesays.com\/pl\/wp-json\/wp\/v2\/comments?post=666067"}],"version-history":[{"count":0,"href":"https:\/\/www.europesays.com\/pl\/wp-json\/wp\/v2\/posts\/666067\/revisions"}],"wp:featuredmedia":[{"embeddable":true,"href":"https:\/\/www.europesays.com\/pl\/wp-json\/wp\/v2\/media\/666068"}],"wp:attachment":[{"href":"https:\/\/www.europesays.com\/pl\/wp-json\/wp\/v2\/media?parent=666067"}],"wp:term":[{"taxonomy":"category","embeddable":true,"href":"https:\/\/www.europesays.com\/pl\/wp-json\/wp\/v2\/categories?post=666067"},{"taxonomy":"post_tag","embeddable":true,"href":"https:\/\/www.europesays.com\/pl\/wp-json\/wp\/v2\/tags?post=666067"}],"curies":[{"name":"wp","href":"https:\/\/api.w.org\/{rel}","templated":true}]}}