{"id":666097,"date":"2026-09-04T04:06:27","date_gmt":"2026-09-04T04:06:27","guid":{"rendered":"https:\/\/www.europesays.com\/pl\/666097\/"},"modified":"2026-09-04T04:06:27","modified_gmt":"2026-09-04T04:06:27","slug":"ta-lokomotywa-ma-wyjatkowego-patrona-jozef-ossolinski-polaczy-wroclaw-z-wiedniem-zdjecia-2","status":"publish","type":"post","link":"https:\/\/www.europesays.com\/pl\/666097\/","title":{"rendered":"Ta lokomotywa ma wyj\u0105tkowego patrona. &#8222;J\u00f3zef Ossoli\u0144ski&#8221; po\u0142\u0105czy Wroc\u0142aw z Wiedniem [ZDJ\u0118CIA]"},"content":{"rendered":"<p>Wroc\u0142aw i Wiede\u0144 po\u0142\u0105czy lokomotywa Ossoli\u0144skiego. To symbol polsko-austriackiej przyja\u017ani.<\/p>\n<p>Fot: Rados\u0142aw Bugajski\/ Radio Wroc\u0142aw<\/p>\n<p>Nowa lokomotywa po\u0142\u0105czy Wroc\u0142aw i Wiede\u0144, a jej patronem zosta\u0142 J\u00f3zef Maksymilian Ossoli\u0144ski \u2013 za\u0142o\u017cyciel Ossolineum i posta\u0107 wa\u017cna dla historii relacji polsko-austriackich. Nadanie imienia ma symbolizowa\u0107 przyja\u017a\u0144 obu kraj\u00f3w i przypomina\u0107 o wsp\u00f3lnej historii.<\/p>\n<p style=\"text-align: justify;\">J\u00f3zef Ossoli\u0144ski, za\u0142o\u017cyciel Ossolineum ponad 200 lat temu zajmowa\u0142 si\u0119 relacjami politycznymi Polski i Austrii. Na jego cze\u015b\u0107 nazwana zosta\u0142a lokomotywa, kt\u00f3ra b\u0119dzie \u0142\u0105czy\u0142a teraz Wroc\u0142aw i Wiede\u0144. O historii austriacko-wroc\u0142awskiej opowiedzia\u0142a Nicole Griesmaier &#8211; charg\u00e9 d\u2019affaires Ambasady Austrii:<\/p>\n<p style=\"text-align: justify;\">&#8211; Wroc\u0142aw to miasto o burzliwej historii, w kt\u00f3rym od zawsze spotyka\u0142y si\u0119 r\u00f3\u017cne kultury i tradycje. To po\u0142\u0105czenie kolejowe jest przyk\u0142adem bliskich, przyjaznych relacji, kt\u00f3re dzi\u015b \u0142\u0105cz\u0105 nasze kraje. Nadanie poci\u0105gowi imieniem J\u00f3zefa Maksymiliana Ossoli\u0144skiego symbolicznie przynosi na tory fragment wsp\u00f3lnej historii austriacko-polskiej.<\/p>\n<p>&#13;<br \/>\n\t\t\t\t\t\t\t\t\t\tAby ods\u0142ucha\u0107 za\u0142\u0105czonego d\u017awi\u0119ku zaktualizuj przegl\u0105dark\u0119 lub\/i wtyczk\u0119 Adobe Flash Player.&#13;\n\t\t\t\t\t\t\t\t\t<\/p>\n<p style=\"text-align: justify;\">Jak zauwa\u017ca Edward W\u0105siewicz, konsul honorowy Austrii, nazwanie lokomotywy imieniem J\u00f3zefa Ossoli\u0144skiego symbolizuje przyja\u017a\u0144 i dobre relacje mi\u0119dzyludzkie:<\/p>\n<p style=\"text-align: justify;\">&#8211; U podstaw Ossolineum by\u0142a przyja\u017a\u0144 dw\u00f3ch ludzi. Cesarza Leopolda i hrabiego Ossoli\u0144skiego. My\u015bl\u0119, \u017ce to jest najwa\u017cniejsze, \u017ce potrafimy p\u00f3j\u015b\u0107 w tym nurcie, pokazywa\u0107 szanse na po\u0142\u0105czenie ludzi.<\/p>\n<p>&#13;<br \/>\n\t\t\t\t\t\t\t\t\t\tAby ods\u0142ucha\u0107 za\u0142\u0105czonego d\u017awi\u0119ku zaktualizuj przegl\u0105dark\u0119 lub\/i wtyczk\u0119 Adobe Flash Player.&#13;\n\t\t\t\t\t\t\t\t\t<\/p>\n","protected":false},"excerpt":{"rendered":"Wroc\u0142aw i Wiede\u0144 po\u0142\u0105czy lokomotywa Ossoli\u0144skiego. To symbol polsko-austriackiej przyja\u017ani. Fot: Rados\u0142aw Bugajski\/ Radio Wroc\u0142aw Nowa lokomotywa po\u0142\u0105czy&hellip;\n","protected":false},"author":2,"featured_media":666098,"comment_status":"","ping_status":"","sticky":false,"template":"","format":"standard","meta":{"footnotes":"","_share_on_mastodon":"0"},"categories":[51607],"tags":[74504,50140,55921,129331,129330,42,38,40,39,41,76244,23170,129332,1853,84282,44413,645],"class_list":["post-666097","post","type-post","status-publish","format-standard","has-post-thumbnail","category-wroclaw","tag-jozef","tag-lokomotywa","tag-ma","tag-ossolinski","tag-patrona","tag-pl","tag-poland","tag-polish","tag-polska","tag-polski","tag-polaczy","tag-ta","tag-wiedniem","tag-wroclaw","tag-wyjatkowego","tag-z","tag-zdjecia"],"share_on_mastodon":{"url":"https:\/\/pubeurope.com\/@pl\/117210800755633054","error":""},"_links":{"self":[{"href":"https:\/\/www.europesays.com\/pl\/wp-json\/wp\/v2\/posts\/666097","targetHints":{"allow":["GET"]}}],"collection":[{"href":"https:\/\/www.europesays.com\/pl\/wp-json\/wp\/v2\/posts"}],"about":[{"href":"https:\/\/www.europesays.com\/pl\/wp-json\/wp\/v2\/types\/post"}],"author":[{"embeddable":true,"href":"https:\/\/www.europesays.com\/pl\/wp-json\/wp\/v2\/users\/2"}],"replies":[{"embeddable":true,"href":"https:\/\/www.europesays.com\/pl\/wp-json\/wp\/v2\/comments?post=666097"}],"version-history":[{"count":0,"href":"https:\/\/www.europesays.com\/pl\/wp-json\/wp\/v2\/posts\/666097\/revisions"}],"wp:featuredmedia":[{"embeddable":true,"href":"https:\/\/www.europesays.com\/pl\/wp-json\/wp\/v2\/media\/666098"}],"wp:attachment":[{"href":"https:\/\/www.europesays.com\/pl\/wp-json\/wp\/v2\/media?parent=666097"}],"wp:term":[{"taxonomy":"category","embeddable":true,"href":"https:\/\/www.europesays.com\/pl\/wp-json\/wp\/v2\/categories?post=666097"},{"taxonomy":"post_tag","embeddable":true,"href":"https:\/\/www.europesays.com\/pl\/wp-json\/wp\/v2\/tags?post=666097"}],"curies":[{"name":"wp","href":"https:\/\/api.w.org\/{rel}","templated":true}]}}