{"id":666103,"date":"2026-09-04T04:09:12","date_gmt":"2026-09-04T04:09:12","guid":{"rendered":"https:\/\/www.europesays.com\/pl\/666103\/"},"modified":"2026-09-04T04:09:12","modified_gmt":"2026-09-04T04:09:12","slug":"polskie-k2-jada-pod-krolewiec-polska-wzmacnia-najbardziej-zapalny-odcinek-granicy-biznes-wprost","status":"publish","type":"post","link":"https:\/\/www.europesays.com\/pl\/666103\/","title":{"rendered":"Polskie K2 jad\u0105 pod Kr\u00f3lewiec. Polska wzmacnia najbardziej zapalny odcinek granicy \u2013 Biznes Wprost"},"content":{"rendered":"\n<p>&#13;<br \/>\nPodpisana, w\u00a0sierpniu 2025 roku, umowa dotycz\u0105ca drugiej partii czo\u0142g\u00f3w K2 Black Panther wchodzi w\u00a0faz\u0119 realizacji. Ministerstwo Obrony Narodowej poinformowa\u0142o, \u017ce\u00a0pierwsze wozy zosta\u0142y dostarczone do\u00a0Polski. Wkr\u00f3tce trafi\u0105 do\u00a0Braniewa, gdzie wzmocni\u0105 potencja\u0142 defensywny na\u00a0granicy z\u00a0Obwodem Kr\u00f3lewieckim. Dzi\u0119ki uprzejmo\u015bci Hyundai Rotem, mo\u017cemy odpowiedzie\u0107 na\u00a0przyczyny sukcesu programu i\u00a0perspektywach na\u00a0przysz\u0142o\u015b\u0107. &#13;\n<\/p>\n<p>Przezbrojenie batalionu<\/p>\n","protected":false},"excerpt":{"rendered":"&#13; Podpisana, w\u00a0sierpniu 2025 roku, umowa dotycz\u0105ca drugiej partii czo\u0142g\u00f3w K2 Black Panther wchodzi w\u00a0faz\u0119 realizacji. Ministerstwo Obrony&hellip;\n","protected":false},"author":2,"featured_media":666104,"comment_status":"","ping_status":"","sticky":false,"template":"","format":"standard","meta":{"footnotes":"","_share_on_mastodon":"0"},"categories":[12],"tags":[21803,9114,52937,52765,11264,13418,107831,19344,42,38,40,39,41,87,6206,892,161,43315],"class_list":["post-666103","post","type-post","status-publish","format-standard","has-post-thumbnail","category-polska","tag-braniewo","tag-czolg","tag-finanse-i-inwestycje","tag-firmy-i-rynki","tag-k2","tag-krolewiec","tag-lukasz-pacholski","tag-obwod-krolewiecki","tag-pl","tag-poland","tag-polish","tag-polska","tag-polski","tag-rosja","tag-technologie","tag-wojna","tag-wojsko","tag-wprost"],"share_on_mastodon":{"url":"","error":""},"_links":{"self":[{"href":"https:\/\/www.europesays.com\/pl\/wp-json\/wp\/v2\/posts\/666103","targetHints":{"allow":["GET"]}}],"collection":[{"href":"https:\/\/www.europesays.com\/pl\/wp-json\/wp\/v2\/posts"}],"about":[{"href":"https:\/\/www.europesays.com\/pl\/wp-json\/wp\/v2\/types\/post"}],"author":[{"embeddable":true,"href":"https:\/\/www.europesays.com\/pl\/wp-json\/wp\/v2\/users\/2"}],"replies":[{"embeddable":true,"href":"https:\/\/www.europesays.com\/pl\/wp-json\/wp\/v2\/comments?post=666103"}],"version-history":[{"count":0,"href":"https:\/\/www.europesays.com\/pl\/wp-json\/wp\/v2\/posts\/666103\/revisions"}],"wp:featuredmedia":[{"embeddable":true,"href":"https:\/\/www.europesays.com\/pl\/wp-json\/wp\/v2\/media\/666104"}],"wp:attachment":[{"href":"https:\/\/www.europesays.com\/pl\/wp-json\/wp\/v2\/media?parent=666103"}],"wp:term":[{"taxonomy":"category","embeddable":true,"href":"https:\/\/www.europesays.com\/pl\/wp-json\/wp\/v2\/categories?post=666103"},{"taxonomy":"post_tag","embeddable":true,"href":"https:\/\/www.europesays.com\/pl\/wp-json\/wp\/v2\/tags?post=666103"}],"curies":[{"name":"wp","href":"https:\/\/api.w.org\/{rel}","templated":true}]}}