{"id":666113,"date":"2026-09-04T04:14:58","date_gmt":"2026-09-04T04:14:58","guid":{"rendered":"https:\/\/www.europesays.com\/pl\/666113\/"},"modified":"2026-09-04T04:14:58","modified_gmt":"2026-09-04T04:14:58","slug":"jennifer-lopez-pokazala-modny-look-po-50-szerokie-jeansy-robia-efekt","status":"publish","type":"post","link":"https:\/\/www.europesays.com\/pl\/666113\/","title":{"rendered":"Jennifer Lopez pokaza\u0142a modny look po 50. Szerokie jeansy robi\u0105 efekt"},"content":{"rendered":"<p class=\"typography ids-typeset-body ids-typeset-body--preset-large link paragraph ids-paragraph ids-paragraph--default\">Jennifer Lopez ewidentnie prze\u017cywa teraz dobry czas. Aktorka i piosenkarka, kt\u00f3ra w lutym 2025 roku ostatecznie rozwiod\u0142a si\u0119 z Benem Affleckiem, nie narzeka na samotno\u015b\u0107, brak zaj\u0119\u0107 czy stagnacj\u0119. S\u0105dz\u0105c po zdj\u0119ciach, kt\u00f3re regularnie robi\u0105 jej paparazzi, 57-latka \u017cyje pe\u0142ni\u0105 \u017cycia.<\/p>\n<p class=\"typography ids-typeset-body ids-typeset-body--preset-large link paragraph ids-paragraph ids-paragraph--default\">Niedawno pisali\u015bmy o tym, w jak dobrej formie jest dobiegaj\u0105ca &#8222;60&#8221; gwiazda. Lopez nie szykuje si\u0119 bowiem na emerytur\u0119. Nadal jest aktywna fizycznie, podnosi ci\u0119\u017cary i dba o kondycj\u0119 na si\u0142owni. Efekty wida\u0107 go\u0142ym okiem &#8211; gwiazda nadal koncertuje, a jej wyst\u0119py to niesamowite show, podczas kt\u00f3rego nietrudno o zadyszk\u0119 &#8211; tej jednak jako\u015b nie wida\u0107 po Jenn.<\/p>\n<p class=\"typography ids-typeset-body ids-typeset-body--preset-large link paragraph ids-paragraph ids-paragraph--default\">Na najnowszych zdj\u0119ciach widzimy Lopez podczas spotkania ze znajomymi. Gwiazda wybra\u0142a si\u0119 na lunch z ekip\u0105 przyjaci\u00f3\u0142, przy stoliku zasiad\u0142o te\u017c dziecko gwiazdy, Emme. Nasz\u0105 uwag\u0119 przyku\u0142a za\u015b stylizacja gwiazdy.<\/p>\n<p>Jennifer Lopez bawi si\u0119 mod\u0105. Na lunch ze znajomymi wybra\u0142a lu\u017any zestaw z szerokimi jeansami<\/p>\n<p class=\"typography ids-typeset-body ids-typeset-body--preset-large link paragraph ids-paragraph ids-paragraph--default\">Stylizacja gwiazdy opiera si\u0119 na mocnym kontra\u015bcie mi\u0119dzy wygodnym streetwearem a eleganckimi dodatkami. Najwi\u0119ksz\u0105 uwag\u0119 przyci\u0105gaj\u0105 bardzo szerokie jeansy z wysokim stanem i d\u0142ugimi nogawkami, kt\u00f3re niemal zakrywaj\u0105 buty. Swobodny, lekko nonszalancki charakter spodni nada\u0142 ca\u0142emu zestawowi modny, miejski rytm.<\/p>\n<p><img decoding=\"async\" class=\"ids-image-holder__img\" loading=\"lazy\" alt=\"Kobieta ubrana w szerokie d\u017cinsy, niebiesk\u0105 bluz\u0119 oversize, ciemne okulary przeciws\u0142oneczne i po\u0142yskuj\u0105ce buty na obcasie, idzie chodnikiem obok czarnego samochodu, trzymaj\u0105c czarn\u0105 torebk\u0119 pod pach\u0105.\" title=\"Jennifer Lopez bawi si\u0119 mod\u0105. Na lunch ze znajomymi wybra\u0142a lu\u017any zestaw z szerokimi jeansami\" width=\"800\" height=\"1358\" src=\"https:\/\/www.europesays.com\/pl\/wp-content\/uploads\/2026\/09\/000N8Z3SY6W3RIC6-C125-F4.webp\"\/><\/p>\n<p>Jennifer Lopez bawi si\u0119 mod\u0105. Na lunch ze znajomymi wybra\u0142a lu\u017any zestaw z szerokimi jeansamiARISAgencja FORUM<\/p>\n<p class=\"typography ids-typeset-body ids-typeset-body--preset-large link paragraph ids-paragraph ids-paragraph--default\">Do jeans\u00f3w Jenn dobra\u0142a lu\u017an\u0105, niebieskoszar\u0105 bluz\u0119 o oversize&#8217;owym kroju. Spod niej wystaj\u0105 ko\u0142nierzyk i mankiety bia\u0142ej koszuli, dzi\u0119ki czemu zestaw wygl\u0105da bardziej dopracowanie i warstwowo. Sportowy charakter prze\u0142amuj\u0105 czarne sanda\u0142ki na bardzo wysokiej, cienkiej szpilce.<\/p>\n<p class=\"typography ids-typeset-body ids-typeset-body--preset-large link paragraph ids-paragraph ids-paragraph--default\">Ca\u0142o\u015b\u0107 stylizacji gwiazdy dope\u0142ni\u0142y du\u017ce, ciemne okulary przeciws\u0142oneczne, zegarek oraz czarna pleciona torebka Bottega Veneta noszona pod pach\u0105. D\u0142ugie w\u0142osy piosenkarka zebra\u0142a w lu\u017ane, niskie upi\u0119cie, co jeszcze bardziej podkre\u015bli\u0142o niewymuszony charakter stylizacji.<\/p>\n<p>Sekret stylu Jennifer Lopez &#8211; po &#8222;50&#8221; nie boi si\u0119 modowych eksperyment\u00f3w<\/p>\n<p class=\"typography ids-typeset-body ids-typeset-body--preset-large link paragraph ids-paragraph ids-paragraph--default\">Jennifer Lopez po raz kolejny przypomina, \u017ce metryka nie powinna mie\u0107 wiele do powiedzenia w kwestii zawarto\u015bci szafy. Szerokie jeansy, oversize, wysokie szpilki? Czemu nie. Najwa\u017cniejsze, by ubrania dawa\u0142y frajd\u0119 i pozwala\u0142y bawi\u0107 si\u0119 proporcjami, fasonami i dodatkami. J.Lo robi to bez ogl\u0105dania si\u0119 na modowe &#8222;wypada&#8221; i &#8222;nie wypada&#8221; &#8211; i w\u0142a\u015bnie z tego warto bra\u0107 przyk\u0142ad.<\/p>\n<p><img decoding=\"async\" class=\"ids-image-holder__img\" loading=\"lazy\" alt=\"Kobieta w eleganckim czarnym p\u0142aszczu z wi\u0105zaniem w talii, czarnych szpilkach z ozdobnymi detalami i stylowej bi\u017cuterii, trzymaj\u0105ca niewielk\u0105 torebk\u0119 i okulary przeciws\u0142oneczne, spaceruj\u0105ca po mie\u015bcie.\" title=\"Jennifer Lopez\" width=\"800\" height=\"1490\" src=\"https:\/\/www.europesays.com\/pl\/wp-content\/uploads\/2026\/09\/000N8Z3VADYS2U7F-C125-F4.webp\"\/><\/p>\n<p>Jennifer Lopezzz\/XNY\/starmaxinc.comAKPA<\/p>\n<p>Jak wygl\u0105da\u0107 dobrze w rozmiarze XXL? Stylistka zdradza sprytne trikihalo tu polsat<\/p>\n","protected":false},"excerpt":{"rendered":"Jennifer Lopez ewidentnie prze\u017cywa teraz dobry czas. Aktorka i piosenkarka, kt\u00f3ra w lutym 2025 roku ostatecznie rozwiod\u0142a si\u0119&hellip;\n","protected":false},"author":2,"featured_media":666114,"comment_status":"","ping_status":"","sticky":false,"template":"","format":"standard","meta":{"footnotes":"","_share_on_mastodon":"0"},"categories":[20],"tags":[120,118,119,42,38,40,39,41,116,114,115,121,117],"class_list":["post-666113","post","type-post","status-publish","format-standard","has-post-thumbnail","category-nauka-i-technika","tag-nauka","tag-nauka-i-technika","tag-naukatechnika","tag-pl","tag-poland","tag-polish","tag-polska","tag-polski","tag-science","tag-science-and-technology","tag-sciencetechnology","tag-technika","tag-technology"],"share_on_mastodon":{"url":"https:\/\/pubeurope.com\/@pl\/117210837295512561","error":""},"_links":{"self":[{"href":"https:\/\/www.europesays.com\/pl\/wp-json\/wp\/v2\/posts\/666113","targetHints":{"allow":["GET"]}}],"collection":[{"href":"https:\/\/www.europesays.com\/pl\/wp-json\/wp\/v2\/posts"}],"about":[{"href":"https:\/\/www.europesays.com\/pl\/wp-json\/wp\/v2\/types\/post"}],"author":[{"embeddable":true,"href":"https:\/\/www.europesays.com\/pl\/wp-json\/wp\/v2\/users\/2"}],"replies":[{"embeddable":true,"href":"https:\/\/www.europesays.com\/pl\/wp-json\/wp\/v2\/comments?post=666113"}],"version-history":[{"count":0,"href":"https:\/\/www.europesays.com\/pl\/wp-json\/wp\/v2\/posts\/666113\/revisions"}],"wp:featuredmedia":[{"embeddable":true,"href":"https:\/\/www.europesays.com\/pl\/wp-json\/wp\/v2\/media\/666114"}],"wp:attachment":[{"href":"https:\/\/www.europesays.com\/pl\/wp-json\/wp\/v2\/media?parent=666113"}],"wp:term":[{"taxonomy":"category","embeddable":true,"href":"https:\/\/www.europesays.com\/pl\/wp-json\/wp\/v2\/categories?post=666113"},{"taxonomy":"post_tag","embeddable":true,"href":"https:\/\/www.europesays.com\/pl\/wp-json\/wp\/v2\/tags?post=666113"}],"curies":[{"name":"wp","href":"https:\/\/api.w.org\/{rel}","templated":true}]}}