{"id":666125,"date":"2026-09-04T04:21:11","date_gmt":"2026-09-04T04:21:11","guid":{"rendered":"https:\/\/www.europesays.com\/pl\/666125\/"},"modified":"2026-09-04T04:21:11","modified_gmt":"2026-09-04T04:21:11","slug":"polacy-podzieleni-w-sprawie-wet-karola-nawrockiego-dotyczacych-kryptoaktywow","status":"publish","type":"post","link":"https:\/\/www.europesays.com\/pl\/666125\/","title":{"rendered":"Polacy podzieleni w sprawie wet Karola Nawrockiego dotycz\u0105cych kryptoaktyw\u00f3w"},"content":{"rendered":"<p>Trzy osoby \u2014 Anna P., Jaromira W. i Rafa\u0142 Z. \u2014 us\u0142ysza\u0142y zarzuty w sprawie afery Zondacrypto i zagini\u0119cia za\u0142o\u017cyciela BitBay Sylwestra Suszka \u2014 <a href=\"https:\/\/www.onet.pl\/informacje\/onetwiadomosci\/trzy-osoby-zatrzymane-w-sprawie-afery-zondacrypto-uslyszaly-zarzuty\/j0td0bw,79cfc278\" id=\"4b12e096-3fac-4984-a123-f3eca6ea5ac6\" rel=\"nofollow noopener\" target=\"_blank\">poinformowa\u0142a w czwartek rzeczniczka Prokuratury Krajowej Anna Adamiak<\/a>. \u015aledczy zapowiedzieli wnioski do s\u0105du o tymczasowe aresztowanie.Strona rz\u0105dz\u0105ca zarzuca w tym kontek\u015bcie Karolowi Nawrockiemu <a href=\"https:\/\/wiadomosci.onet.pl\/kraj\/karol-nawrocki-wetuje-kolejna-ustawe-zagrozenie-dla-wolnosci-polakow\/8e1g73d\" id=\"6b282084-5d55-4db2-882b-54453aa470bf\" rel=\"nofollow noopener\" target=\"_blank\">zawetowanie ustawy o kryptoaktywach<\/a>. Koalicji rz\u0105dz\u0105cej nie uda\u0142o si\u0119 prze\u0142ama\u0107 prezydenckiego weta w Sejmie, wi\u0119c sk\u0142ada\u0142a projekt jeszcze dwa razy. Cho\u0107 prawo nie pozwala na procedowanie tej samej ustawy kilkukrotnie, <a href=\"https:\/\/wiadomosci.onet.pl\/kraj\/weto-karola-nawrockiego-w-sprawie-kryptoaktywow-sejm-podjal-decyzje\/5sp6wr8\" id=\"8189d88a-2682-4218-a257-1aaff989a9d5\" rel=\"nofollow noopener\" target=\"_blank\">rz\u0105dz\u0105cy obchodzili je, zmieniaj\u0105c w zapisach pojedyncze wyra\u017cenia<\/a>. Na tym posiedzeniu Sejmu ma odby\u0107 si\u0119 kolejne g\u0142osowanie nad odrzuceniem weta prezydenta \u2014 zapowiedzia\u0142<a href=\"https:\/\/wiadomosci.onet.pl\/kraj\/ostre-slowa-czarzastego-do-nawrockiego-mogl-pan-to-robic-nieprzypadkowo\/ww3xcb9\" id=\"50a3a477-0723-4e26-8d78-771ad6072eaf\" rel=\"nofollow noopener\" target=\"_blank\"> marsza\u0142ek Sejmu W\u0142odzimierz Czarzasty<\/a>.<a href=\"https:\/\/www.onet.pl\/\" title=\"Strona G\u0142\u00f3wna\" aria-label=\"Strona G\u0142\u00f3wna\" data-astro-prefetch=\"tap\" class=\"ods-a-logo-main-desktop\" rel=\"nofollow noopener\" target=\"_blank\"><img src=\"https:\/\/cdn.wiadomosci.onet.pl\/img\/Logo_desktop_Onet.svg\" class=\"ods-a-logo-main-desktop__image\" alt=\"Logo\" width=\"107\" height=\"60\" fetchpriority=\"high\" decoding=\"sync\" style=\"height:60px\"\/><\/a><\/p>\n<p class=\"ods-m-google-article__text\">Czytaj nas cz\u0119\u015bciej w Google<\/p>\n<p><a href=\"https:\/\/google.com\/preferences\/source?q=wiadomosci.onet.pl\" target=\"_blank\" rel=\"noopener noreferrer nofollow\" aria-label=\"Dodaj w Google\" title=\"Dodaj w Google\" class=\"ods-a-button ods-a-button__primary ods-a-button__default ods-a-button-l\">Dodaj w Google<\/a>O co dok\u0142adnie chodzi w aferze Zondacrypto [WYJA\u015aNIAMY]<img class=\"ods-a-photo ods-a-photo--background\" src=\"https:\/\/www.europesays.com\/pl\/wp-content\/uploads\/2026\/09\/1788495671_114_45Wk9lBaHR0cHM6Ly9vY2RuLmV1L3B1bHNjbXMvTURBXy85MDMzNTYwMmI3MTczYjkyYWUyN2I3MmM1ODA3OGE2ZC5qcGeRlQLNA.jpeg\" height=\"253\" width=\"450\" alt=\"By\u0142y szef Zondacrypto Przemys\u0142aw Kral\" loading=\"lazy\" fetchpriority=\"low\" decoding=\"async\"\/>Karol Nawrocki t\u0142umaczy\u0142, \u017ce weta nie mia\u0142y nic wsp\u00f3lnego ze spraw\u0105 Zondacrypto, a zdecydowa\u0142 si\u0119 odrzuci\u0107 rz\u0105dowe projekty, bo wprowadzaj\u0105 nadmierne regulacje rynku kryptowalut. Dodatkowo <a href=\"https:\/\/wiadomosci.onet.pl\/kraj\/nowy-ruch-karola-nawrockiego-w-sprawie-kryptowalut-skierowal-projekt-do-sejmu\/bsqfdyk\" id=\"96a9266a-c4da-4c82-bf81-447a4a370042\" rel=\"nofollow noopener\" target=\"_blank\">z\u0142o\u017cy\u0142 do Sejmu w\u0142asny projekt przepis\u00f3w w tej sprawie<\/a>. To jednak nie powstrzyma\u0142o <a href=\"https:\/\/wiadomosci.onet.pl\/kraj\/afera-wokol-kryptowalut-rzecznik-rzadu-o-powiazaniach-karola-nawrockiego-i-pis\/ck8z817\" id=\"74956a78-63c0-4aa0-8262-ef2760c3c4db\" rel=\"nofollow noopener\" target=\"_blank\">ostrej krytyki, cho\u0107by ze strony premiera Donalda Tuska<\/a>.<\/p>\n<p>W najnowszym sonda\u017cu SW Research na zlecenie Onetu zadali\u015bmy Polakom pytanie: &#8222;Jak ocenia Pani\/Pan decyzj\u0119 Karola Nawrockiego o trzykrotnym zawetowaniu ustawy reguluj\u0105cej rynek kryptowalut w \u015bwietle ujawnionych informacji o dzia\u0142alno\u015bci Zondacrypto?&#8221;.<\/p>\n<p>Dalszy ci\u0105g artyku\u0142u pod materia\u0142em wideoAfera Zondacrypto a weta Karola Nawrockiego. Jest nowy sonda\u017c<\/p>\n<p>Blisko dwie pi\u0105te Polak\u00f3w (39,1 proc.) negatywnie ocenia weta Karola Nawrockiego w sprawie ustaw o kryptoaktywach. 10,8 proc. os\u00f3b patrzy na nie neutralnie. Z kolei 22,1 proc. badanych ocenia decyzje prezydenta pozytywnie.<\/p>\n<p>Ca\u0142ej sprawy nie zna 16 proc. badanych, a 12 proc. os\u00f3b wskaza\u0142o odpowied\u017a &#8222;trudno powiedzie\u0107&#8221;.<\/p>\n<p>Odpowiedzi przedstawiaj\u0105 si\u0119 podobnie w\u015br\u00f3d kobiet i m\u0119\u017cczyzn oraz we wszystkich grupach wiekowych. Najbardziej negatywnie decyzje Karola Nawrockiego oceniaj\u0105 osoby powy\u017cej 50. roku \u017cycia. W tej grupie a\u017c 51,6 proc. \u017ale patrzy na ruchy prezydenta. Neutralnie ocenia je 6,8 proc., a pozytywnie \u2014 21,3 proc. os\u00f3b.<\/p>\n<p>***<\/p>\n<p>Sonda\u017c SW Research na zlecenie Onetu zosta\u0142 przeprowadzony w dniach 31 sierpnia \u2014 1 wrze\u015bnia 2026 r. metod\u0105 wspomaganych komputerowo wywiad\u00f3w internetowych (CAWI) w SW Panel. W ramach badania przeprowadzono 800 ankiet na og\u00f3lnopolskiej pr\u00f3bie doros\u0142ych. Zastosowano dob\u00f3r kwotowy \u2014 pr\u00f3ba by\u0142a reprezentatywna ze wzgl\u0119du na \u0142\u0105czny rozk\u0142ad p\u0142ci, wieku i klasy wielko\u015bci miejscowo\u015bci zamieszkania.<\/p>\n","protected":false},"excerpt":{"rendered":"Trzy osoby \u2014 Anna P., Jaromira W. i Rafa\u0142 Z. \u2014 us\u0142ysza\u0142y zarzuty w sprawie afery Zondacrypto i&hellip;\n","protected":false},"author":2,"featured_media":666126,"comment_status":"","ping_status":"","sticky":false,"template":"","format":"standard","meta":{"footnotes":"","_share_on_mastodon":"0"},"categories":[62712],"tags":[61195,690,43,49,15327,48,46,47,231,8206,17994],"class_list":["post-666125","post","type-post","status-publish","format-standard","has-post-thumbnail","category-karol-nawrocki","tag-bottomfeed_styl","tag-karol-nawrocki","tag-karol_nawrocki","tag-kraj","tag-kryptowaluta","tag-nat_styl","tag-omp","tag-screening_general","tag-sondaze","tag-weto","tag-zondacrypto"],"share_on_mastodon":{"url":"https:\/\/pubeurope.com\/@pl\/117210860941433165","error":""},"_links":{"self":[{"href":"https:\/\/www.europesays.com\/pl\/wp-json\/wp\/v2\/posts\/666125","targetHints":{"allow":["GET"]}}],"collection":[{"href":"https:\/\/www.europesays.com\/pl\/wp-json\/wp\/v2\/posts"}],"about":[{"href":"https:\/\/www.europesays.com\/pl\/wp-json\/wp\/v2\/types\/post"}],"author":[{"embeddable":true,"href":"https:\/\/www.europesays.com\/pl\/wp-json\/wp\/v2\/users\/2"}],"replies":[{"embeddable":true,"href":"https:\/\/www.europesays.com\/pl\/wp-json\/wp\/v2\/comments?post=666125"}],"version-history":[{"count":0,"href":"https:\/\/www.europesays.com\/pl\/wp-json\/wp\/v2\/posts\/666125\/revisions"}],"wp:featuredmedia":[{"embeddable":true,"href":"https:\/\/www.europesays.com\/pl\/wp-json\/wp\/v2\/media\/666126"}],"wp:attachment":[{"href":"https:\/\/www.europesays.com\/pl\/wp-json\/wp\/v2\/media?parent=666125"}],"wp:term":[{"taxonomy":"category","embeddable":true,"href":"https:\/\/www.europesays.com\/pl\/wp-json\/wp\/v2\/categories?post=666125"},{"taxonomy":"post_tag","embeddable":true,"href":"https:\/\/www.europesays.com\/pl\/wp-json\/wp\/v2\/tags?post=666125"}],"curies":[{"name":"wp","href":"https:\/\/api.w.org\/{rel}","templated":true}]}}