{"id":666131,"date":"2026-09-04T04:27:15","date_gmt":"2026-09-04T04:27:15","guid":{"rendered":"https:\/\/www.europesays.com\/pl\/666131\/"},"modified":"2026-09-04T04:27:15","modified_gmt":"2026-09-04T04:27:15","slug":"sunny-dancer-w-bialymstoku-bialystok-nasze-miasto-3","status":"publish","type":"post","link":"https:\/\/www.europesays.com\/pl\/666131\/","title":{"rendered":"Sunny Dancer w Bia\u0142ymstoku | Bia\u0142ystok Nasze Miasto"},"content":{"rendered":"<p class=\"atomsHappeningContent__desc\">Opis: Siedemnastoletnia Ivy (Bella Ramsey) jest przekonana, \u017ce czeka j\u0105 najgorsze lato \u017cycia. Cztery tygodnie na obozie wakacyjnym, w grupie outsider\u00f3w, kt\u00f3rych wcale nie chcia\u0142a pozna\u0107 \u2013 to brzmi jak katastrofa. A jednak w miejscu, gdzie nikt nie ma czasu na udawanie, Ivy znajduje paczk\u0119 znajomych, z kt\u00f3rymi prze\u017cywa NAJLEPSZE.LATO.EVER. Na\u0142adowany muzyk\u0105 \u201eSunny Dancer\u201d to intensywna, pe\u0142na rado\u015bci i czarnego humoru opowie\u015b\u0107 o tym, \u017ce nieraz trzeba totalnie zburzy\u0107 sw\u00f3j plan, aby zacz\u0105\u0107 ch\u0142on\u0105\u0107 \u015bwiat wszystkimi zmys\u0142ami.<br \/>Tytu\u0142 oryginalny: Sunny Dancer<br \/>Re\u017cyser: George Jaques<br \/>Scenariusz: George Jaques<br \/>Gatunek: dramat<br \/>Czas trwania: 106 minut<br \/>Kraj produkcji: Niemcy, Wielka Brytania<br \/>Rok produkcji: 2026<br \/>Muzyka: Este Haim, Zachary Dawes<br \/>Zdj\u0119cia: Oliver Loncraine<br \/>Data premiery w Polsce: 2026-08-28<\/p>\n","protected":false},"excerpt":{"rendered":"Opis: Siedemnastoletnia Ivy (Bella Ramsey) jest przekonana, \u017ce czeka j\u0105 najgorsze lato \u017cycia. Cztery tygodnie na obozie wakacyjnym,&hellip;\n","protected":false},"author":2,"featured_media":666132,"comment_status":"","ping_status":"","sticky":false,"template":"","format":"standard","meta":{"footnotes":"","_share_on_mastodon":"0"},"categories":[51614],"tags":[2151,6226,68212,10195,42,38,40,39,41,22920],"class_list":["post-666131","post","type-post","status-publish","format-standard","has-post-thumbnail","category-bialystok","tag-bialystok","tag-bilety","tag-film-i-kino","tag-impreza","tag-pl","tag-poland","tag-polish","tag-polska","tag-polski","tag-wydarzenie"],"share_on_mastodon":{"url":"https:\/\/pubeurope.com\/@pl\/117210883468961403","error":""},"_links":{"self":[{"href":"https:\/\/www.europesays.com\/pl\/wp-json\/wp\/v2\/posts\/666131","targetHints":{"allow":["GET"]}}],"collection":[{"href":"https:\/\/www.europesays.com\/pl\/wp-json\/wp\/v2\/posts"}],"about":[{"href":"https:\/\/www.europesays.com\/pl\/wp-json\/wp\/v2\/types\/post"}],"author":[{"embeddable":true,"href":"https:\/\/www.europesays.com\/pl\/wp-json\/wp\/v2\/users\/2"}],"replies":[{"embeddable":true,"href":"https:\/\/www.europesays.com\/pl\/wp-json\/wp\/v2\/comments?post=666131"}],"version-history":[{"count":0,"href":"https:\/\/www.europesays.com\/pl\/wp-json\/wp\/v2\/posts\/666131\/revisions"}],"wp:featuredmedia":[{"embeddable":true,"href":"https:\/\/www.europesays.com\/pl\/wp-json\/wp\/v2\/media\/666132"}],"wp:attachment":[{"href":"https:\/\/www.europesays.com\/pl\/wp-json\/wp\/v2\/media?parent=666131"}],"wp:term":[{"taxonomy":"category","embeddable":true,"href":"https:\/\/www.europesays.com\/pl\/wp-json\/wp\/v2\/categories?post=666131"},{"taxonomy":"post_tag","embeddable":true,"href":"https:\/\/www.europesays.com\/pl\/wp-json\/wp\/v2\/tags?post=666131"}],"curies":[{"name":"wp","href":"https:\/\/api.w.org\/{rel}","templated":true}]}}