{"id":666135,"date":"2026-09-04T04:29:35","date_gmt":"2026-09-04T04:29:35","guid":{"rendered":"https:\/\/www.europesays.com\/pl\/666135\/"},"modified":"2026-09-04T04:29:35","modified_gmt":"2026-09-04T04:29:35","slug":"motor-lublin-zainaugurowal-finaly-druzynowych-mistrzostw-polski-juniorow-od-drugiego-miejsca","status":"publish","type":"post","link":"https:\/\/www.europesays.com\/pl\/666135\/","title":{"rendered":"Motor Lublin zainaugurowa\u0142 fina\u0142y Dru\u017cynowych Mistrzostw Polski Junior\u00f3w od drugiego miejsca"},"content":{"rendered":"<p>Lubelski zesp\u00f3\u0142 w \u015brod\u0119 na domowym torze reprezentowali Micha\u0142 Psiuk, Bartosz Ba\u0144bor, Karol Szmyd i rezerwowy Dawid Cepielik. Faworytem do wygranej by\u0142 zesp\u00f3\u0142 z Bydgoszczy, w barwach kt\u00f3rego na torze pojawi\u0142 si\u0119 m.in. by\u0142y \u017cu\u017clowiec Orlen Oil Motoru Wiktor Przyjemski oraz rewelacyjny Maksymilian Pawe\u0142czak.<\/p>\n<p>Polonia od pocz\u0105tku zmaga\u0144 ruszy\u0142a po wygrana w zawodach, a Motor dzielnie stara\u0142 si\u0119 pokrzy\u017cowa\u0107 jej plany wykorzystuj\u0105c atut w\u0142asnego toru. Po dw\u00f3ch seriach zesp\u00f3\u0142 z Bydgoszczy mia\u0142 na koncie 18 punkt\u00f3w, a Lublinianie o trzy mniej. W trzeciej serii przez moment oba zespo\u0142y mia\u0142y nawet po tyle samo &#8222;oczek&#8221;, bo \u015bwietn\u0105 jazd\u0119 zaprezentowa\u0142 Karol Szmyd. P\u00f3\u017aniej zaci\u0119ty pojedynek stoczy\u0142 Ba\u0144bor i Pawe\u0142czak, a pierwszy lini\u0119 mety min\u0105\u0142 zawodnik z Lublina. W biegu 12. w miejsce Micha\u0142a Psiuka wyst\u0105pi\u0142 Dawid Cepielik, kt\u00f3ry zdoby\u0142 dwa punkty.\u00a0<\/p>\n<p>Po trzech seriach Polonia ponownie mia\u0142a dwa punkty przewagi nad Motorem, a w kolejnej nic si\u0119 nie zmieni\u0142o i przed biegami nominowanymi. Ko\u0144c\u00f3wka nale\u017ca\u0142a jednak do \u017cu\u017clowc\u00f3w z Bydgoszczy, kt\u00f3rzy finalnie zgromadzili 42 punkty i o 10 \u201eoczek\u201d wyprzedzili Motor. Trzecie miejsca zaj\u0119\u0142a Budimex Stal Gorz\u00f3w, a stawk\u0119 zamkn\u0105\u0142 KS Toru\u0144.\u00a0<\/p>\n<p>PIERWSZA RUNDA FINA\u0141OWA DMPJ<\/p>\n<p>I. Abramczyk Polonia Bydgoszcz (42 pkt)<\/p>\n<p>5. Maksymilian Pawe\u0142czak 14 (3,3,2,3,3)<\/p>\n<p>6. Emil Maroszek 3 (-,0,3,0,-)<\/p>\n<p>7. Kacper Andrzejewski 8 (3,1,3,0,1)<\/p>\n<p>8. Maksymilian Kostera 2 (2,-,0,-,-)<\/p>\n<p>18. Wiktor Przyjemski 15 (3,3,3,3,3)<\/p>\n<p>II. Motor Lublin (32 pkt)<\/p>\n<p>1. Micha\u0142 Psiuk 1 (1,0,-,-,0)<\/p>\n<p>2. Bartosz Ba\u0144bor 14 (3,3,3,3,2)<\/p>\n<p>3. Bartosz Jaworski 4 (1,2,1,0,-)<\/p>\n<p>4. Karol Szmyd 10 (2,3,3,2,u)<\/p>\n<p>17. Dawid Cepielik 3 (2,1,0)<\/p>\n<p>III. Budnex Stal Gorz\u00f3w (29 pkt)<\/p>\n<p>13. Oskar Paluch 8 (2,2,2,2,-)<\/p>\n<p>14. Igor Kordun 8 (0,2,2,2,2)<\/p>\n<p>15. Kacper Sobkowiak 5 (1,0,-,3,1)<\/p>\n<p>16. Oskar Chat\u0142as 7 (2,1,1,1,2)<\/p>\n<p>20. Hubert Jab\u0142o\u0144ski 1 (0,1)<\/p>\n<p>IV. KS Toru\u0144 (17 pkt)<\/p>\n<p>9. Bartosz Derek 4 (0,2,0,0,2)<\/p>\n<p>10. Antoni Kawczy\u0144ski 6 (0,1,1,1,3)<\/p>\n<p>11. Miko\u0142aj Duchi\u0144ski 3 (0,1,0,1,1)<\/p>\n<p>12. Jan Heleniak 4 (1,0,1,2,w)<\/p>\n","protected":false},"excerpt":{"rendered":"Lubelski zesp\u00f3\u0142 w \u015brod\u0119 na domowym torze reprezentowali Micha\u0142 Psiuk, Bartosz Ba\u0144bor, Karol Szmyd i rezerwowy Dawid Cepielik.&hellip;\n","protected":false},"author":2,"featured_media":666136,"comment_status":"","ping_status":"","sticky":false,"template":"","format":"standard","meta":{"footnotes":"","_share_on_mastodon":"0"},"categories":[51612],"tags":[121914,100805,1081,2164,42,38,40,39,41,174],"class_list":["post-666135","post","type-post","status-publish","format-standard","has-post-thumbnail","category-lublin","tag-druzynowe-mistrzostwa-polski-juniorow-na-zuzlu","tag-lubelski-zuzel","tag-lublin","tag-orlen-oil-motor-lublin","tag-pl","tag-poland","tag-polish","tag-polska","tag-polski","tag-zuzel"],"share_on_mastodon":{"url":"https:\/\/pubeurope.com\/@pl\/117210891010799279","error":""},"_links":{"self":[{"href":"https:\/\/www.europesays.com\/pl\/wp-json\/wp\/v2\/posts\/666135","targetHints":{"allow":["GET"]}}],"collection":[{"href":"https:\/\/www.europesays.com\/pl\/wp-json\/wp\/v2\/posts"}],"about":[{"href":"https:\/\/www.europesays.com\/pl\/wp-json\/wp\/v2\/types\/post"}],"author":[{"embeddable":true,"href":"https:\/\/www.europesays.com\/pl\/wp-json\/wp\/v2\/users\/2"}],"replies":[{"embeddable":true,"href":"https:\/\/www.europesays.com\/pl\/wp-json\/wp\/v2\/comments?post=666135"}],"version-history":[{"count":0,"href":"https:\/\/www.europesays.com\/pl\/wp-json\/wp\/v2\/posts\/666135\/revisions"}],"wp:featuredmedia":[{"embeddable":true,"href":"https:\/\/www.europesays.com\/pl\/wp-json\/wp\/v2\/media\/666136"}],"wp:attachment":[{"href":"https:\/\/www.europesays.com\/pl\/wp-json\/wp\/v2\/media?parent=666135"}],"wp:term":[{"taxonomy":"category","embeddable":true,"href":"https:\/\/www.europesays.com\/pl\/wp-json\/wp\/v2\/categories?post=666135"},{"taxonomy":"post_tag","embeddable":true,"href":"https:\/\/www.europesays.com\/pl\/wp-json\/wp\/v2\/tags?post=666135"}],"curies":[{"name":"wp","href":"https:\/\/api.w.org\/{rel}","templated":true}]}}