{"id":666141,"date":"2026-09-04T04:32:53","date_gmt":"2026-09-04T04:32:53","guid":{"rendered":"https:\/\/www.europesays.com\/pl\/666141\/"},"modified":"2026-09-04T04:32:53","modified_gmt":"2026-09-04T04:32:53","slug":"ossolinski-polaczy-poznan-i-wroclaw-z-wiedniem-pkp-intercity-zmienia-nazwe-pociagu-danubius","status":"publish","type":"post","link":"https:\/\/www.europesays.com\/pl\/666141\/","title":{"rendered":"\u201eOssoli\u0144ski\u201d po\u0142\u0105czy Pozna\u0144 i Wroc\u0142aw z Wiedniem. PKP Intercity zmienia nazw\u0119 poci\u0105gu \u201eDanubius\u201d"},"content":{"rendered":"<p>Od 4 wrze\u015bnia 2026 roku mi\u0119dzynarodowy poci\u0105g PKP Intercity \u201eDanubius\u201d, kursuj\u0105cy mi\u0119dzy Poznaniem, Wroc\u0142awiem i Wiedniem, b\u0119dzie je\u017adzi\u0142 pod nazw\u0105 \u201eOssoli\u0144ski\u201d. <\/p>\n<p>W ten spos\u00f3b przewo\u017anik chce upami\u0119tni\u0107 J\u00f3zefa Maksymiliana Ossoli\u0144skiego \u2013 humanist\u0119, bibliofila, pisarza i uczonego, a przede wszystkim fundatora Zak\u0142adu Narodowego im. Ossoli\u0144skich. W 2026 roku przypada 200. rocznica jego \u015bmierci, a Sejm ustanowi\u0142 ten rok Rokiem J\u00f3zefa Maksymiliana Ossoli\u0144skiego.<\/p>\n<p>Rozk\u0142ad jazdy:<\/p>\n<p>Dlaczego PKP Intercity zdecydowa\u0142o si\u0119 zmieni\u0107 nazw\u0119 poci\u0105gu \u201eDanubius\u201d na \u201eOssoli\u0144ski\u201d w\u0142a\u015bnie w 2026 roku?<br \/>\nJak b\u0119dzie wygl\u0105da\u0142a trasa poci\u0105gu \u201eOssoli\u0144ski\u201d i kt\u00f3re polskie miasta zyskaj\u0105 dzi\u0119ki niemu bezpo\u015brednie po\u0142\u0105czenie z Wiedniem?<br \/>\nW jaki spos\u00f3b nadanie poci\u0105gowi imienia J\u00f3zefa Maksymiliana Ossoli\u0144skiego ma podkre\u015bli\u0107 historyczne i kulturalne zwi\u0105zki Polski z Austri\u0105?<\/p>\n<p><img loading=\"lazy\" decoding=\"async\" width=\"1024\" height=\"768\" src=\"data:image\/svg+xml,%3Csvg%20xmlns=\" http:=\"\" alt=\"Poci\u0105g PKP Intercity \u201eDanubius\u201d, kursuj\u0105cy z Poznania i Wroc\u0142awia do Wiednia, od 4 wrze\u015bnia b\u0119dzie je\u017adzi\u0142 pod nazw\u0105 \u201eOssoli\u0144ski\u201d\" data-lazy- data-lazy- data-lazy-src=\"https:\/\/www.europesays.com\/pl\/wp-content\/uploads\/2026\/09\/Ossolinski_2-1024x768.jpg\"\/><\/p>\n<p>Poci\u0105g PKP Intercity \u201eDanubius\u201d, kursuj\u0105cy z Poznania i Wroc\u0142awia do Wiednia, od 4 wrze\u015bnia b\u0119dzie je\u017adzi\u0142 pod nazw\u0105 \u201eOssoli\u0144ski\u201d\/foto: PKP IC<br \/>\nOd 4 wrze\u015bnia \u201eDanubius\u201d stanie si\u0119 \u201eOssoli\u0144skim\u201d<\/p>\n<p>Zmiana nazwy jednego z mi\u0119dzynarodowych po\u0142\u0105cze\u0144 PKP Intercity ma mie\u0107 wymiar symboliczny. J\u00f3zef Maksymilian Ossoli\u0144ski przez znaczn\u0105 cz\u0119\u015b\u0107 \u017cycia by\u0142 zwi\u0105zany z Wiedniem, natomiast za\u0142o\u017cona przez niego instytucja po II wojnie \u015bwiatowej znalaz\u0142a swoj\u0105 siedzib\u0119 we Wroc\u0142awiu.<\/p>\n<p>Poci\u0105g kursuj\u0105cy z Poznania przez Wroc\u0142aw do stolicy Austrii po\u0142\u0105czy wi\u0119c miasta bezpo\u015brednio zwi\u0105zane z histori\u0105 Ossolineum i jego fundatora.<\/p>\n<p>Zmiana zostanie wprowadzona 4 wrze\u015bnia 2026 roku. Dotychczasowy \u201eDanubius\u201d otrzyma nazw\u0119 \u201eOssoli\u0144ski\u201d.<\/p>\n<p>PKP Intercity wskazuje, \u017ce poci\u0105g ma sta\u0107 si\u0119 swego rodzaju symbolicznym mostem mi\u0119dzy Polsk\u0105 i Austri\u0105 \u2013 pa\u0144stwami po\u0142\u0105czonymi wieloletnimi relacjami w dziedzinie kultury oraz nauki.<\/p>\n<p>\u2013 Chcemy, aby nasze poci\u0105gi nie tylko zapewnia\u0142y wygodne po\u0142\u0105czenia mi\u0119dzy polskimi i europejskimi miastami, lecz tak\u017ce przypomina\u0142y o wa\u017cnych postaciach i wydarzeniach. Poci\u0105g \u201eOssoli\u0144ski\u201d, kursuj\u0105cy mi\u0119dzy Polsk\u0105 a Austri\u0105, doskonale \u0142\u0105czy te dwie funkcje. Jest wyrazem zaanga\u017cowania PKP Intercity w rozw\u00f3j po\u0142\u0105cze\u0144 mi\u0119dzynarodowych, a jednocze\u015bnie przypomina o J\u00f3zefie Maksymilianie Ossoli\u0144skim \u2013 cz\u0142owieku, kt\u00f3rego \u017cycie i dzia\u0142alno\u015b\u0107 na trwa\u0142e zwi\u0105za\u0142y Polsk\u0119 i Wiede\u0144. Cieszymy si\u0119, \u017ce mo\u017cemy w ten spos\u00f3b uczci\u0107 Rok J\u00f3zefa Maksymiliana Ossoli\u0144skiego oraz 200. rocznic\u0119 jego \u015bmierci \u2013 m\u00f3wi Janusz Malinowski, prezes zarz\u0105du PKP Intercity.<\/p>\n<p>Dwa poci\u0105gi mi\u0119dzy Poznaniem a Wiedniem<\/p>\n<p>Nazwa \u201eOssoli\u0144ski\u201d pojawi si\u0119 w rozk\u0142adzie przy po\u0142\u0105czeniach kursuj\u0105cych w obu kierunkach pomi\u0119dzy Poznaniem i Wiedniem.<\/p>\n<p>Od 4 wrze\u015bnia b\u0119d\u0105 to:<\/p>\n<p>poci\u0105g nr 47000 (302) w relacji Wiede\u0144 \u2013 Wroc\u0142aw \u2013 Pozna\u0144,<br \/>\npoci\u0105g nr 74000 (303) w relacji Pozna\u0144 \u2013 Wroc\u0142aw \u2013 Wiede\u0144.<\/p>\n<p>Po\u0142\u0105czenie zapewni wi\u0119c bezpo\u015bredni\u0105 mo\u017cliwo\u015b\u0107 podr\u00f3\u017cowania ze stolicy Wielkopolski i Dolnego \u015al\u0105ska do Wiednia.<\/p>\n<p>Szczeg\u00f3\u0142owe godziny kursowania, dost\u0119pno\u015b\u0107 miejsc oraz ceny bilet\u00f3w pasa\u017cerowie mog\u0105 sprawdza\u0107 w systemie sprzeda\u017cowym PKP Intercity.<\/p>\n<p>Ossoli\u0144ski przez \u0107wier\u0107 wieku pracowa\u0142 w Wiedniu<\/p>\n<p>Wyb\u00f3r patrona dla tego w\u0142a\u015bnie po\u0142\u0105czenia nie jest przypadkowy.<\/p>\n<p>J\u00f3zef Maksymilian Ossoli\u0144ski \u017cy\u0142 w latach 1754\u20131826, a od 1790 roku mieszka\u0142 i pracowa\u0142 w Wiedniu. Przez \u0107wier\u0107 wieku pe\u0142ni\u0142 funkcj\u0119 prefekta Cesarskiej Biblioteki Nadwornej.<\/p>\n<p>Jego wiede\u0144ski dom sta\u0142 si\u0119 miejscem spotka\u0144 Polak\u00f3w studiuj\u0105cych w stolicy Austrii, ludzi nauki i kultury, a tak\u017ce dzia\u0142aczy zaanga\u017cowanych w spraw\u0119 polsk\u0105.<\/p>\n<p>Ossoli\u0144ski by\u0142 r\u00f3wnie\u017c autorem prac naukowych po\u015bwi\u0119conych m.in. historii, historii literatury, nauce oraz o\u015bwiacie.<\/p>\n<p>Najwi\u0119kszym dzie\u0142em jego \u017cycia okaza\u0142o si\u0119 jednak stworzenie Zak\u0142adu Narodowego im. Ossoli\u0144skich. Akt fundacyjny instytucji zosta\u0142 zatwierdzony 4 czerwca 1817 roku przez cesarza Franciszka I.<\/p>\n<p>Rok J\u00f3zefa Maksymiliana Ossoli\u0144skiego<\/p>\n<p>Dodatkowego znaczenia zmianie nazwy poci\u0105gu nadaje przypadaj\u0105ca w 2026 roku 200. rocznica \u015bmierci J\u00f3zefa Maksymiliana Ossoli\u0144skiego.<\/p>\n<p>Sejm Rzeczypospolitej Polskiej ustanowi\u0142 2026 rok Rokiem J\u00f3zefa Maksymiliana Ossoli\u0144skiego.<\/p>\n<p>\u2013 Bardzo ciesz\u0119 si\u0119, \u017ce w og\u0142oszonym przez Sejm Roku J\u00f3zefa Maksymiliana Ossoli\u0144skiego zostaje on patronem poci\u0105gu kursuj\u0105cego do Wiednia. Z miastem tym nasz fundator zwi\u0105za\u0142 du\u017c\u0105 cz\u0119\u015b\u0107 swojego \u017cycia, m.in. jako prefekt Cesarskiej Biblioteki Nadwornej. Dzi\u0119ki decyzji PKP Intercity przypominamy nie tylko o jednej z najwa\u017cniejszych postaci w historii polskiej kultury, ale tak\u017ce o polsko-austriackich zwi\u0105zkach na tym polu \u2013 podkre\u015bla dr \u0141ukasz Kami\u0144ski, dyrektor Zak\u0142adu Narodowego im. Ossoli\u0144skich.<\/p>\n<p>Od Lwowa do Wroc\u0142awia<\/p>\n<p>Historia Ossolineum r\u00f3wnie\u017c wpisuje si\u0119 w ponadnarodowy charakter nowego patrona poci\u0105gu.<\/p>\n<p>Zak\u0142ad Narodowy im. Ossoli\u0144skich od pocz\u0105tku swojej dzia\u0142alno\u015bci zajmowa\u0142 si\u0119 dzia\u0142alno\u015bci\u0105 biblioteczn\u0105, muzealn\u0105, naukow\u0105 i wydawnicz\u0105. W okresie zabor\u00f3w sta\u0142 si\u0119 jednym z wa\u017cnych o\u015brodk\u00f3w polskiego \u017cycia intelektualnego.<\/p>\n<p>Na jego siedzib\u0119 Ossoli\u0144ski wybra\u0142 Lw\u00f3w, b\u0119d\u0105cy w\u00f3wczas stolic\u0105 Galicji. W 1827 roku, ju\u017c po \u015bmierci fundatora, w\u0142a\u015bnie tam trafi\u0142y zgromadzone przez niego zbiory.<\/p>\n<p>Po zako\u0144czeniu II wojny \u015bwiatowej siedziba Ossolineum zosta\u0142a przeniesiona do Wroc\u0142awia, gdzie instytucja funkcjonuje do dzisiaj.<\/p>\n<p>Tym samym Wroc\u0142aw \u2013 jedna z najwa\u017cniejszych stacji na trasie poci\u0105gu \u201eOssoli\u0144ski\u201d \u2013 jest obecnie miastem szczeg\u00f3lnie zwi\u0105zanym z dziedzictwem jego patrona.<\/p>\n<p>Ponad dwa miliony obiekt\u00f3w w zbiorach Ossolineum<\/p>\n<p>Wsp\u00f3\u0142czesny Zak\u0142ad Narodowy im. Ossoli\u0144skich tworz\u0105 cztery oddzia\u0142y: Narodowa Biblioteka Ossolineum, Muzeum Ksi\u0105\u017c\u0105t Lubomirskich, Wydawnictwo Ossolineum oraz Muzeum Pana Tadeusza.<\/p>\n<p>Skala zgromadzonego dziedzictwa jest ogromna. Zbiory instytucji obejmuj\u0105 obecnie ponad dwa miliony obiekt\u00f3w.<\/p>\n<p>Znajduj\u0105 si\u0119 w\u015br\u00f3d nich m.in. cenne r\u0119kopisy i autografy wybitnych polskich pisarzy, a tak\u017ce mapy, atlasy, ryciny, fotografie, dokumenty \u017cycia spo\u0142ecznego oraz kolekcje numizmatyczne.<\/p>\n<p><img loading=\"lazy\" decoding=\"async\" width=\"768\" height=\"1024\" src=\"data:image\/svg+xml,%3Csvg%20xmlns=\" http:=\"\" alt=\"Poci\u0105g PKP Intercity \u201eDanubius\u201d, kursuj\u0105cy z Poznania i Wroc\u0142awia do Wiednia, od 4 wrze\u015bnia b\u0119dzie je\u017adzi\u0142 pod nazw\u0105 \u201eOssoli\u0144ski\u201d\" data-lazy- data-lazy- data-lazy-src=\"https:\/\/www.europesays.com\/pl\/wp-content\/uploads\/2026\/09\/Ossolinski_3-768x1024.jpg\"\/><\/p>\n<p>Poci\u0105g PKP Intercity \u201eDanubius\u201d, kursuj\u0105cy z Poznania i Wroc\u0142awia do Wiednia, od 4 wrze\u015bnia b\u0119dzie je\u017adzi\u0142 pod nazw\u0105 \u201eOssoli\u0144ski\u201d\/foto: PKP IC<br \/>\nPKP Intercity rozwija po\u0142\u0105czenia z Austri\u0105<\/p>\n<p>\u201eOssoli\u0144ski\u201d b\u0119dzie jednym z po\u0142\u0105cze\u0144 tworz\u0105cych ofert\u0119 PKP Intercity pomi\u0119dzy Polsk\u0105 i Austri\u0105.<\/p>\n<p>Poci\u0105gi przewo\u017anika umo\u017cliwiaj\u0105 bezpo\u015brednie podr\u00f3\u017ce do Wiednia m.in. z Warszawy, Krakowa, Poznania i Wroc\u0142awia. W zale\u017cno\u015bci od relacji zatrzymuj\u0105 si\u0119 tak\u017ce m.in. w Katowicach, Opolu, Raciborzu, K\u0119dzierzynie-Ko\u017alu, Lesznie i O\u015bwi\u0119cimiu.<\/p>\n<p>Od 4 wrze\u015bnia do tej mi\u0119dzynarodowej oferty pod now\u0105 nazw\u0105 do\u0142\u0105czy \u201eOssoli\u0144ski\u201d. W praktyce nie b\u0119dzie to uruchomienie zupe\u0142nie nowego po\u0142\u0105czenia, lecz zmiana nazwy kursuj\u0105cego ju\u017c \u201eDanubiusa\u201d.<\/p>\n<p>Nowy patron zosta\u0142 jednak dobrany tak, aby bezpo\u015brednio nawi\u0105zywa\u0142 zar\u00f3wno do Wiednia, gdzie Ossoli\u0144ski sp\u0119dzi\u0142 znaczn\u0105 cz\u0119\u015b\u0107 \u017cycia, jak i Wroc\u0142awia, w kt\u00f3rym od zako\u0144czenia II wojny \u015bwiatowej funkcjonuje za\u0142o\u017cona przez niego instytucja. W roku 200. rocznicy \u015bmierci J\u00f3zefa Maksymiliana Ossoli\u0144skiego poci\u0105g kursuj\u0105cy pomi\u0119dzy Polsk\u0105 i Austri\u0105 ma wi\u0119c nie tylko przewozi\u0107 pasa\u017cer\u00f3w, ale tak\u017ce przypomina\u0107 o wsp\u00f3lnym polsko-austriackim dziedzictwie kulturowym.<\/p>\n","protected":false},"excerpt":{"rendered":"Od 4 wrze\u015bnia 2026 roku mi\u0119dzynarodowy poci\u0105g PKP Intercity \u201eDanubius\u201d, kursuj\u0105cy mi\u0119dzy Poznaniem, Wroc\u0142awiem i Wiedniem, b\u0119dzie je\u017adzi\u0142&hellip;\n","protected":false},"author":2,"featured_media":666142,"comment_status":"","ping_status":"","sticky":false,"template":"","format":"standard","meta":{"footnotes":"","_share_on_mastodon":"0"},"categories":[51609],"tags":[42,38,40,39,41,1817],"class_list":["post-666141","post","type-post","status-publish","format-standard","has-post-thumbnail","category-poznan","tag-pl","tag-poland","tag-polish","tag-polska","tag-polski","tag-poznan"],"share_on_mastodon":{"url":"https:\/\/pubeurope.com\/@pl\/117210906906431001","error":""},"_links":{"self":[{"href":"https:\/\/www.europesays.com\/pl\/wp-json\/wp\/v2\/posts\/666141","targetHints":{"allow":["GET"]}}],"collection":[{"href":"https:\/\/www.europesays.com\/pl\/wp-json\/wp\/v2\/posts"}],"about":[{"href":"https:\/\/www.europesays.com\/pl\/wp-json\/wp\/v2\/types\/post"}],"author":[{"embeddable":true,"href":"https:\/\/www.europesays.com\/pl\/wp-json\/wp\/v2\/users\/2"}],"replies":[{"embeddable":true,"href":"https:\/\/www.europesays.com\/pl\/wp-json\/wp\/v2\/comments?post=666141"}],"version-history":[{"count":0,"href":"https:\/\/www.europesays.com\/pl\/wp-json\/wp\/v2\/posts\/666141\/revisions"}],"wp:featuredmedia":[{"embeddable":true,"href":"https:\/\/www.europesays.com\/pl\/wp-json\/wp\/v2\/media\/666142"}],"wp:attachment":[{"href":"https:\/\/www.europesays.com\/pl\/wp-json\/wp\/v2\/media?parent=666141"}],"wp:term":[{"taxonomy":"category","embeddable":true,"href":"https:\/\/www.europesays.com\/pl\/wp-json\/wp\/v2\/categories?post=666141"},{"taxonomy":"post_tag","embeddable":true,"href":"https:\/\/www.europesays.com\/pl\/wp-json\/wp\/v2\/tags?post=666141"}],"curies":[{"name":"wp","href":"https:\/\/api.w.org\/{rel}","templated":true}]}}