{"id":666159,"date":"2026-09-04T04:43:14","date_gmt":"2026-09-04T04:43:14","guid":{"rendered":"https:\/\/www.europesays.com\/pl\/666159\/"},"modified":"2026-09-04T04:43:14","modified_gmt":"2026-09-04T04:43:14","slug":"juz-wiadomo-co-z-teleturniejem-kolo-fortuny-oficjalny-komunikat-tvp","status":"publish","type":"post","link":"https:\/\/www.europesays.com\/pl\/666159\/","title":{"rendered":"Ju\u017c wiadomo co z teleturniejem &#8222;Ko\u0142o fortuny&#8221;. Oficjalny komunikat TVP"},"content":{"rendered":"<p>Tw\u00f3rcy &#8222;Ko\u0142a fortuny&#8221; zaniepokoili fan\u00f3w teleturnieju<\/p>\n<p class=\"typography ids-typeset-body ids-typeset-body--preset-large link paragraph ids-paragraph ids-paragraph--default\">Program <a href=\"https:\/\/www.pomponik.pl\/gwiazdy-i-produkcje-kolo-fortuny,gsbi,3380\" target=\"_blank\" rel=\"nofollow noopener\">&#8222;Ko\u0142o Fortuny&#8221;<\/a> spotka\u0142o wiele zmian, z nowymi prowadz\u0105cymi na czele, kt\u00f3rymi dwa lata temu zostali Agnieszka Dziekan i B\u0142a\u017cej Stencel. Ledwo widzowie si\u0119 z nimi oswoili, to ich spok\u00f3j zosta\u0142 zak\u0142\u00f3cony. Wszystko przez niespodziewan\u0105 decyzj\u0119 TVP.<\/p>\n<p class=\"typography ids-typeset-body ids-typeset-body--preset-large link paragraph ids-paragraph ids-paragraph--default\">Ostatni wiosenny sezon teleturnieju trwa\u0142 prawie o miesi\u0105c kr\u00f3cej ni\u017c w 2025 roku. W tym roku <a href=\"https:\/\/www.pomponik.pl\/gwiazdy-telewizji\/news-oficjalny-komunikat-ws-kola-fortuny-smutne-wiesci-dla-fanow,nId,23471451\" target=\"_blank\" rel=\"nofollow noopener\">ostatni nowy odcinek pojawi\u0142 si\u0119 na antenie ju\u017c 30 kwietnia<\/a>, zamiast w drugiej po\u0142owie maja.<\/p>\n<p class=\"typography ids-typeset-body ids-typeset-body--preset-large link paragraph ids-paragraph ids-paragraph--default\">To wywo\u0142a\u0142o niepok\u00f3j fan\u00f3w, kt\u00f3rzy martwili si\u0119 o dalsze losy ulubionego programu. Tw\u00f3rcy d\u0142ugo zwlekali z kolejnym oficjalnym komunikatem, kt\u00f3ry nadszed\u0142 dopiero teraz.<\/p>\n<p>Oficjalny komunikat TVP ws. &#8222;Ko\u0142a Fortuny&#8221;<\/p>\n<p class=\"typography ids-typeset-body ids-typeset-body--preset-large link paragraph ids-paragraph ids-paragraph--default\">Przez d\u0142ugie cztery miesi\u0105ce widzowie &#8222;Ko\u0142a fortuny&#8221; mogli ogl\u0105da\u0107 jedynie powt\u00f3rki starych odcink\u00f3w. Przez ten czas nie by\u0142o wiadomo, kiedy pojawi\u0105 si\u0119 nowe. Tym bardziej \u017ce <a href=\"https:\/\/www.pomponik.pl\/gwiazdy-telewizji\/news-oficjalny-komunikat-tvp-ws-familiady-wprawia-w-oslupienie-ta,nId,23527277\" target=\"_blank\" rel=\"nofollow noopener\">w przeciwie\u0144stwie do &#8222;Familiady&#8221;<\/a> nie wyemitowano \u017cadnych przedpremierowych odcink\u00f3w specjalnych.<\/p>\n<p class=\"typography ids-typeset-body ids-typeset-body--preset-large link paragraph ids-paragraph ids-paragraph--default\">A jednak pocz\u0105tkowe obawy na szcz\u0119\u015bcie okaza\u0142y si\u0119 nies\u0142uszne &#8211; teraz wiadomo ju\u017c, \u017ce teleturniej wraca na anten\u0119. Komunikat pojawi\u0142 si\u0119 dopiero w czwartek 3 wrze\u015bnia, zaledwie dwa dni przed pocz\u0105tkiem emisji.<\/p>\n<p class=\"typography ids-typeset-body ids-typeset-body--preset-large link paragraph ids-paragraph ids-paragraph--default\">&#8222;Nowy sezon &#8222;Ko\u0142a fortuny&#8221; startuje ju\u017c w sobot\u0119! Na premierowe odcinki zapraszamy codziennie&#8221; &#8211; brzmi o\u015bwiadczenie TVP, zamieszczone w mediach spo\u0142eczno\u015bciowych teleturnieju.<\/p>\n<p class=\"typography ids-typeset-body ids-typeset-body--preset-large link paragraph ids-paragraph ids-paragraph--default\">Nie wiadomo, czemu produkcja tak d\u0142ugo zwleka\u0142a z oficjaln\u0105 informacj\u0105 &#8211; niemal do ostatniej chwili.<\/p>\n<p><img decoding=\"async\" class=\"ids-image-holder__img\" loading=\"lazy\" alt=\"Agnieszka Dziekan i B\u0142a\u017cej Stencel w Kole Fortuny\" title=\"Agnieszka Dziekan i B\u0142a\u017cej Stencel\" width=\"1280\" height=\"920\" src=\"https:\/\/www.europesays.com\/pl\/wp-content\/uploads\/2026\/09\/000N8AEWVPYQRN02-C323-F4.webp\"\/><\/p>\n<p>Agnieszka Dziekan i B\u0142a\u017cej StencelAKPA<\/p>\n<p class=\"typography ids-typeset-body ids-typeset-body--preset-large link paragraph ids-paragraph ids-paragraph--default\">Zobacz te\u017c:<\/p>\n<p class=\"typography ids-typeset-body ids-typeset-body--preset-large link paragraph ids-paragraph ids-paragraph--default\"><a href=\"https:\/\/www.pomponik.pl\/plotki\/news-wielkie-zmiany-w-kole-fortuny-dotycza-prowadzacych-teleturni,nId,23535653\" target=\"_blank\" rel=\"nofollow noopener\">Wielkie zmiany w &#8222;Kole fortuny&#8221;. Dotycz\u0105 prowadz\u0105cych teleturnieju<\/a><\/p>\n<p class=\"typography ids-typeset-body ids-typeset-body--preset-large link paragraph ids-paragraph ids-paragraph--default\"><a href=\"https:\/\/www.pomponik.pl\/plotki\/news-splynely-wiesci-ws-stencela-i-kola-fortuny-koniec-domyslow-p,nId,23530691\" target=\"_blank\" rel=\"nofollow noopener\">Sp\u0142yn\u0119\u0142y wie\u015bci ws. Stencela i &#8222;Ko\u0142a Fortuny&#8221;. Koniec domys\u0142\u00f3w, potwierdzi\u0142o si\u0119<\/a><\/p>\n<p class=\"typography ids-typeset-body ids-typeset-body--preset-large link paragraph ids-paragraph ids-paragraph--default\"><a href=\"https:\/\/www.pomponik.pl\/plotki\/news-niespodziewane-doniesienia-o-gospodarzu-kola-fortuny-wyszla,nId,23490918\" target=\"_blank\" rel=\"nofollow noopener\">Doniesienia o gospodarzu &#8222;Ko\u0142a Fortuny&#8221;. Wysz\u0142a prawda o jego zwi\u0105zku<\/a><\/p>\n<p>Kajra i S\u0142awomir wspominaj\u0105 wesele. Oto co si\u0119 wydarzy\u0142o na przyj\u0119ciu INTERIA.PL <\/p>\n","protected":false},"excerpt":{"rendered":"Tw\u00f3rcy &#8222;Ko\u0142a fortuny&#8221; zaniepokoili fan\u00f3w teleturnieju Program &#8222;Ko\u0142o Fortuny&#8221; spotka\u0142o wiele zmian, z nowymi prowadz\u0105cymi na czele, kt\u00f3rymi&hellip;\n","protected":false},"author":2,"featured_media":666160,"comment_status":"","ping_status":"","sticky":false,"template":"","format":"standard","meta":{"footnotes":"","_share_on_mastodon":"0"},"categories":[22],"tags":[122,42,38,40,39,41,123],"class_list":["post-666159","post","type-post","status-publish","format-standard","has-post-thumbnail","category-rozrywka","tag-entertainment","tag-pl","tag-poland","tag-polish","tag-polska","tag-polski","tag-rozrywka"],"share_on_mastodon":{"url":"https:\/\/pubeurope.com\/@pl\/117210947110013304","error":""},"_links":{"self":[{"href":"https:\/\/www.europesays.com\/pl\/wp-json\/wp\/v2\/posts\/666159","targetHints":{"allow":["GET"]}}],"collection":[{"href":"https:\/\/www.europesays.com\/pl\/wp-json\/wp\/v2\/posts"}],"about":[{"href":"https:\/\/www.europesays.com\/pl\/wp-json\/wp\/v2\/types\/post"}],"author":[{"embeddable":true,"href":"https:\/\/www.europesays.com\/pl\/wp-json\/wp\/v2\/users\/2"}],"replies":[{"embeddable":true,"href":"https:\/\/www.europesays.com\/pl\/wp-json\/wp\/v2\/comments?post=666159"}],"version-history":[{"count":0,"href":"https:\/\/www.europesays.com\/pl\/wp-json\/wp\/v2\/posts\/666159\/revisions"}],"wp:featuredmedia":[{"embeddable":true,"href":"https:\/\/www.europesays.com\/pl\/wp-json\/wp\/v2\/media\/666160"}],"wp:attachment":[{"href":"https:\/\/www.europesays.com\/pl\/wp-json\/wp\/v2\/media?parent=666159"}],"wp:term":[{"taxonomy":"category","embeddable":true,"href":"https:\/\/www.europesays.com\/pl\/wp-json\/wp\/v2\/categories?post=666159"},{"taxonomy":"post_tag","embeddable":true,"href":"https:\/\/www.europesays.com\/pl\/wp-json\/wp\/v2\/tags?post=666159"}],"curies":[{"name":"wp","href":"https:\/\/api.w.org\/{rel}","templated":true}]}}