{"id":666177,"date":"2026-09-04T04:58:09","date_gmt":"2026-09-04T04:58:09","guid":{"rendered":"https:\/\/www.europesays.com\/pl\/666177\/"},"modified":"2026-09-04T04:58:09","modified_gmt":"2026-09-04T04:58:09","slug":"100-dni-misja-zeus-w-bialymstoku","status":"publish","type":"post","link":"https:\/\/www.europesays.com\/pl\/666177\/","title":{"rendered":"100 dni: Misja Zeus w Bia\u0142ymstoku"},"content":{"rendered":"<p class=\"atomsHappeningContent__desc\">Opis: Kontynuacja jednego z najg\u0142o\u015bniejszych m\u0142odzie\u017cowych film\u00f3w ostatnich lat. Tym razem bohaterowie wychodz\u0105 poza szkolne mury, a stawka jest wi\u0119ksza ni\u017c kiedykolwiek wcze\u015bniej \u2014 cho\u0107 oni sami nie czuj\u0105 si\u0119 na ni\u0105 gotowi. Kapsel i jego ekipa stawiaj\u0105 pierwsze kroki w doros\u0142ym \u017cyciu. Jedni ruszyli ju\u017c dalej, inni pr\u00f3buj\u0105 pouk\u0142ada\u0107 \u017cycie po swojemu, a Kapsel\u2026 nie potrafi si\u0119 odnale\u017a\u0107. Mieszka z rodzicami, w pracy po\u017cegna\u0142 si\u0119 z ambicjami i coraz cz\u0119\u015bciej zadaje sobie pytanie, czy najlepszy czas ma za sob\u0105. Kiedy jednak na horyzoncie pojawia si\u0119 misja, od kt\u00f3rej mo\u017ce zale\u017ce\u0107 przysz\u0142o\u015b\u0107 wielu ludzi, nie ma czasu na w\u0105tpliwo\u015bci.<\/p>\n<p>Do znanej z pierwszej cz\u0119\u015bci dru\u017cyny do\u0142\u0105czaj\u0105 nowe postaci, a wraz z nimi nowe napi\u0119cia, rywalizacje i odmienne spojrzenia na \u015bwiat. \u017baden z nich dream team, ale tylko razem s\u0105 w stanie zmierzy\u0107 si\u0119 z wyzwaniem, kt\u00f3re zdaje si\u0119 ich przerasta\u0107.<br \/>Tytu\u0142 oryginalny: 100 dni: Misja Zeus<br \/>Re\u017cyser: Miko\u0142aj Piszczan<br \/>Scenariusz: \u0141ukasz Zdanowski<br \/>Gatunek: komedia<br \/>Czas trwania: 110 minut<br \/>Kraj produkcji: Polska<br \/>Rok produkcji: 2026<br \/>Muzyka: Wojciech Urba\u0144ski<br \/>Zdj\u0119cia: Cezary Stolecki<br \/>Data premiery w Polsce: 2026-09-11<\/p>\n","protected":false},"excerpt":{"rendered":"Opis: Kontynuacja jednego z najg\u0142o\u015bniejszych m\u0142odzie\u017cowych film\u00f3w ostatnich lat. Tym razem bohaterowie wychodz\u0105 poza szkolne mury, a stawka&hellip;\n","protected":false},"author":2,"featured_media":666178,"comment_status":"","ping_status":"","sticky":false,"template":"","format":"standard","meta":{"footnotes":"","_share_on_mastodon":"0"},"categories":[51614],"tags":[2151,6226,68212,10195,42,38,40,39,41,22920],"class_list":["post-666177","post","type-post","status-publish","format-standard","has-post-thumbnail","category-bialystok","tag-bialystok","tag-bilety","tag-film-i-kino","tag-impreza","tag-pl","tag-poland","tag-polish","tag-polska","tag-polski","tag-wydarzenie"],"share_on_mastodon":{"url":"https:\/\/pubeurope.com\/@pl\/117211005366929359","error":""},"_links":{"self":[{"href":"https:\/\/www.europesays.com\/pl\/wp-json\/wp\/v2\/posts\/666177","targetHints":{"allow":["GET"]}}],"collection":[{"href":"https:\/\/www.europesays.com\/pl\/wp-json\/wp\/v2\/posts"}],"about":[{"href":"https:\/\/www.europesays.com\/pl\/wp-json\/wp\/v2\/types\/post"}],"author":[{"embeddable":true,"href":"https:\/\/www.europesays.com\/pl\/wp-json\/wp\/v2\/users\/2"}],"replies":[{"embeddable":true,"href":"https:\/\/www.europesays.com\/pl\/wp-json\/wp\/v2\/comments?post=666177"}],"version-history":[{"count":0,"href":"https:\/\/www.europesays.com\/pl\/wp-json\/wp\/v2\/posts\/666177\/revisions"}],"wp:featuredmedia":[{"embeddable":true,"href":"https:\/\/www.europesays.com\/pl\/wp-json\/wp\/v2\/media\/666178"}],"wp:attachment":[{"href":"https:\/\/www.europesays.com\/pl\/wp-json\/wp\/v2\/media?parent=666177"}],"wp:term":[{"taxonomy":"category","embeddable":true,"href":"https:\/\/www.europesays.com\/pl\/wp-json\/wp\/v2\/categories?post=666177"},{"taxonomy":"post_tag","embeddable":true,"href":"https:\/\/www.europesays.com\/pl\/wp-json\/wp\/v2\/tags?post=666177"}],"curies":[{"name":"wp","href":"https:\/\/api.w.org\/{rel}","templated":true}]}}