{"id":666189,"date":"2026-09-04T05:04:14","date_gmt":"2026-09-04T05:04:14","guid":{"rendered":"https:\/\/www.europesays.com\/pl\/666189\/"},"modified":"2026-09-04T05:04:14","modified_gmt":"2026-09-04T05:04:14","slug":"kumotry-w-lodzi-lodz-nasze-miasto-11","status":"publish","type":"post","link":"https:\/\/www.europesays.com\/pl\/666189\/","title":{"rendered":"Kumotry w \u0141odzi | \u0141\u00f3d\u017a Nasze Miasto"},"content":{"rendered":"<p class=\"atomsHappeningContent__desc\">Opis: Historia przyja\u017ani kobiet zamieszkuj\u0105cych wymieraj\u0105c\u0105 polsk\u0105 wie\u015b w rumu\u0144skich Karpatach. Hanka i Bronka pochowa\u0142y ju\u017c m\u0119\u017c\u00f3w, dzieci wyjecha\u0142y za granic\u0119 w poszukiwaniu innych, lepszych perspektyw. Samodzielne i niezale\u017cne bohaterki imponuj\u0105 pogod\u0105 ducha, cho\u0107 ich rzeczywisto\u015b\u0107 nieub\u0142aganie odchodzi w przesz\u0142o\u015b\u0107. Pozostaj\u0105 wspomnienia o czasach, kt\u00f3re ju\u017c nie wr\u00f3c\u0105 \u2013 i wsp\u00f3lne stawianie czo\u0142a wyzwaniom codzienno\u015bci. Nostalgiczny obraz zachwyca bezpretensjonalnym humorem i zdj\u0119ciami, oddaj\u0105cymi urok karpackiego pog\u00f3rza. Re\u017cyserka tworzy wzruszaj\u0105cy film o pami\u0119ci, przyja\u017ani i przemijaniu. Portret bohaterek, kt\u00f3re s\u0105 dla siebie wszystkim, sk\u0142ania do przewarto\u015bciowania priorytet\u00f3w i spojrzenia na rzeczywisto\u015b\u0107 z mniej ucz\u0119szczanej strony.<br \/>Tytu\u0142 oryginalny: Kumotry<br \/>Re\u017cyser: Emilia \u015aniegoska<br \/>Scenariusz: Emilia \u015aniegoska<br \/>Gatunek: inne<br \/>Czas trwania: 70 minut<br \/>Kraj produkcji: Polska, Niemcy<br \/>Rok produkcji: 2025<br \/>Zdj\u0119cia: Ewa Radzewicz<br \/>Data premiery w Polsce: 2026-06-12<\/p>\n","protected":false},"excerpt":{"rendered":"Opis: Historia przyja\u017ani kobiet zamieszkuj\u0105cych wymieraj\u0105c\u0105 polsk\u0105 wie\u015b w rumu\u0144skich Karpatach. Hanka i Bronka pochowa\u0142y ju\u017c m\u0119\u017c\u00f3w, dzieci&hellip;\n","protected":false},"author":2,"featured_media":666190,"comment_status":"","ping_status":"","sticky":false,"template":"","format":"standard","meta":{"footnotes":"","_share_on_mastodon":"0"},"categories":[51608],"tags":[6226,68212,10195,3652,42,38,40,39,41,22920],"class_list":["post-666189","post","type-post","status-publish","format-standard","has-post-thumbnail","category-lodz","tag-bilety","tag-film-i-kino","tag-impreza","tag-lodz","tag-pl","tag-poland","tag-polish","tag-polska","tag-polski","tag-wydarzenie"],"share_on_mastodon":{"url":"https:\/\/pubeurope.com\/@pl\/117211028974537855","error":""},"_links":{"self":[{"href":"https:\/\/www.europesays.com\/pl\/wp-json\/wp\/v2\/posts\/666189","targetHints":{"allow":["GET"]}}],"collection":[{"href":"https:\/\/www.europesays.com\/pl\/wp-json\/wp\/v2\/posts"}],"about":[{"href":"https:\/\/www.europesays.com\/pl\/wp-json\/wp\/v2\/types\/post"}],"author":[{"embeddable":true,"href":"https:\/\/www.europesays.com\/pl\/wp-json\/wp\/v2\/users\/2"}],"replies":[{"embeddable":true,"href":"https:\/\/www.europesays.com\/pl\/wp-json\/wp\/v2\/comments?post=666189"}],"version-history":[{"count":0,"href":"https:\/\/www.europesays.com\/pl\/wp-json\/wp\/v2\/posts\/666189\/revisions"}],"wp:featuredmedia":[{"embeddable":true,"href":"https:\/\/www.europesays.com\/pl\/wp-json\/wp\/v2\/media\/666190"}],"wp:attachment":[{"href":"https:\/\/www.europesays.com\/pl\/wp-json\/wp\/v2\/media?parent=666189"}],"wp:term":[{"taxonomy":"category","embeddable":true,"href":"https:\/\/www.europesays.com\/pl\/wp-json\/wp\/v2\/categories?post=666189"},{"taxonomy":"post_tag","embeddable":true,"href":"https:\/\/www.europesays.com\/pl\/wp-json\/wp\/v2\/tags?post=666189"}],"curies":[{"name":"wp","href":"https:\/\/api.w.org\/{rel}","templated":true}]}}