{"id":666203,"date":"2026-09-04T05:11:11","date_gmt":"2026-09-04T05:11:11","guid":{"rendered":"https:\/\/www.europesays.com\/pl\/666203\/"},"modified":"2026-09-04T05:11:11","modified_gmt":"2026-09-04T05:11:11","slug":"wielki-triumf-chwalinskiej-i-linette-na-us-open-odprawily-legende","status":"publish","type":"post","link":"https:\/\/www.europesays.com\/pl\/666203\/","title":{"rendered":"Wielki triumf Chwali\u0144skiej i Linette na US Open. Odprawi\u0142y legend\u0119!"},"content":{"rendered":"<p>Korespondencja z Nowego Jorku<\/p>\n<p>Zwyci\u0119stwo polskiego duetu robi szczeg\u00f3lne wra\u017cenie, gdy spojrzy si\u0119 na bogaty dorobek sportowy ich rywalek. Kristina Mladenovic to \u017cywa legenda gry podw\u00f3jnej, maj\u0105ca na swoim koncie a\u017c siedem wielkoszlemowych triumf\u00f3w. Co wi\u0119cej, utytu\u0142owana Francuzka zaledwie kilka tygodni temu \u015bwi\u0119towa\u0142a zwyci\u0119stwo na trawiastych kortach Wimbledonu w 2026 r., graj\u0105c w parze w\u0142a\u015bnie z Chink\u0105 Guo.<\/p>\n<p><a href=\"https:\/\/przegladsportowy.onet.pl\/\" title=\"Strona g\u0142\u00f3wna serwisu\" aria-label=\"Strona g\u0142\u00f3wna serwisu\" data-astro-prefetch=\"tap\" class=\"ods-a-logo-main-desktop\" rel=\"nofollow noopener\" target=\"_blank\"><img src=\"https:\/\/cdn.przegladsportowy.onet.pl\/img\/Logo_desktop_Onet.svg\" class=\"ods-a-logo-main-desktop__image\" alt=\"Logo\" width=\"107\" height=\"60\" fetchpriority=\"high\" decoding=\"sync\" style=\"height:60px\"\/><\/a><\/p>\n<p class=\"ods-m-google-article__text\">Czytaj nas cz\u0119\u015bciej w Google<\/p>\n<p><a href=\"https:\/\/google.com\/preferences\/source?q=przegladsportowy.onet.pl\" target=\"_blank\" rel=\"noopener noreferrer nofollow\" aria-label=\"Dodaj w Google\" title=\"Dodaj w Google\" class=\"ods-a-button ods-a-button__primary ods-a-button__default ods-a-button-l\">Dodaj w Google<\/a>Dalszy ci\u0105g artyku\u0142u pod materia\u0142em wideoSportowa z\u0142o\u015b\u0107 Linette i Chwali\u0144skiej<\/p>\n<p>Mecz na nowojorskim betonie rozpocz\u0105\u0142 si\u0119 dla Polek od bardzo nerwowej gry punkt za punkt. O losach pierwszej partii zadecydowa\u0142 dopiero niezwykle zaci\u0119ty tie-break, w kt\u00f3rym nieznacznie lepsze okaza\u0142y si\u0119 faworytki (7-5).<\/p>\n<p>Utrata otwieraj\u0105cego seta absolutnie nie podci\u0119\u0142a jednak skrzyde\u0142 Chwali\u0144skiej i Linette. Nasze reprezentantki \u015bwietnie zareagowa\u0142y na to niepowodzenie, wyci\u0105gn\u0119\u0142y wnioski i znacz\u0105co poprawi\u0142y gr\u0119 przy siatce. W drugiej i trzeciej partii Polki przej\u0119\u0142y inicjatyw\u0119 na korcie, konsekwentnie prze\u0142amywa\u0142y wy\u017cej notowane przeciwniczki i zamkn\u0119\u0142y obie ods\u0142ony wynikiem 6:4.<\/p>\n<p>Oczekiwanie na kolejne rywalki i pora\u017cka Piter<\/p>\n<p>Po trwaj\u0105cym dok\u0142adnie dwie godziny i 33 minuty spotkaniu polskie tenisistki mog\u0105 w spokoju czeka\u0107 na wy\u0142onienie swoich kolejnych przeciwniczek. W drugiej rundzie zmierz\u0105 si\u0119 ze zwyci\u0119\u017cczyniami pojedynku pomi\u0119dzy rosyjsko-czeskim duetem Alina Korniejewa i Darja Vidmanova a w\u0119giersko-ukrai\u0144sk\u0105 par\u0105 Anna Bondar i Anhelina Kalinina.<\/p>\n<p>Mniej powod\u00f3w do rado\u015bci mia\u0142a z kolei trzecia z bia\u0142o-czerwonych. Katarzyna Piter, startuj\u0105ca w nowojorskim deblu w parze z Czeszk\u0105 Ann\u0105 Siskov\u0105, bardzo szybko po\u017cegna\u0142a si\u0119 z imprez\u0105. Ten polsko-czeski duet uleg\u0142 w pierwszej rundzie Rosjance Jelenie Pridankinej oraz Chince Qianhui Tang w dw\u00f3ch kr\u00f3tkich setach (3:6, 2:6).<\/p>\n","protected":false},"excerpt":{"rendered":"Korespondencja z Nowego Jorku Zwyci\u0119stwo polskiego duetu robi szczeg\u00f3lne wra\u017cenie, gdy spojrzy si\u0119 na bogaty dorobek sportowy ich&hellip;\n","protected":false},"author":2,"featured_media":666204,"comment_status":"","ping_status":"","sticky":false,"template":"","format":"standard","meta":{"footnotes":"","_share_on_mastodon":"0"},"categories":[24],"tags":[128177,39521,61195,252,17089,129442,4417,24610,48,46,42,38,40,39,41,47,127,126,156,22568,128178],"class_list":["post-666203","post","type-post","status-publish","format-standard","has-post-thumbnail","category-sport","tag-adshield_tst2","tag-anhelina_kalinina","tag-bottomfeed_styl","tag-iga_swiatek","tag-katarzyna_piter","tag-kristina_mladenovic","tag-magda_linette","tag-maja_chwalinska","tag-nat_styl","tag-omp","tag-pl","tag-poland","tag-polish","tag-polska","tag-polski","tag-screening_general","tag-sport","tag-sports","tag-tenis","tag-us_open","tag-wthl_off"],"share_on_mastodon":{"url":"https:\/\/pubeurope.com\/@pl\/117211056399503093","error":""},"_links":{"self":[{"href":"https:\/\/www.europesays.com\/pl\/wp-json\/wp\/v2\/posts\/666203","targetHints":{"allow":["GET"]}}],"collection":[{"href":"https:\/\/www.europesays.com\/pl\/wp-json\/wp\/v2\/posts"}],"about":[{"href":"https:\/\/www.europesays.com\/pl\/wp-json\/wp\/v2\/types\/post"}],"author":[{"embeddable":true,"href":"https:\/\/www.europesays.com\/pl\/wp-json\/wp\/v2\/users\/2"}],"replies":[{"embeddable":true,"href":"https:\/\/www.europesays.com\/pl\/wp-json\/wp\/v2\/comments?post=666203"}],"version-history":[{"count":0,"href":"https:\/\/www.europesays.com\/pl\/wp-json\/wp\/v2\/posts\/666203\/revisions"}],"wp:featuredmedia":[{"embeddable":true,"href":"https:\/\/www.europesays.com\/pl\/wp-json\/wp\/v2\/media\/666204"}],"wp:attachment":[{"href":"https:\/\/www.europesays.com\/pl\/wp-json\/wp\/v2\/media?parent=666203"}],"wp:term":[{"taxonomy":"category","embeddable":true,"href":"https:\/\/www.europesays.com\/pl\/wp-json\/wp\/v2\/categories?post=666203"},{"taxonomy":"post_tag","embeddable":true,"href":"https:\/\/www.europesays.com\/pl\/wp-json\/wp\/v2\/tags?post=666203"}],"curies":[{"name":"wp","href":"https:\/\/api.w.org\/{rel}","templated":true}]}}