{"id":666205,"date":"2026-09-04T05:12:11","date_gmt":"2026-09-04T05:12:11","guid":{"rendered":"https:\/\/www.europesays.com\/pl\/666205\/"},"modified":"2026-09-04T05:12:11","modified_gmt":"2026-09-04T05:12:11","slug":"piotr-rubik-z-okazji-58-urodzin-pochwalil-sie-fotkami-z-mlodosci-poznalibyscie-go-zdjecia","status":"publish","type":"post","link":"https:\/\/www.europesays.com\/pl\/666205\/","title":{"rendered":"Piotr Rubik z okazji 58. urodzin pochwali\u0142 si\u0119 FOTKAMI Z M\u0141ODO\u015aCI. Poznaliby\u015bcie go? (ZDJ\u0118CIA)"},"content":{"rendered":"<p>Piotr Rubik nale\u017cy do grona gwiazd, kt\u00f3re aktywnie udzielaj\u0105 si\u0119 w\u00a0sieci. Wygl\u0105da na to, \u017ce kompozytor ma ostatnio spore zami\u0142owanie do sentymentalnych podr\u00f3\u017cy w\u00a0czasie. <a href=\"https:\/\/www.pudelek.pl\/piotr-rubik-pokazal-archiwalna-fotke-z-zona-agata-byla-wtedy-brunetka-bardzo-sie-zmienili-foto-7318721309603968a\" rel=\"noopener noreferrer nofollow\" target=\"_blank\">Niedawno zachwyci\u0142 fan\u00f3w archiwaln\u0105 fotk\u0105 z\u00a0\u017con\u0105<\/a>. Teraz \u2013 z\u00a0okazji swoich 58. urodzin \u2013 poszed\u0142 o\u00a0krok dalej i\u00a0si\u0119gn\u0105\u0142 do jeszcze odleglejszej przesz\u0142o\u015bci. <\/p>\n<p>Ukochany <a href=\"https:\/\/www.pudelek.pl\/tag\/agata+rubik\/\" rel=\"noopener noreferrer nofollow\" target=\"_blank\">Agaty <\/a>zaprezentowa\u0142 na swoim profilu w\u00a0mediach spo\u0142eczno\u015bciowych ca\u0142\u0105 seri\u0119 kadr\u00f3w ze swojego dzieci\u0144stwa i\u00a0m\u0142odo\u015bci. Na czarno-bia\u0142ych uj\u0119ciach widzimy ma\u0142ego Piotrusia na r\u00f3\u017cnych etapach dorastania \u2013 od s\u0142odkiego kilkulatka z\u00a0burz\u0105 lok\u00f3w i\u00a0zawadiackim u\u015bmiechem, przez ch\u0142opca pozuj\u0105cego na kanapie w\u00a0pasiastej koszulce i\u00a0grubych oprawkach, a\u017c po zimowe wyprawy w\u00a0g\u00f3ry, gdzie m\u0142ody Rubik pozowa\u0142 w\u00a0otoczeniu majestatycznych owczark\u00f3w podhala\u0144skich.<\/p>\n<p>Trzeba przyzna\u0107, \u017ce archiwalne pere\u0142ki Piotra wywo\u0142a\u0142y u\u00a0fan\u00f3w spory entuzjazm. Pod urodzinowym postem natychmiast posypa\u0142y si\u0119 \u017cyczenia od fan\u00f3w oraz znajomych z\u00a0bran\u017cy.<\/p>\n","protected":false},"excerpt":{"rendered":"Piotr Rubik nale\u017cy do grona gwiazd, kt\u00f3re aktywnie udzielaj\u0105 si\u0119 w\u00a0sieci. Wygl\u0105da na to, \u017ce kompozytor ma ostatnio&hellip;\n","protected":false},"author":2,"featured_media":666206,"comment_status":"","ping_status":"","sticky":false,"template":"","format":"standard","meta":{"footnotes":"","_share_on_mastodon":"0"},"categories":[22],"tags":[122,42,38,40,39,41,123],"class_list":["post-666205","post","type-post","status-publish","format-standard","has-post-thumbnail","category-rozrywka","tag-entertainment","tag-pl","tag-poland","tag-polish","tag-polska","tag-polski","tag-rozrywka"],"share_on_mastodon":{"url":"","error":""},"_links":{"self":[{"href":"https:\/\/www.europesays.com\/pl\/wp-json\/wp\/v2\/posts\/666205","targetHints":{"allow":["GET"]}}],"collection":[{"href":"https:\/\/www.europesays.com\/pl\/wp-json\/wp\/v2\/posts"}],"about":[{"href":"https:\/\/www.europesays.com\/pl\/wp-json\/wp\/v2\/types\/post"}],"author":[{"embeddable":true,"href":"https:\/\/www.europesays.com\/pl\/wp-json\/wp\/v2\/users\/2"}],"replies":[{"embeddable":true,"href":"https:\/\/www.europesays.com\/pl\/wp-json\/wp\/v2\/comments?post=666205"}],"version-history":[{"count":0,"href":"https:\/\/www.europesays.com\/pl\/wp-json\/wp\/v2\/posts\/666205\/revisions"}],"wp:featuredmedia":[{"embeddable":true,"href":"https:\/\/www.europesays.com\/pl\/wp-json\/wp\/v2\/media\/666206"}],"wp:attachment":[{"href":"https:\/\/www.europesays.com\/pl\/wp-json\/wp\/v2\/media?parent=666205"}],"wp:term":[{"taxonomy":"category","embeddable":true,"href":"https:\/\/www.europesays.com\/pl\/wp-json\/wp\/v2\/categories?post=666205"},{"taxonomy":"post_tag","embeddable":true,"href":"https:\/\/www.europesays.com\/pl\/wp-json\/wp\/v2\/tags?post=666205"}],"curies":[{"name":"wp","href":"https:\/\/api.w.org\/{rel}","templated":true}]}}