{"id":666211,"date":"2026-09-04T05:15:14","date_gmt":"2026-09-04T05:15:14","guid":{"rendered":"https:\/\/www.europesays.com\/pl\/666211\/"},"modified":"2026-09-04T05:15:14","modified_gmt":"2026-09-04T05:15:14","slug":"wypadek-na-a24-kursantka-zginela-podczas-lekcji-instruktor-zabral-glos","status":"publish","type":"post","link":"https:\/\/www.europesays.com\/pl\/666211\/","title":{"rendered":"Wypadek na A24. Kursantka zgin\u0119\u0142a podczas lekcji. Instruktor zabra\u0142 g\u0142os"},"content":{"rendered":"<p>16-latka uczestniczy\u0142a w praktycznej cz\u0119\u015bci kursu. W pewnym momencie, na odcinku drogi prowadz\u0105cym w kierunku Berlina, motocykl przewr\u00f3ci\u0142 si\u0119 na mokrej nawierzchni. Nastolatka znalaz\u0142a si\u0119 na torze jazdy nadje\u017cd\u017caj\u0105cej ci\u0119\u017car\u00f3wki. Kierowca pojazdu ci\u0119\u017carowego pr\u00f3bowa\u0142 unikn\u0105\u0107 zderzenia, jednak nie zdo\u0142a\u0142 zahamowa\u0107 na czas.<\/p>\n<p>Ratownicy zostali wezwani na miejsce natychmiast po zdarzeniu, jednak obra\u017cenia dziewczyny okaza\u0142y si\u0119 \u015bmiertelne. Lekarz m\u00f3g\u0142 jedynie stwierdzi\u0107 zgon. Na kilka godzin zamkni\u0119to jezdni\u0119 prowadz\u0105c\u0105 w kierunku Berlina, aby umo\u017cliwi\u0107 prac\u0119 s\u0142u\u017cbom ratunkowym i specjalistom zabezpieczaj\u0105cym \u015blady.<\/p>\n<p><a href=\"https:\/\/www.auto-swiat.pl\/\" title=\"Strona G\u0142\u00f3wna\" aria-label=\"Strona G\u0142\u00f3wna\" data-astro-prefetch=\"tap\" class=\"ods-a-logo-main-desktop\" rel=\"nofollow noopener\" target=\"_blank\"><img src=\"https:\/\/cdn.auto-swiat.pl\/img\/Logo_desktop_Auto-Swiat.svg\" class=\"ods-a-logo-main-desktop__image\" alt=\"Logo\" width=\"47\" height=\"60\" fetchpriority=\"high\" decoding=\"sync\" style=\"height:60px\"\/><\/a><\/p>\n<p class=\"ods-m-google-article__text\">Czytaj nas cz\u0119\u015bciej w Google<\/p>\n<p><a href=\"https:\/\/google.com\/preferences\/source?q=auto-swiat.pl\" target=\"_blank\" rel=\"noopener noreferrer nofollow\" aria-label=\"Dodaj w Google\" title=\"Dodaj w Google\" class=\"ods-a-button ods-a-button__primary ods-a-button__default ods-a-button-l\">Dodaj w Google<\/a>S\u0105siad kupi\u0142 nowy chi\u0144ski motocykl za 38 tys. z\u0142<\/p>\n<p class=\"ods-o-frame-in-text__paragraph\"><a href=\"https:\/\/www.auto-swiat.pl\/wiadomosci\/aktualnosci\/chinskie-motocykle-opinie-sasiad-taki-kupil-na-sile-znalazlem-jeden-minus\/qr4qn9r\" id=\"fbd2af78-795f-43d0-a090-e42d7b98c08e\" rel=\"nofollow noopener\" target=\"_blank\">Co teraz m\u00f3wi? Kupi\u0142by jeszcze raz?<\/a><\/p>\n<p><img class=\"ods-a-photo ods-a-photo--background\" src=\"https:\/\/www.europesays.com\/pl\/wp-content\/uploads\/2026\/09\/fBSk9lBaHR0cHM6Ly9vY2RuLmV1L3B1bHNjbXMvTURBXy8yZWJhM2JmNDg5ZGY0YmZjZjQ3MWFkOGMxZDJlOWU5NS5qcGeRlQLNA.jpeg\" height=\"338\" width=\"450\" loading=\"lazy\" fetchpriority=\"low\" decoding=\"async\"\/>Instruktor by\u0142 \u015bwiadkiem tragedii na A24<\/p>\n<p>Podczas szkolenia instruktora nie by\u0142o na motocyklu. Tak wygl\u0105da standardowa nauka jazdy w przypadku kurs\u00f3w motocyklowych. Kursant jedzie samodzielnie, a instruktor porusza si\u0119 za nim samochodem, utrzymuj\u0105c kontakt radiowy. Po zdarzeniu instruktor oraz kierowca ci\u0119\u017car\u00f3wki wymagali pomocy medycznej z powodu silnego szoku.<\/p>\n<p>W rozmowie z M\u00e4rkische Allgemeine Zeitung instruktor opisa\u0142 swoje poczucie bezradno\u015bci: &#8211; Nie mo\u017cesz zrobi\u0107 absolutnie nic \u2014 powiedzia\u0142.<\/p>\n<p>Mokra nawierzchnia pozostaje jednym z najwi\u0119kszych zagro\u017ce\u0144 dla motocyklist\u00f3w<\/p>\n<p>Cho\u0107 dok\u0142adne przyczyny wypadku s\u0105 nadal analizowane przez ekspert\u00f3w, wst\u0119pne ustalenia wskazuj\u0105, \u017ce istotn\u0105 rol\u0119 mog\u0142y odegra\u0107 warunki panuj\u0105ce na drodze. Niemieckie media informowa\u0142y o mokrej nawierzchni, a policja sprawdza mi\u0119dzy innymi, w jaki spos\u00f3b przebiega\u0142 manewr w\u0142\u0105czania si\u0119 do ruchu na autostradzie.<\/p>\n<p>Dla motocyklist\u00f3w deszcz oznacza znacznie mniejszy margines b\u0142\u0119du ni\u017c dla kierowc\u00f3w samochod\u00f3w. Opony maj\u0105 mniejsz\u0105 powierzchni\u0119 kontaktu z asfaltem, a utrata przyczepno\u015bci mo\u017ce sko\u0144czy\u0107 si\u0119 przewr\u00f3ceniem pojazdu. Szczeg\u00f3lnie niebezpieczne s\u0105 pierwsze minuty po rozpocz\u0119ciu opad\u00f3w, gdy na jezdni tworzy si\u0119 \u015bliska mieszanka wody, kurzu i pozosta\u0142o\u015bci olej\u00f3w.<\/p>\n<p class=\"ods-o-frame-in-text__paragraph\">Przeczytaj te\u017c: <a data-section=\"zobacz-takze-body\" href=\"https:\/\/www.fakt.pl\/wydarzenia\/wolomin-zderzenie-skutera-z-pociagiem-to-13-latka-wezwala-pomoc\/x3q04lv\" id=\"3a413f7b-08d6-4847-aab4-212a55ff45d3\" rel=\"nofollow noopener\" target=\"_blank\">Nastolatkowie wjechali skuterem pod poci\u0105g. 14-latek zgin\u0105\u0142. &#8222;To dziewczynka wezwa\u0142a pomoc&#8221;<\/a><\/p>\n<p>\u015aledczy sprawdzaj\u0105 przebieg wypadku na A24<\/p>\n<p>Prokuratura zdecydowa\u0142a o powo\u0142aniu bieg\u0142ego, kt\u00f3ry pomo\u017ce odtworzy\u0107 przebieg wypadku. Analizowane s\u0105 mi\u0119dzy innymi \u015blady pozostawione na jezdni, stan techniczny pojazd\u00f3w oraz warunki drogowe panuj\u0105ce w chwili zdarzenia. Takie post\u0119powania mog\u0105 trwa\u0107 tygodnie, a nawet miesi\u0105ce, zanim powstanie pe\u0142ny obraz wydarze\u0144.<\/p>\n<p>Tragiczny wypadek wywo\u0142a\u0142 du\u017ce poruszenie w lokalnej spo\u0142eczno\u015bci. W mediach spo\u0142eczno\u015bciowych pojawi\u0142y si\u0119 liczne wyrazy wsp\u00f3\u0142czucia dla rodziny zmar\u0142ej nastolatki, a znajomi i mieszka\u0144cy regionu zorganizowali akcje wsparcia dla jej bliskich.<\/p>\n<p>Dalszy ci\u0105g artyku\u0142u pod materia\u0142em wideoNauka jazdy motocyklem to szczeg\u00f3lny etap<\/p>\n<p>Pierwsze miesi\u0105ce zdobywania do\u015bwiadczenia na motocyklu nale\u017c\u0105 do najbardziej ryzykownych. Pocz\u0105tkuj\u0105cy motocykli\u015bci dopiero ucz\u0105 si\u0119 reakcji maszyny podczas gwa\u0142townego hamowania, jazdy w deszczu czy manewr\u00f3w wykonywanych przy wy\u017cszych pr\u0119dko\u015bciach.<\/p>\n<p>Dlatego instruktorzy zwracaj\u0105 uwag\u0119, \u017ce nawet staranne szkolenie i przestrzeganie procedur nie pozwalaj\u0105 ca\u0142kowicie wyeliminowa\u0107 ryzyka. Motocykl pozostaje \u015brodkiem transportu, kt\u00f3ry nie zapewnia kieruj\u0105cemu takiej ochrony jak samoch\u00f3d. Jeden b\u0142\u0105d, nag\u0142a utrata przyczepno\u015bci lub splot niekorzystnych okoliczno\u015bci mog\u0105 mie\u0107 bardzo powa\u017cne konsekwencje.<\/p>\n<p>Dlaczego 16-latka jecha\u0142a na motocyklu?<\/p>\n<p>W Niemczech mo\u017cna legalnie rozpocz\u0105\u0107 kurs motocyklowy i uzyska\u0107 prawo jazdy kategorii A1 ju\u017c w wieku 16 lat. Kategoria A1 uprawnia do kierowania motocyklami o pojemno\u015bci do 125 cm\u00b3, mocy do 11 kW (15 KM) i stosunku mocy do masy do 0,1 kW\/kg.<\/p>\n<p>To w\u0142a\u015bnie dlatego informacja o 16-letniej kursantce bior\u0105cej udzia\u0142 w lekcji jazdy na motocyklu nie jest niczym nadzwyczajnym z punktu widzenia niemieckich przepis\u00f3w. W Niemczech A1 jest traktowana jako podstawowa kategoria motocyklowa dla m\u0142odych kierowc\u00f3w:<\/p>\n<ul class=\"ods-m-bullet-list\">\n<li class=\"ods-a-bullet ods-a-bullet--normal\">od 16 lat mo\u017cna zdoby\u0107 kategori\u0119 A1,<\/li>\n<li class=\"ods-a-bullet ods-a-bullet--normal\">od 18 lat kategori\u0119 A2,<\/li>\n<li class=\"ods-a-bullet ods-a-bullet--normal\">pe\u0142ne uprawnienia kategorii A s\u0105 dost\u0119pne p\u00f3\u017aniej, w zale\u017cno\u015bci od wcze\u015bniejszego do\u015bwiadczenia.<\/li>\n<\/ul>\n","protected":false},"excerpt":{"rendered":"16-latka uczestniczy\u0142a w praktycznej cz\u0119\u015bci kursu. W pewnym momencie, na odcinku drogi prowadz\u0105cym w kierunku Berlina, motocykl przewr\u00f3ci\u0142&hellip;\n","protected":false},"author":2,"featured_media":666212,"comment_status":"","ping_status":"","sticky":false,"template":"","format":"standard","meta":{"footnotes":"","_share_on_mastodon":"0"},"categories":[14],"tags":[210,7648,61195,32,33,27,34,35,60418,28,31,48,25,46,40,41,1363,47,80,29,30,26,82,83,84,2588],"class_list":["post-666211","post","type-post","status-publish","format-standard","has-post-thumbnail","category-swiat","tag-aktualnosci","tag-autostrada","tag-bottomfeed_styl","tag-breaking-news","tag-breakingnews","tag-headlines","tag-latest-news","tag-latestnews","tag-motocykle_motocyklisci","tag-naglowki","tag-najwazniejsze-artykuly","tag-nat_styl","tag-news","tag-omp","tag-polish","tag-polski","tag-prawo_jazdy","tag-screening_general","tag-swiat","tag-top-stories","tag-topstories","tag-wiadomosci","tag-world","tag-world-news","tag-worldnews","tag-wypadek"],"share_on_mastodon":{"url":"https:\/\/pubeurope.com\/@pl\/117211074014972297","error":""},"_links":{"self":[{"href":"https:\/\/www.europesays.com\/pl\/wp-json\/wp\/v2\/posts\/666211","targetHints":{"allow":["GET"]}}],"collection":[{"href":"https:\/\/www.europesays.com\/pl\/wp-json\/wp\/v2\/posts"}],"about":[{"href":"https:\/\/www.europesays.com\/pl\/wp-json\/wp\/v2\/types\/post"}],"author":[{"embeddable":true,"href":"https:\/\/www.europesays.com\/pl\/wp-json\/wp\/v2\/users\/2"}],"replies":[{"embeddable":true,"href":"https:\/\/www.europesays.com\/pl\/wp-json\/wp\/v2\/comments?post=666211"}],"version-history":[{"count":0,"href":"https:\/\/www.europesays.com\/pl\/wp-json\/wp\/v2\/posts\/666211\/revisions"}],"wp:featuredmedia":[{"embeddable":true,"href":"https:\/\/www.europesays.com\/pl\/wp-json\/wp\/v2\/media\/666212"}],"wp:attachment":[{"href":"https:\/\/www.europesays.com\/pl\/wp-json\/wp\/v2\/media?parent=666211"}],"wp:term":[{"taxonomy":"category","embeddable":true,"href":"https:\/\/www.europesays.com\/pl\/wp-json\/wp\/v2\/categories?post=666211"},{"taxonomy":"post_tag","embeddable":true,"href":"https:\/\/www.europesays.com\/pl\/wp-json\/wp\/v2\/tags?post=666211"}],"curies":[{"name":"wp","href":"https:\/\/api.w.org\/{rel}","templated":true}]}}