{"id":666219,"date":"2026-09-04T05:19:19","date_gmt":"2026-09-04T05:19:19","guid":{"rendered":"https:\/\/www.europesays.com\/pl\/666219\/"},"modified":"2026-09-04T05:19:19","modified_gmt":"2026-09-04T05:19:19","slug":"grochal-szkoda-ze-nawrocka-nie-wspomniala-o-antyaborcyjnym-prawie","status":"publish","type":"post","link":"https:\/\/www.europesays.com\/pl\/666219\/","title":{"rendered":"Grochal: Szkoda, \u017ce Nawrocka nie wspomnia\u0142a o antyaborcyjnym prawie"},"content":{"rendered":"<p>        Nawrocki lubi pozowa\u0107 na swojego ch\u0142opa<\/p>\n<p>\n        Przy dobrych wiatrach Nawrocki m\u00f3g\u0142by przebi\u0107 Trzaskowskiego. Oto urz\u0119duj\u0105cy prezydent, jako pierwszy w historii III RP, <a href=\"https:\/\/www.newsweek.pl\/polska\/polityka\/willa-prezydenta-w-juracie-obok-niej-stoi-duma-aleksandry-kwasniewskiej\/zdl3xzl\" id=\"aeccc70a-d0a8-4f64-9b81-24d813927a17\" rel=\"nofollow noopener\" target=\"_blank\">otwiera przed m\u0142odymi podwoje s\u0142ynnej rezydencji w Juracie.<\/a> Inni prezydenci mieli w zwyczaju sp\u0119dza\u0107 tu letnie urlopy, odgrodzeni szczeln\u0105 ochron\u0105 od gawiedzi, a od czasu do czasu zaprasza\u0107 do Juraty inne g\u0142owy pa\u0144stw.\n    <\/p>\n<p>\n        Za czas\u00f3w Andrzeja Dudy obywatele mogli co najwy\u017cej protestowa\u0107 przed nadmorsk\u0105 rezydencj\u0105 g\u0142owy pa\u0144stwa, kiedy w szczycie debaty nad ustawami dewastuj\u0105cymi s\u0105downictwo Duda postanowi\u0142 zaczerpn\u0105\u0107 oddechu u w\u00f3d. Nawrocki, kt\u00f3ry lubi pozowa\u0107 na swojego ch\u0142opa i podkre\u015bla\u0107 sw\u00f3j antyelitaryzm, chcia\u0142 pokaza\u0107, \u017ce jest inny od poprzednik\u00f3w. Jako ch\u0142opak z gda\u0144skiego blokowiska, kt\u00f3ry z niejednego pieca chleb jad\u0142 i w niejednej ustawce uczestniczy\u0142, otwiera drog\u0119 na salony takim jak on.\n    <\/p>\n<p>\n        Jednak trzeba przyzna\u0107, \u017ce spotkanie w Juracie mia\u0142o w sobie co\u015b z ustawki. Najbardziej mia\u0142o s\u0142u\u017cy\u0107 promocji prezydenckiej pary. Oto uczestnicy mogli wzi\u0105\u0107 udzia\u0142 w biegu z prezydentem, wypi\u0107 match\u0119 z prezydentow\u0105 i zobaczy\u0107, jak Marta Nawrocka prezentuje sztuk\u0119 samoobrony.\n    <\/p>\n<p>\n        Na koniec zaplanowano pl\u0105sy przy d\u017awi\u0119kach muzy Skolima i Kuba\u0144czyka, co mia\u0142o przypiecz\u0119towa\u0107 przedni\u0105 zabaw\u0119. Wszystko mia\u0142o \u015bwietnie wygl\u0105da\u0107 na obrazku. Dziennikarze na spotkanie nie zostali wpuszczeni (mogli co najwy\u017cej wzi\u0105\u0107 udzia\u0142 w konferencji prasowej), natomiast na Campusie Trzaskowskiego mog\u0105 wej\u015b\u0107 w ka\u017cd\u0105 dziur\u0119. Nawet na pogaw\u0119dk\u0119 z Tuskiem, na kt\u00f3rej pad\u0142o pytanie, czy premier nie powinien wreszcie \u2014 jak Kaczy\u0144ski \u2014 schowa\u0107 si\u0119 do szafy i odda\u0107 w\u0142adz\u0119 m\u0142odszym.\n    <\/p>\n<p>\n        O p\u00f3j\u015bciu na \u017cywio\u0142 w Juracie nie by\u0142o mowy. To wydarzenie mia\u0142o pokaza\u0107 prezydenta jako silnego ch\u0142opa, kt\u00f3ry si\u0119 nie wywy\u017csza, a pani\u0105 prezydentow\u0105 jako przyk\u0142adn\u0105 \u017con\u0119 i matk\u0119 o tradycyjnych zapatrywaniach na \u017cycie. I to si\u0119 uda\u0142o.\n    <\/p>\n<p>        Nawrocki jest zdolnym aktorem<\/p>\n<p>\n        Nawrocki wchodzi w nowy sezon polityczny jako lider polskiej prawicy. Nie jest nim ju\u017c <a href=\"https:\/\/www.newsweek.pl\/polska\/polityka\/jak-pis-reaguje-na-afere-zondacrypto-kaczynski-podjal-decyzje\/6e6xcl1\" id=\"8b5ec818-0e2d-4081-b641-2de19e007057\" rel=\"nofollow noopener\" target=\"_blank\">Jaros\u0142aw Kaczy\u0144ski<\/a>, mimo \u017ce posiada najwi\u0119kszy klub opozycyjny w Sejmie. Po latach dominacji po prawej stronie prezes musi si\u0119 skupi\u0107 na wymianie cios\u00f3w z Morawieckim i martwi\u0107, by obie Konfederacje na trwa\u0142e nie przeskoczy\u0142y go w sonda\u017cach. Zreszt\u0105 i sam Kaczy\u0144ski musia\u0142 pogodzi\u0107 si\u0119 z mocn\u0105 pozycj\u0105 Nawrockiego. Coraz cz\u0119\u015bciej s\u0142ycha\u0107, \u017ce chcia\u0142by, aby prezydent w\u0142\u0105czy\u0142 si\u0119 w budow\u0119 paktu senackiego prawicy, a nawet wsp\u00f3lnej listy do Sejmu. Trudno powiedzie\u0107, na ile Nawrocki b\u0119dzie potrafi\u0142 wykorzysta\u0107 sytuacj\u0119 i doprowadzi\u0107 do zjednoczenia prawicy, wszak polityczne zdolno\u015bci g\u0142owy pa\u0144stwa wci\u0105\u017c s\u0105 zagadk\u0105.\n    <\/p>\n<p>\n        Po roku prezydentury wida\u0107, \u017ce Nawrocki jest zdolnym aktorem, \u015bwietnie wyre\u017cyserowanym przez autora kilku wygranych kampanii PiS, w tym prezydenckich, <a href=\"https:\/\/www.newsweek.pl\/polska\/polityka\/pawel-szefernaker-kim-jest-strateg-kaczynskiego\/7w347v1\" id=\"68e5583c-6966-4ffd-b742-ca887016979d\" rel=\"nofollow noopener\" target=\"_blank\">Paw\u0142a Szefernakera, ksywa &#8222;SSzofer&#8221; lub &#8222;szefermacher&#8221;<\/a>, dzi\u015b szefa gabinetu Nawrockiego. Czy prezydent b\u0119dzie potrafi\u0142 samodzielnie stan\u0105\u0107 na scenie i odegra\u0107 prawdziw\u0105 pierwszoplanow\u0105 rol\u0119? To wymaga\u0142oby wyj\u015bcia poza napisany przez jego wsp\u00f3\u0142pracownik\u00f3w z PiS scenariusz rozm\u00f3w z obiema Konfederacjami, w tym Braunem, Rozwojem Plus Morawieckiego i Kaczy\u0144skim, pouk\u0142adania si\u0119 prawicy od nowa, ju\u017c pod ber\u0142em <a href=\"https:\/\/www.newsweek.pl\/polska\/polityka\/impreza-nawrockiego-w-juracie-czy-campus-polska-tusk-dostal-trudne-pytania\/rlxhsqy\" id=\"aa5b5216-602b-460f-9017-a3139e863706\" rel=\"nofollow noopener\" target=\"_blank\">Nawrockiego<\/a>.\n    <\/p>\n<p>\n        W tym sensie rozpoczynaj\u0105cy si\u0119 w\u0142a\u015bnie polityczny sezon b\u0119dzie nie tylko sprawdzianem dla Tuska i jego ekipy, ale tak\u017ce dla Nawrockiego. I to by\u0107 mo\u017ce nawet trudniejszym ni\u017c wygranie wybor\u00f3w przed rokiem. <\/p>\n","protected":false},"excerpt":{"rendered":"Nawrocki lubi pozowa\u0107 na swojego ch\u0142opa Przy dobrych wiatrach Nawrocki m\u00f3g\u0142by przebi\u0107 Trzaskowskiego. Oto urz\u0119duj\u0105cy prezydent, jako pierwszy&hellip;\n","protected":false},"author":2,"featured_media":666220,"comment_status":"","ping_status":"","sticky":false,"template":"","format":"standard","meta":{"footnotes":"","_share_on_mastodon":"0"},"categories":[62712],"tags":[101779,690,14825,1005],"class_list":["post-666219","post","type-post","status-publish","format-standard","has-post-thumbnail","category-karol-nawrocki","tag-jurata","tag-karol-nawrocki","tag-marta-nawrocka","tag-prezydent"],"share_on_mastodon":{"url":"https:\/\/pubeurope.com\/@pl\/117211087852158257","error":""},"_links":{"self":[{"href":"https:\/\/www.europesays.com\/pl\/wp-json\/wp\/v2\/posts\/666219","targetHints":{"allow":["GET"]}}],"collection":[{"href":"https:\/\/www.europesays.com\/pl\/wp-json\/wp\/v2\/posts"}],"about":[{"href":"https:\/\/www.europesays.com\/pl\/wp-json\/wp\/v2\/types\/post"}],"author":[{"embeddable":true,"href":"https:\/\/www.europesays.com\/pl\/wp-json\/wp\/v2\/users\/2"}],"replies":[{"embeddable":true,"href":"https:\/\/www.europesays.com\/pl\/wp-json\/wp\/v2\/comments?post=666219"}],"version-history":[{"count":0,"href":"https:\/\/www.europesays.com\/pl\/wp-json\/wp\/v2\/posts\/666219\/revisions"}],"wp:featuredmedia":[{"embeddable":true,"href":"https:\/\/www.europesays.com\/pl\/wp-json\/wp\/v2\/media\/666220"}],"wp:attachment":[{"href":"https:\/\/www.europesays.com\/pl\/wp-json\/wp\/v2\/media?parent=666219"}],"wp:term":[{"taxonomy":"category","embeddable":true,"href":"https:\/\/www.europesays.com\/pl\/wp-json\/wp\/v2\/categories?post=666219"},{"taxonomy":"post_tag","embeddable":true,"href":"https:\/\/www.europesays.com\/pl\/wp-json\/wp\/v2\/tags?post=666219"}],"curies":[{"name":"wp","href":"https:\/\/api.w.org\/{rel}","templated":true}]}}