{"id":666223,"date":"2026-09-04T05:24:11","date_gmt":"2026-09-04T05:24:11","guid":{"rendered":"https:\/\/www.europesays.com\/pl\/666223\/"},"modified":"2026-09-04T05:24:11","modified_gmt":"2026-09-04T05:24:11","slug":"ceny-paliw-4-wrzesnia-2026-benzyna-i-diesel-znow-drozeja","status":"publish","type":"post","link":"https:\/\/www.europesays.com\/pl\/666223\/","title":{"rendered":"Ceny paliw 4 wrze\u015bnia 2026. Benzyna i diesel zn\u00f3w dro\u017cej\u0105"},"content":{"rendered":"<p class=\"isSelectedEnd\">Ceny paliw ponownie rosn\u0105 na rynku hurtowym. 4 wrze\u015bnia Orlen podni\u00f3s\u0142 cen\u0119 Pb95 o 12,6 gr na litrze netto, a oleju nap\u0119dowego \u2013 a\u017c o 15,7 gr. To kolejny niekorzystny sygna\u0142 dla kierowc\u00f3w po zako\u0144czeniu programu Ceny Paliwa Ni\u017cej.<\/p>\n<p>Orlen podnosi ceny benzyny i diesla<\/p>\n<p class=\"isSelectedEnd\">4 wrze\u015bnia hurtowa cena benzyny Pb95 w Orlenie wynosi 6358,40 z\u0142 za 1000 litr\u00f3w netto, czyli 6,3584 z\u0142\/l. Dzie\u0144 wcze\u015bniej by\u0142o to 6232 z\u0142\/m\u00b3. Oznacza to wzrost o 12,6 gr\/l netto.<\/p>\n<p><a class=\"mg-context-link__anchor\" href=\"https:\/\/motoguru.pl\/przepisy\/fotoradar-blysnal-nie-zawsze-oznacza-to-mandat\/\" rel=\"nofollow noopener\" target=\"_blank\">Czytaj tak\u017ceFotoradar b\u0142ysn\u0105\u0142? Nie musi oznacza\u0107 to mandatu. Kamery sprawdzaj\u0105 znacznie wi\u0119cej ni\u017c pr\u0119dko\u015b\u0107<\/a><\/p>\n<p class=\"isSelectedEnd\">Jeszcze mocniej podro\u017ca\u0142 olej nap\u0119dowy. Cena ON wzros\u0142a z oko\u0142o 6916 do 7073 z\u0142\/m\u00b3 netto, czyli o 15,7 gr\/l.<\/p>\n<p>Paliwo3 wrze\u015bnia4 wrze\u015bniaZmianaPb956,2324 z\u0142\/l6,3584 z\u0142\/l+12,6 grPb987,1174 z\u0142\/l7,1424 z\u0142\/l+2,5 grON6,9160 z\u0142\/l7,0730 z\u0142\/l+15,7 grEkoterm5,4562 z\u0142\/l5,5892 z\u0142\/l+13,3 gr<\/p>\n<p class=\"isSelectedEnd\">Ceny hurtowe Orlenu podawane s\u0105 netto, za paliwo w temperaturze referencyjnej 15\u00b0C.<\/p>\n<p>To ju\u017c kolejna podwy\u017cka<\/p>\n<p class=\"isSelectedEnd\">Ruch z 4 wrze\u015bnia jest cz\u0119\u015bci\u0105 wi\u0119kszego wzrostu. Od 27 sierpnia do 4 wrze\u015bnia cena Pb95 w hurcie zwi\u0119kszy\u0142a si\u0119 z oko\u0142o 5,79 do 6,36 z\u0142\/l netto, czyli o oko\u0142o 57 gr.<\/p>\n<p><img loading=\"lazy\" decoding=\"async\" aria-describedby=\"caption-attachment-343770\" class=\"size-full wp-image-343770 lazyload\" alt=\"ceny paliw\" width=\"2050\" height=\"1400\" data-eio=\"p\" src=\"https:\/\/www.europesays.com\/pl\/wp-content\/uploads\/2026\/09\/PKN-Orlen_paliwa.jpg\"  data-max-width=\"2050\" data- data-eio-rwidth=\"2050\" data-eio-rheight=\"1400\"\/><\/p>\n<p id=\"caption-attachment-343770\" class=\"wp-caption-text\">fot. PKN Orlen<\/p>\n<p class=\"isSelectedEnd\">W przypadku ON wzrost wyni\u00f3s\u0142 oko\u0142o 55 gr\/l netto \u2013 z 6,52 do 7,07 z\u0142\/l.<\/p>\n<p>Ceny na stacjach te\u017c s\u0105 wysokie<\/p>\n<p class=\"isSelectedEnd\">Po zako\u0144czeniu programu Ceny Paliwa Ni\u017cej 31 sierpnia wr\u00f3ci\u0142a standardowa stawka 23-procentowa podatku VAT, a maksymalne ceny obowi\u0105zuj\u0105ce w ramach programu przesta\u0142y dzia\u0142a\u0107.<\/p>\n<p class=\"isSelectedEnd\">Ostatnia dost\u0119pna \u015brednia krajowa e-petrol z 2 wrze\u015bnia wynosi\u0142a:<\/p>\n<p>Paliwo\u015arednia cenaPb957,63 z\u0142\/lPb988,46 z\u0142\/lON8,39 z\u0142\/lLPG2,89 z\u0142\/l<\/p>\n<p class=\"isSelectedEnd\">To nie s\u0105 jednak \u015brednie z 4 wrze\u015bnia, lecz ostatnie dost\u0119pne og\u00f3lnopolskie notowanie.<\/p>\n<p>Czy paliwo b\u0119dzie dalej dro\u017ce\u0107?<\/p>\n<p class=\"isSelectedEnd\">Dzisiejszy wzrost cen hurtowych zwi\u0119ksza presj\u0119 na ceny przy dystrybutorach, ale nie oznacza automatycznie, \u017ce ka\u017cda stacja podniesie ceny o dok\u0142adnie tak\u0105 sam\u0105 kwot\u0119. Na ceny detaliczne wp\u0142ywaj\u0105 r\u00f3wnie\u017c mar\u017ce i lokalna konkurencja.<\/p>\n<p><a class=\"mg-context-link__anchor\" href=\"https:\/\/motoguru.pl\/przepisy\/najdluzsze-odcinkowe-pomiary-predkosci-w-polsce-top-6-opp\/\" rel=\"nofollow noopener\" target=\"_blank\">Czytaj tak\u017ceOdcinkowy pomiar pr\u0119dko\u015bci: 6 najd\u0142u\u017cszych OPP w Polsce<\/a><\/p>\n<p class=\"isSelectedEnd\">Jedno jest jednak pewne: po zako\u0144czeniu CPN ceny hurtowe nie spadaj\u0105. Przeciwnie \u2013 4 wrze\u015bnia Orlen ponownie mocno podni\u00f3s\u0142 stawki za benzyn\u0119 i diesla.<\/p>\n<p>Dla kierowc\u00f3w oznacza to, \u017ce na szybki powr\u00f3t do cen obowi\u0105zuj\u0105cych pod koniec sierpnia na razie nie ma powod\u00f3w, by liczy\u0107.<\/p>\n","protected":false},"excerpt":{"rendered":"Ceny paliw ponownie rosn\u0105 na rynku hurtowym. 4 wrze\u015bnia Orlen podni\u00f3s\u0142 cen\u0119 Pb95 o 12,6 gr na litrze&hellip;\n","protected":false},"author":2,"featured_media":666224,"comment_status":"","ping_status":"","sticky":false,"template":"","format":"standard","meta":{"footnotes":"","_share_on_mastodon":"0"},"categories":[52097],"tags":[497,5022,38182,774,46490,42,38,40,39,41],"class_list":["post-666223","post","type-post","status-publish","format-standard","has-post-thumbnail","category-orlen","tag-benzyna","tag-diesel","tag-olej-napedowy","tag-orlen","tag-pb95","tag-pl","tag-poland","tag-polish","tag-polska","tag-polski"],"share_on_mastodon":{"url":"https:\/\/pubeurope.com\/@pl\/117211107353022987","error":""},"_links":{"self":[{"href":"https:\/\/www.europesays.com\/pl\/wp-json\/wp\/v2\/posts\/666223","targetHints":{"allow":["GET"]}}],"collection":[{"href":"https:\/\/www.europesays.com\/pl\/wp-json\/wp\/v2\/posts"}],"about":[{"href":"https:\/\/www.europesays.com\/pl\/wp-json\/wp\/v2\/types\/post"}],"author":[{"embeddable":true,"href":"https:\/\/www.europesays.com\/pl\/wp-json\/wp\/v2\/users\/2"}],"replies":[{"embeddable":true,"href":"https:\/\/www.europesays.com\/pl\/wp-json\/wp\/v2\/comments?post=666223"}],"version-history":[{"count":0,"href":"https:\/\/www.europesays.com\/pl\/wp-json\/wp\/v2\/posts\/666223\/revisions"}],"wp:featuredmedia":[{"embeddable":true,"href":"https:\/\/www.europesays.com\/pl\/wp-json\/wp\/v2\/media\/666224"}],"wp:attachment":[{"href":"https:\/\/www.europesays.com\/pl\/wp-json\/wp\/v2\/media?parent=666223"}],"wp:term":[{"taxonomy":"category","embeddable":true,"href":"https:\/\/www.europesays.com\/pl\/wp-json\/wp\/v2\/categories?post=666223"},{"taxonomy":"post_tag","embeddable":true,"href":"https:\/\/www.europesays.com\/pl\/wp-json\/wp\/v2\/tags?post=666223"}],"curies":[{"name":"wp","href":"https:\/\/api.w.org\/{rel}","templated":true}]}}