{"id":666235,"date":"2026-09-04T05:31:57","date_gmt":"2026-09-04T05:31:57","guid":{"rendered":"https:\/\/www.europesays.com\/pl\/666235\/"},"modified":"2026-09-04T05:31:57","modified_gmt":"2026-09-04T05:31:57","slug":"zuzel-innpro-row-utrzyma-przewage-tak-pojada-w-poznaniu","status":"publish","type":"post","link":"https:\/\/www.europesays.com\/pl\/666235\/","title":{"rendered":"\u017bu\u017cel. Innpro ROW utrzyma przewag\u0119? Tak pojad\u0105 w Poznaniu"},"content":{"rendered":"\n<p class=\"contentpart contentpart--default contentpart--text\" data-position=\"0\">Dwa tygodnie temu, 23 sierpnia odby\u0142 si\u0119 pierwszy mecz p\u00f3\u0142fina\u0142owy Innpro ROW-u Rybnik z Hunters PS\u017b-em Pozna\u0144. W\u00f3wczas na \u015al\u0105sku lepsi byli gospodarze, kt\u00f3rzy wygrali spotkanie 48:42 i od rewan\u017cu przyst\u0105pi\u0105 z sze\u015bciopunktow\u0105 zaliczk\u0105.<\/p>\n<p class=\"contentpart contentpart--default contentpart--text\" data-position=\"1\">W niedziel\u0119 w Poznaniu rybnicki zesp\u00f3\u0142 przyst\u0105pi w niemal niezmienionym sk\u0142adzie wzgl\u0119dem pierwszego starcia. Miejscami zamienieni zostali Jesper Knudsen i Jakub Jamr\u00f3g.<\/p>\n<p>  <img decoding=\"async\" src=\"https:\/\/v.wpimg.pl\/X3dwLnN2d1IFFTpdYUl6R0ZNbgcnEHQREVV2TGEGbUtRT2MdOlZ2RBQUKABgQjQcDRotCStBd1IAAWMeIlM7VgwYIAorQAdEFFk_GCkQJQ\" alt=\"\" width=\"45\" height=\"58\" loading=\"lazy\"\/>  <\/p>\n<p class=\"contentpart contentpart--default contentpart--text\" data-position=\"2\">ZOBACZ WIDEO: &#8222;Ostrzegam&#8221;. Po s\u0142owach prezesa PGE Ekstraligi w wielu klubach mo\u017ce pojawi\u0107 si\u0119 strach<\/p>\n<p class=\"contentpart contentpart--default contentpart--text\" data-position=\"4\">W zestawieniu gospodarzy dosz\u0142o do jednej zmiany. Ostatnio kontuzjowany Kamil Witkowski znalaz\u0142 si\u0119 pod numerem czternastym.<\/p>\n<p class=\"contentpart contentpart--default contentpart--text\" data-position=\"5\">Awizowane sk\u0142ady:<\/p>\n<p class=\"contentpart contentpart--default contentpart--text\" data-position=\"6\"><a href=\"https:\/\/sportowefakty.wp.pl\/zuzel\/zks-row-rybnik\" rel=\"nofollow noopener\" target=\"_blank\">Innpro ROW Rybnik<\/a>:<br \/>1. Nicolai Klindt<br \/>2. Patryk Wojdy\u0142o<br \/>3. Jepser Knudsen<br \/>4. Jakub Jamr\u00f3g<br \/>5. Jan Kvech<br \/>6. Kacper Tkocz<br \/>7. Jakub \u017burek<\/p>\n<p class=\"contentpart contentpart--default contentpart--text\" data-position=\"7\"><a href=\"https:\/\/sportowefakty.wp.pl\/zuzel\/orzechowaosada-psz-poznan\" rel=\"nofollow noopener\" target=\"_blank\">Hunters PS\u017b Pozna\u0144<\/a>:<br \/>9. Dimitri Berge<br \/>10. Bartosz Smetka\u0142a<br \/>11. Niels Kristian Iversen<br \/>12. Kacper Pludra<br \/>13. Ryan Douglas<br \/>14. Kamil Witkowski<br \/>15. Antoni Mencel<\/p>\n<p>  <img decoding=\"async\" src=\"https:\/\/v.wpimg.pl\/X3dwLnN2d1IFFTpdYUl6R0ZNbgcnEHQREVV2TGEGbUtRT2MdOlZ2RBQUKABgQjQcDRotCStBd1IAAWMeIlM7VgwYIAorQAdEFFk_GCkQJQ\" alt=\"\" width=\"45\" height=\"58\" loading=\"lazy\"\/>  <\/p>\n<p class=\"contentpart contentpart--default contentpart--text\" data-position=\"8\">Pocz\u0105tek spotkania: 13:00<br \/>S\u0119dzia: Arkadiusz Kalwasi\u0144ski<br \/>Komisarz toru: Pawe\u0142 Stangret<br \/>Przewodnicz\u0105cy jury: Micha\u0142 Sasie\u0144<br \/>Komisarz techniczny: Krzysztof Orze\u0142<br \/>Wynik pierwszego spotkania: Rybnik 48:42 Pozna\u0144<\/p>\n","protected":false},"excerpt":{"rendered":"Dwa tygodnie temu, 23 sierpnia odby\u0142 si\u0119 pierwszy mecz p\u00f3\u0142fina\u0142owy Innpro ROW-u Rybnik z Hunters PS\u017b-em Pozna\u0144. W\u00f3wczas&hellip;\n","protected":false},"author":2,"featured_media":666236,"comment_status":"","ping_status":"","sticky":false,"template":"","format":"standard","meta":{"footnotes":"","_share_on_mastodon":"0"},"categories":[51609],"tags":[4601,1327,979,42,38,40,39,41,1817,19712,174],"class_list":["post-666235","post","type-post","status-publish","format-standard","has-post-thumbnail","category-poznan","tag-hunters-psz-poznan","tag-innpro-row-rybnik","tag-metalkas-2-ekstraliga","tag-pl","tag-poland","tag-polish","tag-polska","tag-polski","tag-poznan","tag-rybnik","tag-zuzel"],"share_on_mastodon":{"url":"https:\/\/pubeurope.com\/@pl\/117211139877639962","error":""},"_links":{"self":[{"href":"https:\/\/www.europesays.com\/pl\/wp-json\/wp\/v2\/posts\/666235","targetHints":{"allow":["GET"]}}],"collection":[{"href":"https:\/\/www.europesays.com\/pl\/wp-json\/wp\/v2\/posts"}],"about":[{"href":"https:\/\/www.europesays.com\/pl\/wp-json\/wp\/v2\/types\/post"}],"author":[{"embeddable":true,"href":"https:\/\/www.europesays.com\/pl\/wp-json\/wp\/v2\/users\/2"}],"replies":[{"embeddable":true,"href":"https:\/\/www.europesays.com\/pl\/wp-json\/wp\/v2\/comments?post=666235"}],"version-history":[{"count":0,"href":"https:\/\/www.europesays.com\/pl\/wp-json\/wp\/v2\/posts\/666235\/revisions"}],"wp:featuredmedia":[{"embeddable":true,"href":"https:\/\/www.europesays.com\/pl\/wp-json\/wp\/v2\/media\/666236"}],"wp:attachment":[{"href":"https:\/\/www.europesays.com\/pl\/wp-json\/wp\/v2\/media?parent=666235"}],"wp:term":[{"taxonomy":"category","embeddable":true,"href":"https:\/\/www.europesays.com\/pl\/wp-json\/wp\/v2\/categories?post=666235"},{"taxonomy":"post_tag","embeddable":true,"href":"https:\/\/www.europesays.com\/pl\/wp-json\/wp\/v2\/tags?post=666235"}],"curies":[{"name":"wp","href":"https:\/\/api.w.org\/{rel}","templated":true}]}}