{"id":666237,"date":"2026-09-04T05:33:24","date_gmt":"2026-09-04T05:33:24","guid":{"rendered":"https:\/\/www.europesays.com\/pl\/666237\/"},"modified":"2026-09-04T05:33:24","modified_gmt":"2026-09-04T05:33:24","slug":"odzyskany-w-lodzi-lodz-nasze-miasto-4","status":"publish","type":"post","link":"https:\/\/www.europesays.com\/pl\/666237\/","title":{"rendered":"Odzyskany w \u0141odzi | \u0141\u00f3d\u017a Nasze Miasto"},"content":{"rendered":"<p class=\"atomsHappeningContent__desc\">Opis: Janek (Filip Gur\u0142acz) to ch\u0142opak, kt\u00f3remu \u017cycie nie da\u0142o szansy na beztrosk\u0105 m\u0142odo\u015b\u0107. Porzucony przez ojca alkoholika (Andrzej Mastalerz), ka\u017cdego dnia walczy o przetrwanie i opiekuje si\u0119 ci\u0119\u017cko chor\u0105 matk\u0105 (Maria G\u0142adkowska). Aby zdoby\u0107 pieni\u0105dze na leczenie i utrzymanie domu, podejmuje coraz bardziej ryzykowne decyzje, wpadaj\u0105c w spiral\u0119 problem\u00f3w, z kt\u00f3rej coraz trudniej si\u0119 wydosta\u0107. Gdy nad jego \u017cyciem zbieraj\u0105 si\u0119 najciemniejsze chmury, a utrata wszystkiego wydaje si\u0119 nieunikniona, niespodziewanie powraca ojciec. Cz\u0142owiek, kt\u00f3ry zawi\u00f3d\u0142 najmocniej!<\/p>\n<p>Czy mo\u017cna odbudowa\u0107 relacj\u0119 zniszczon\u0105 przez lata b\u00f3lu, rozczarowa\u0144 i nieobecno\u015bci? Czy mi\u0142o\u015b\u0107 jest w stanie przetrwa\u0107 nawet najwi\u0119ksze rany?<\/p>\n<p>&#8222;Odzyskany&#8221; to poruszaj\u0105ca, pe\u0142na emocji opowie\u015b\u0107 o rodzinie, przebaczeniu i nadziei, kt\u00f3ra potrafi si\u0119 odrodzi\u0107 nawet w najbardziej beznadziejnych okoliczno\u015bciach. To historia o utraconym dzieci\u0144stwie, t\u0119sknocie za blisko\u015bci\u0105 i walce o drug\u0105 szans\u0119, zanim b\u0119dzie za p\u00f3\u017ano.<br \/>Tytu\u0142 oryginalny: Odzyskany<br \/>Re\u017cyser: Marcin Kwa\u015bny<br \/>Scenariusz: Marcin Kwa\u015bny<br \/>Gatunek: dramat<br \/>Czas trwania: 90 minut<br \/>Kraj produkcji: Polska<br \/>Rok produkcji: 2026<br \/>Muzyka: Robert Janson<br \/>Zdj\u0119cia: Janusz Dybowski<br \/>Data premiery w Polsce: 2026-08-14<\/p>\n","protected":false},"excerpt":{"rendered":"Opis: Janek (Filip Gur\u0142acz) to ch\u0142opak, kt\u00f3remu \u017cycie nie da\u0142o szansy na beztrosk\u0105 m\u0142odo\u015b\u0107. Porzucony przez ojca alkoholika&hellip;\n","protected":false},"author":2,"featured_media":666238,"comment_status":"","ping_status":"","sticky":false,"template":"","format":"standard","meta":{"footnotes":"","_share_on_mastodon":"0"},"categories":[51608],"tags":[6226,68212,10195,3652,42,38,40,39,41,22920],"class_list":["post-666237","post","type-post","status-publish","format-standard","has-post-thumbnail","category-lodz","tag-bilety","tag-film-i-kino","tag-impreza","tag-lodz","tag-pl","tag-poland","tag-polish","tag-polska","tag-polski","tag-wydarzenie"],"share_on_mastodon":{"url":"https:\/\/pubeurope.com\/@pl\/117211142849984746","error":""},"_links":{"self":[{"href":"https:\/\/www.europesays.com\/pl\/wp-json\/wp\/v2\/posts\/666237","targetHints":{"allow":["GET"]}}],"collection":[{"href":"https:\/\/www.europesays.com\/pl\/wp-json\/wp\/v2\/posts"}],"about":[{"href":"https:\/\/www.europesays.com\/pl\/wp-json\/wp\/v2\/types\/post"}],"author":[{"embeddable":true,"href":"https:\/\/www.europesays.com\/pl\/wp-json\/wp\/v2\/users\/2"}],"replies":[{"embeddable":true,"href":"https:\/\/www.europesays.com\/pl\/wp-json\/wp\/v2\/comments?post=666237"}],"version-history":[{"count":0,"href":"https:\/\/www.europesays.com\/pl\/wp-json\/wp\/v2\/posts\/666237\/revisions"}],"wp:featuredmedia":[{"embeddable":true,"href":"https:\/\/www.europesays.com\/pl\/wp-json\/wp\/v2\/media\/666238"}],"wp:attachment":[{"href":"https:\/\/www.europesays.com\/pl\/wp-json\/wp\/v2\/media?parent=666237"}],"wp:term":[{"taxonomy":"category","embeddable":true,"href":"https:\/\/www.europesays.com\/pl\/wp-json\/wp\/v2\/categories?post=666237"},{"taxonomy":"post_tag","embeddable":true,"href":"https:\/\/www.europesays.com\/pl\/wp-json\/wp\/v2\/tags?post=666237"}],"curies":[{"name":"wp","href":"https:\/\/api.w.org\/{rel}","templated":true}]}}