{"id":666253,"date":"2026-09-04T05:43:19","date_gmt":"2026-09-04T05:43:19","guid":{"rendered":"https:\/\/www.europesays.com\/pl\/666253\/"},"modified":"2026-09-04T05:43:19","modified_gmt":"2026-09-04T05:43:19","slug":"mieszkanie-marcina-tyszki-robi-piorunujace-wrazenie-mnostwo-kolorow-i-roslin-zdjecia","status":"publish","type":"post","link":"https:\/\/www.europesays.com\/pl\/666253\/","title":{"rendered":"Mieszkanie Marcina Tyszki robi PIORUNUJ\u0104CE wra\u017cenie. Mn\u00f3stwo kolor\u00f3w i ro\u015blin [ZDJ\u0118CIA]"},"content":{"rendered":"<p>Marcin Tyszka s\u0142ynie z niezwykle wyrazistego gustu, co w pe\u0142ni odzwierciedla jego warszawskie mieszkanie. Apartament artysty to absolutne zaprzeczenie sterylnego minimalizmu, kt\u00f3ry tak cz\u0119sto kr\u00f3luje w domach celebryt\u00f3w. Wn\u0119trza te stanowi\u0105 fascynuj\u0105c\u0105, maksymalistyczn\u0105 przestrze\u0144, w kt\u00f3rej kr\u00f3luje eklektyzm, ale te\u017c pop-art oraz egzotyczny blichtr.<\/p>\n","protected":false},"excerpt":{"rendered":"Marcin Tyszka s\u0142ynie z niezwykle wyrazistego gustu, co w pe\u0142ni odzwierciedla jego warszawskie mieszkanie. Apartament artysty to absolutne&hellip;\n","protected":false},"author":2,"featured_media":666254,"comment_status":"","ping_status":"","sticky":false,"template":"","format":"standard","meta":{"footnotes":"","_share_on_mastodon":"0"},"categories":[22],"tags":[122,42,38,40,39,41,123],"class_list":["post-666253","post","type-post","status-publish","format-standard","has-post-thumbnail","category-rozrywka","tag-entertainment","tag-pl","tag-poland","tag-polish","tag-polska","tag-polski","tag-rozrywka"],"share_on_mastodon":{"url":"https:\/\/pubeurope.com\/@pl\/117211182522036951","error":""},"_links":{"self":[{"href":"https:\/\/www.europesays.com\/pl\/wp-json\/wp\/v2\/posts\/666253","targetHints":{"allow":["GET"]}}],"collection":[{"href":"https:\/\/www.europesays.com\/pl\/wp-json\/wp\/v2\/posts"}],"about":[{"href":"https:\/\/www.europesays.com\/pl\/wp-json\/wp\/v2\/types\/post"}],"author":[{"embeddable":true,"href":"https:\/\/www.europesays.com\/pl\/wp-json\/wp\/v2\/users\/2"}],"replies":[{"embeddable":true,"href":"https:\/\/www.europesays.com\/pl\/wp-json\/wp\/v2\/comments?post=666253"}],"version-history":[{"count":0,"href":"https:\/\/www.europesays.com\/pl\/wp-json\/wp\/v2\/posts\/666253\/revisions"}],"wp:featuredmedia":[{"embeddable":true,"href":"https:\/\/www.europesays.com\/pl\/wp-json\/wp\/v2\/media\/666254"}],"wp:attachment":[{"href":"https:\/\/www.europesays.com\/pl\/wp-json\/wp\/v2\/media?parent=666253"}],"wp:term":[{"taxonomy":"category","embeddable":true,"href":"https:\/\/www.europesays.com\/pl\/wp-json\/wp\/v2\/categories?post=666253"},{"taxonomy":"post_tag","embeddable":true,"href":"https:\/\/www.europesays.com\/pl\/wp-json\/wp\/v2\/tags?post=666253"}],"curies":[{"name":"wp","href":"https:\/\/api.w.org\/{rel}","templated":true}]}}