{"id":666257,"date":"2026-09-04T05:45:19","date_gmt":"2026-09-04T05:45:19","guid":{"rendered":"https:\/\/www.europesays.com\/pl\/666257\/"},"modified":"2026-09-04T05:45:19","modified_gmt":"2026-09-04T05:45:19","slug":"sportowa-kolekcja-do-pilatesu-pepco-kusi-cenami","status":"publish","type":"post","link":"https:\/\/www.europesays.com\/pl\/666257\/","title":{"rendered":"Sportowa kolekcja do pilatesu. Pepco kusi cenami"},"content":{"rendered":"<p>W Pepco ruszy\u0142a nowa ods\u0142ona Hit\u00f3w tygodnia, dost\u0119pnych w sklepach w ka\u017cdy czwartek. Tym razem sie\u0107 stawia na damsk\u0105 odzie\u017c do pilatesu i treningu oraz akcesoria do \u0107wicze\u0144 w domu. Sprawdzili\u015bmy, co znalaz\u0142o si\u0119 w ofercie.<\/p>\n<p>    <img decoding=\"async\" src=\"https:\/\/www.europesays.com\/pl\/wp-content\/uploads\/2026\/09\/ZmJmMGYzdQwrDzt0dgF4GWhXby4wWHZPP093ZXZLaF16FXtwbFU8BCYIPyIpFXQKOBg9Ji4KdB0mQiw3MFUsXGUJJDQpFjsUZQgg.jpeg\" width=\"1200\" height=\"675\" loading=\"eager\" fetchpriority=\"high\" class=\"wp-media-image\" alt=\"Niedziela handlowa w Pepco. Co jest w promocji?\"\/>Promocje w Pepco<\/p>\n<p>\u0179r\u00f3d\u0142o zdj\u0119\u0107: \u00a9 Pepco Comms, CC BY-SA 4.0  via Wikimedia Commons<\/p>\n<p>  <img loading=\"lazy\" decoding=\"async\" src=\"https:\/\/www.europesays.com\/pl\/wp-content\/uploads\/2026\/09\/NWM0OWE1YTYsUjlkakpsI28KbT4sE2J1OBJ1dWoFfi95AGAxLF0rJShAIHkiQzsnLEc_eTVdYTY9WWAhdB4qPj5AIzY8His6L1Ur.jpeg\"  alt=\"Ma\u0142gorzata Badur\" height=\"40\" width=\"40\" class=\"rounded-full select-none text-[--color-gray-700] bg-[--bg-content] wp-author-avatar\"\/>Skomentuj  Udost\u0119pnij na Facebooku    Udost\u0119pnij na X   Udost\u0119pnij na WhatsApp   Kopiuj link <\/p>\n","protected":false},"excerpt":{"rendered":"W Pepco ruszy\u0142a nowa ods\u0142ona Hit\u00f3w tygodnia, dost\u0119pnych w sklepach w ka\u017cdy czwartek. Tym razem sie\u0107 stawia na&hellip;\n","protected":false},"author":2,"featured_media":666258,"comment_status":"","ping_status":"","sticky":false,"template":"","format":"standard","meta":{"footnotes":"","_share_on_mastodon":"0"},"categories":[16],"tags":[113,112,42,38,40,39,41],"class_list":["post-666257","post","type-post","status-publish","format-standard","has-post-thumbnail","category-biznes","tag-biznes","tag-business","tag-pl","tag-poland","tag-polish","tag-polska","tag-polski"],"share_on_mastodon":{"url":"https:\/\/pubeurope.com\/@pl\/117211190351745035","error":""},"_links":{"self":[{"href":"https:\/\/www.europesays.com\/pl\/wp-json\/wp\/v2\/posts\/666257","targetHints":{"allow":["GET"]}}],"collection":[{"href":"https:\/\/www.europesays.com\/pl\/wp-json\/wp\/v2\/posts"}],"about":[{"href":"https:\/\/www.europesays.com\/pl\/wp-json\/wp\/v2\/types\/post"}],"author":[{"embeddable":true,"href":"https:\/\/www.europesays.com\/pl\/wp-json\/wp\/v2\/users\/2"}],"replies":[{"embeddable":true,"href":"https:\/\/www.europesays.com\/pl\/wp-json\/wp\/v2\/comments?post=666257"}],"version-history":[{"count":0,"href":"https:\/\/www.europesays.com\/pl\/wp-json\/wp\/v2\/posts\/666257\/revisions"}],"wp:featuredmedia":[{"embeddable":true,"href":"https:\/\/www.europesays.com\/pl\/wp-json\/wp\/v2\/media\/666258"}],"wp:attachment":[{"href":"https:\/\/www.europesays.com\/pl\/wp-json\/wp\/v2\/media?parent=666257"}],"wp:term":[{"taxonomy":"category","embeddable":true,"href":"https:\/\/www.europesays.com\/pl\/wp-json\/wp\/v2\/categories?post=666257"},{"taxonomy":"post_tag","embeddable":true,"href":"https:\/\/www.europesays.com\/pl\/wp-json\/wp\/v2\/tags?post=666257"}],"curies":[{"name":"wp","href":"https:\/\/api.w.org\/{rel}","templated":true}]}}